{"id":64676,"date":"2024-11-22T08:57:55","date_gmt":"2024-11-22T13:57:55","guid":{"rendered":"https:\/\/esreviral.com\/?p=64676"},"modified":"2024-11-22T08:57:56","modified_gmt":"2024-11-22T13:57:56","slug":"jorge-macri-confirmo-la-reapertura-del-puente-de-ciudad-de-la-paz-en-caba","status":"publish","type":"post","link":"https:\/\/esreviral.com\/?p=64676","title":{"rendered":"Jorge Macri confirm\u00f3 la reapertura del puente de Ciudad de la Paz en CABA"},"content":{"rendered":"\n<p>El jefe de Gobierno de la Ciudad de Buenos Aires, Jorge Macri, anunci\u00f3 la reapertura del puente de Ciudad de la Paz, ubicado en el barrio de Palermo. \u201cEstamos cumpliendo con la reapertura del puente cerrado en diciembre pasado por la gesti\u00f3n anterior. Con esta obra de reparaci\u00f3n, que es r\u00e1pida, vamos a permitir su funcionamiento mientras avanzamos con la construcci\u00f3n definitiva\u201d, afirm\u00f3 Macri durante un encuentro con vecinos.<\/p>\n\n\n\n<p>El puente, elevado sobre las v\u00edas del ferrocarril Mitre (ramal Retiro-Jos\u00e9 Le\u00f3n Su\u00e1rez), conecta los barrios de Palermo, Colegiales y Belgrano.<\/p>\n\n\n\n<p>El 17 de enero de 2023 se cerr\u00f3 al tr\u00e1nsito vehicular y peatonal debido a riesgos de falla estructural, y se decidi\u00f3 construir un nuevo puente. Sin embargo, tras el cambio de gesti\u00f3n, el Ministerio de Infraestructura de la Ciudad realiz\u00f3 un relevamiento que concluy\u00f3 que, con ciertos trabajos, era posible habilitar nuevamente el puente para el tr\u00e1nsito de autos.<\/p>\n\n\n\n<p class=\"has-text-align-center\"><em><strong><em><strong><em><strong><em><strong><a href=\"https:\/\/t.me\/esreviral\">\u00daNETE A NUESTRO CANAL DE TELEGRAM PARA ESTAR INFORMADO<\/a><\/strong><\/em><\/strong><\/em><\/strong><\/em><\/strong><\/em><\/p>\n\n\n<div class=\"wp-block-image\">\n<figure class=\"aligncenter size-full\"><img fetchpriority=\"high\" decoding=\"async\" width=\"790\" height=\"526\" src=\"https:\/\/esreviral.com\/wp-content\/uploads\/2024\/11\/puente-ciudad-la-paz-1.webp\" alt=\"\" class=\"wp-image-64679\" srcset=\"https:\/\/esreviral.com\/wp-content\/uploads\/2024\/11\/puente-ciudad-la-paz-1.webp 790w, https:\/\/esreviral.com\/wp-content\/uploads\/2024\/11\/puente-ciudad-la-paz-1-300x200.webp 300w, https:\/\/esreviral.com\/wp-content\/uploads\/2024\/11\/puente-ciudad-la-paz-1-768x511.webp 768w\" sizes=\"(max-width: 790px) 100vw, 790px\" \/><\/figure><\/div>\n\n\n<p><\/p>\n\n\n\n<p>En una primera etapa, se busca restaurar su funcionalidad y mejorar el entorno. Est\u00e1 previsto que el puente reabra exclusivamente para tr\u00e1nsito liviano el pr\u00f3ximo 31 de marzo. Para ello, se est\u00e1n realizando tareas de reacondicionamiento de calzadas y desag\u00fces, reconstrucci\u00f3n de juntas y la instalaci\u00f3n de refuerzos met\u00e1licos para garantizar la seguridad.<\/p>\n\n\n\n<p>\u201cEstos trabajos permitir\u00e1n recuperar r\u00e1pidamente la conectividad urbana. El puente tendr\u00e1 una restricci\u00f3n de altura para evitar el ingreso de camiones pesados. Paralelamente, estamos llevando a cabo la licitaci\u00f3n para construir un puente completamente nuevo que reemplazar\u00e1 al actual\u201d, agreg\u00f3 Macri, acompa\u00f1ado por el subsecretario de Servicio al Ciudadano, Facundo Bargallo.<\/p>\n\n\n\n<p class=\"has-text-align-center\"><strong><a href=\"https:\/\/chat.whatsapp.com\/KWkTmakY3I05kNdd2oZl6d\"><em>\u00daNETE A NUESTRO GRUPO DE WHATSAPP PARA ESTAR INFORMADO<\/em><\/a><\/strong><\/p>\n\n\n\n<p><\/p>\n","protected":false},"excerpt":{"rendered":"<p>En una primera etapa la prioridad es que se vuelva a poder usar el puente y mejorar el entorno de la zona. Est\u00e1 previsto habilitarlo exclusivamente para el tr\u00e1nsito liviano a partir del 31 de marzo.<\/p>\n","protected":false},"author":3,"featured_media":64678,"comment_status":"closed","ping_status":"closed","sticky":false,"template":"","format":"standard","meta":{"jnews-multi-image_gallery":[],"jnews_single_post":{"format":"standard"},"jnews_primary_category":[],"jnews_social_meta":[],"jnews_review":[],"enable_review":"","type":"","name":"","summary":"","brand":"","sku":"","good":[],"bad":[],"score_override":"","override_value":"","rating":[],"price":[],"jnews_override_counter":[],"jnews_post_split":[],"footnotes":""},"categories":[58,59],"tags":[44,278,3423,8558,1327,45,784,20101],"class_list":["post-64676","post","type-post","status-publish","format-standard","has-post-thumbnail","hentry","category-argentina","category-politica","tag-argentina","tag-belgrano","tag-ciudad-autonoma-de-buenos-aires-2","tag-colegiales","tag-jorge-macri","tag-noticias","tag-palermo","tag-puente-de-ciudad-de-la-paz"],"amp_enabled":true,"_links":{"self":[{"href":"https:\/\/esreviral.com\/index.php?rest_route=\/wp\/v2\/posts\/64676"}],"collection":[{"href":"https:\/\/esreviral.com\/index.php?rest_route=\/wp\/v2\/posts"}],"about":[{"href":"https:\/\/esreviral.com\/index.php?rest_route=\/wp\/v2\/types\/post"}],"author":[{"embeddable":true,"href":"https:\/\/esreviral.com\/index.php?rest_route=\/wp\/v2\/users\/3"}],"replies":[{"embeddable":true,"href":"https:\/\/esreviral.com\/index.php?rest_route=%2Fwp%2Fv2%2Fcomments&post=64676"}],"version-history":[{"count":0,"href":"https:\/\/esreviral.com\/index.php?rest_route=\/wp\/v2\/posts\/64676\/revisions"}],"wp:featuredmedia":[{"embeddable":true,"href":"https:\/\/esreviral.com\/index.php?rest_route=\/wp\/v2\/media\/64678"}],"wp:attachment":[{"href":"https:\/\/esreviral.com\/index.php?rest_route=%2Fwp%2Fv2%2Fmedia&parent=64676"}],"wp:term":[{"taxonomy":"category","embeddable":true,"href":"https:\/\/esreviral.com\/index.php?rest_route=%2Fwp%2Fv2%2Fcategories&post=64676"},{"taxonomy":"post_tag","embeddable":true,"href":"https:\/\/esreviral.com\/index.php?rest_route=%2Fwp%2Fv2%2Ftags&post=64676"}],"curies":[{"name":"wp","href":"https:\/\/api.w.org\/{rel}","templated":true}]}}