{"id":64615,"date":"2024-11-21T10:48:24","date_gmt":"2024-11-21T15:48:24","guid":{"rendered":"https:\/\/esreviral.com\/?p=64615"},"modified":"2024-11-21T10:50:17","modified_gmt":"2024-11-21T15:50:17","slug":"adorni-informo-que-fue-allanado-un-inmueble-cedido-a-la-universidad-de-madres-de-plaza-de-mayo-donde-funcionaba-una-discoteca","status":"publish","type":"post","link":"https:\/\/esreviral.com\/?p=64615","title":{"rendered":"Adorni inform\u00f3 que fue allanado un inmueble cedido a la Universidad de Madres de Plaza de Mayo donde funcionaba una discoteca"},"content":{"rendered":"\n<p><strong>Manuel Adorni, Vocero Presidencial<\/strong>, inform\u00f3 hoy que la <strong>Polic\u00eda Federal<\/strong> llev\u00f3 a cabo un allanamiento en un <strong>boliche (discoteca) clandestino ubicado en un piso cedido por el Estado a la Universidad Nacional \u00abMadres de Plaza de Mayo\u00bb, que originalmente ten\u00eda fines educativos<\/strong>. En lugar de un espacio para la formaci\u00f3n, el tercer piso del inmueble estaba acondicionado con parlantes, luces, telones, barras y botellas de bebidas alcoh\u00f3licas, lo que representa \u201c<strong><em>una grave desviaci\u00f3n de los fines para los cuales la Agencia de Administraci\u00f3n de Bienes del Estado (AABE) hab\u00eda otorgado el espacio<\/em><\/strong>\u201d, adem\u00e1s de \u201cu<strong><em>na falta de respeto hacia los contribuyentes de la Rep\u00fablica Argentina<\/em><\/strong>\u201d, seg\u00fan Adorni.<\/p>\n\n\n\n<p>Durante su conferencia habitual, Adorni detall\u00f3 que <strong>el procedimiento fue realizado tras una denuncia penal presentada por el Ministerio de Justicia de la Naci\u00f3n,<\/strong> y que en los primeros dos pisos del edificio se hallaron<strong> tres organizaciones privadas<\/strong>: una sede del Partido Movimiento de Integraci\u00f3n Latinoamericana de Expresi\u00f3n Social (MILES), con banners que inclu\u00edan la frase <strong><em>&#8216;vamos a volver<\/em><\/strong>&#8216; y una imagen de la expresidenta Cristina Fern\u00e1ndez de Kirchner; la \u00abAsociaci\u00f3n de Mujeres Unidas Migrantes y Refugiadas en Argentina (AMUMRA)\u00bb, que operaba de 15:30 a 18:30; y la \u00abAsociaci\u00f3n de Haitianos viviendo en la Argentina\u00bb.<\/p>\n\n\n\n<p>Adorni destac\u00f3 que estas actividades, tanto recreativas como pol\u00edticas, se realizaban en espacios destinados por el Estado a fines educativos para la Universidad Madres de Plaza de Mayo, que en 2023 recibi\u00f3 del Ministerio de Educaci\u00f3n el equivalente a 4.500 millones de pesos, a pesar de no haber recibido estudiantes. \u00abA todos los que se divert\u00edan con la plata de los argentinos, muchachos, se les termin\u00f3 la fiesta\u00bb, agreg\u00f3.<\/p>\n\n\n\n<p class=\"has-text-align-center\"><em><strong><em><strong><em><strong><em><strong><a href=\"https:\/\/t.me\/esreviral\">\u00daNETE A NUESTRO CANAL DE TELEGRAM PARA ESTAR INFORMADO<\/a><\/strong><\/em><\/strong><\/em><\/strong><\/em><\/strong><\/em><\/p>\n\n\n\n<figure class=\"wp-block-image size-full\"><img fetchpriority=\"high\" decoding=\"async\" width=\"990\" height=\"527\" src=\"https:\/\/esreviral.com\/wp-content\/uploads\/2024\/11\/AnyConv.com__Foto-01.webp\" alt=\"\" class=\"wp-image-64617\" srcset=\"https:\/\/esreviral.com\/wp-content\/uploads\/2024\/11\/AnyConv.com__Foto-01.webp 990w, https:\/\/esreviral.com\/wp-content\/uploads\/2024\/11\/AnyConv.com__Foto-01-300x160.webp 300w, https:\/\/esreviral.com\/wp-content\/uploads\/2024\/11\/AnyConv.com__Foto-01-768x409.webp 768w\" sizes=\"(max-width: 990px) 100vw, 990px\" \/><\/figure>\n\n\n\n<p><\/p>\n\n\n\n<p>Por otro lado, el Vocero anunci\u00f3 que, a trav\u00e9s de un decreto publicado ayer en el Bolet\u00edn Oficial, <strong>los medicamentos de venta libre podr\u00e1n adquirirse directamente en las g\u00f3ndolas de las farmacias sin necesidad de solicitarlos al farmac\u00e9utico.<\/strong> Esta medida busca mejorar el acceso a mejores precios y agilizar el proceso de compra. Las farmacias tendr\u00e1n 60 d\u00edas para implementar los cambios necesarios.<\/p>\n\n\n\n<p>En cuanto a la participaci\u00f3n del<strong> Presidente Javier Milei en la Cumbre de L\u00edderes del G20 en R\u00edo de Janeiro, Brasil,<\/strong> Adorni subray\u00f3 una reuni\u00f3n bilateral con el <strong>presidente chino, Xi Jinping<\/strong>, en la que se discuti\u00f3 la ampliaci\u00f3n de relaciones comerciales. Argentina expres\u00f3 su deseo de incrementar sus exportaciones al mercado chino, compuesto por m\u00e1s de 1.400 millones de consumidores, mientras que China mostr\u00f3 inter\u00e9s en fortalecer sus intercambios comerciales con el pa\u00eds.<\/p>\n\n\n\n<p>Finalmente, Adorni destac\u00f3 la firma de un Memor\u00e1ndum de entendimiento entre el ministro de Econom\u00eda, Luis Caputo, y el ministro de Energ\u00eda brasile\u00f1o, Alexandre Silveira, para exportar gas natural de Vaca Muerta a Brasil, con una meta de 30 millones de metros c\u00fabicos diarios en los pr\u00f3ximos cinco a\u00f1os.<\/p>\n\n\n<div class=\"wp-block-image\">\n<figure class=\"aligncenter size-full\"><img decoding=\"async\" width=\"912\" height=\"517\" src=\"https:\/\/esreviral.com\/wp-content\/uploads\/2024\/11\/AnyConv.com__Foto-02.webp\" alt=\"\" class=\"wp-image-64618\" srcset=\"https:\/\/esreviral.com\/wp-content\/uploads\/2024\/11\/AnyConv.com__Foto-02.webp 912w, https:\/\/esreviral.com\/wp-content\/uploads\/2024\/11\/AnyConv.com__Foto-02-300x170.webp 300w, https:\/\/esreviral.com\/wp-content\/uploads\/2024\/11\/AnyConv.com__Foto-02-768x435.webp 768w\" sizes=\"(max-width: 912px) 100vw, 912px\" \/><\/figure><\/div>\n\n\n<p><\/p>\n\n\n\n<h3 class=\"wp-block-heading\"><strong><mark style=\"background-color:rgba(0, 0, 0, 0)\" class=\"has-inline-color has-vivid-red-color\">Relaci\u00f3n Milei-Villarruel<\/mark><\/strong><\/h3>\n\n\n\n<p>En otro momento de la conferencia, Adorni abord\u00f3 la relaci\u00f3n entre el <strong>presidente Javier Milei y la vicepresidenta Victoria Villarruel,<\/strong> luego de declaraciones recientes que generaron controversia. \u00ab<strong>Es obvio que la vicepresidenta est\u00e1 cerca de la casta, est\u00e1 con varios senadores de la casta<\/strong>\u00ab, destac\u00f3 Adorni, quien aclar\u00f3 que esto no implica que se le pida la renuncia.<\/p>\n\n\n\n<p>Respecto a las declaraciones de Milei, el vocero sostuvo que eran una \u00abdescripci\u00f3n y nada m\u00e1s\u00bb y que no ten\u00edan mayor trascendencia. Tambi\u00e9n explic\u00f3 la ausencia de Villarruel en las reuniones de gabinete, se\u00f1alando que, al haber coordinado los asuntos iniciales de la gesti\u00f3n, \u00abes razonable que las reuniones de gabinete sean solo con los ministros del Ejecutivo\u00bb.<\/p>\n\n\n\n<p class=\"has-text-align-center\"><strong><em><mark style=\"background-color:rgba(0, 0, 0, 0)\" class=\"has-inline-color has-vivid-red-color\"><a href=\"https:\/\/esreviral.com\/?p=64582\" data-type=\"link\" data-id=\"https:\/\/esreviral.com\/?p=64582\">Lea Tambi\u00e9n: Fin de la relaci\u00f3n : Milei confirm\u00f3 la ruptura con Villarruel<\/a><\/mark><\/em><\/strong><\/p>\n\n\n\n<figure class=\"wp-block-image size-large\"><img decoding=\"async\" width=\"1024\" height=\"818\" src=\"https:\/\/esreviral.com\/wp-content\/uploads\/2024\/11\/AnyConv.com__WhatsApp-Image-2024-11-21-at-12.36.49-PM-1024x818.webp\" alt=\"\" class=\"wp-image-64628\" srcset=\"https:\/\/esreviral.com\/wp-content\/uploads\/2024\/11\/AnyConv.com__WhatsApp-Image-2024-11-21-at-12.36.49-PM-1024x818.webp 1024w, https:\/\/esreviral.com\/wp-content\/uploads\/2024\/11\/AnyConv.com__WhatsApp-Image-2024-11-21-at-12.36.49-PM-300x240.webp 300w, https:\/\/esreviral.com\/wp-content\/uploads\/2024\/11\/AnyConv.com__WhatsApp-Image-2024-11-21-at-12.36.49-PM-768x613.webp 768w, https:\/\/esreviral.com\/wp-content\/uploads\/2024\/11\/AnyConv.com__WhatsApp-Image-2024-11-21-at-12.36.49-PM-1536x1227.webp 1536w, https:\/\/esreviral.com\/wp-content\/uploads\/2024\/11\/AnyConv.com__WhatsApp-Image-2024-11-21-at-12.36.49-PM-2048x1636.webp 2048w\" sizes=\"(max-width: 1024px) 100vw, 1024px\" \/><\/figure>\n\n\n\n<p><\/p>\n\n\n\n<p><strong><mark style=\"background-color:rgba(0, 0, 0, 0)\" class=\"has-inline-color has-vivid-red-color\">Puntos destacados de la conferencia:<\/mark><\/strong><\/p>\n\n\n\n<p>\u2705 \u201cDespu\u00e9s de recibir al presidente franc\u00e9s Emmanuel Macron y de participar en la Cumbre de Acci\u00f3n Conservadora, el Presidente particip\u00f3 del plenario de Jefes de Estado\u201d.<\/p>\n\n\n\n<p>\u2705 \u201cLos miembros del G20 representan el 85% del PBI mundial, m\u00e1s del 75% del comercio mundial y dos tercios de la poblaci\u00f3n mundial\u201d.<\/p>\n\n\n\n<p>\u2705 \u201cDurante la reuni\u00f3n con Xi Jinping se discuti\u00f3 la expansi\u00f3n comercial, con Argentina buscando aumentar sus exportaciones a China, un mercado de 1.400 millones de consumidores\u201d.<\/p>\n\n\n\n<p>\u2705 \u201cEn el marco del G20, el ministro Luis Caputo firm\u00f3 un acuerdo con el ministro de Energ\u00eda brasile\u00f1o para exportar gas desde Vaca Muerta a Brasil\u201d.<\/p>\n\n\n\n<p>\u2705 \u201cEl Presidente recibi\u00f3 a Giorgia Meloni, Presidenta del Consejo de Ministros de Italia, con quien comparte los valores que han sido fundamentales para Occidente\u201d.<\/p>\n\n\n\n<p>\u2705 \u201cEn relaci\u00f3n con la Vicepresidenta, sabemos que forma parte del Gobierno, aunque est\u00e9 vinculada con la \u2018casta\u2019 pol\u00edtica\u201d.<\/p>\n\n\n\n<p>\u2705 \u201cEl Presupuesto 2025 se discutir\u00e1 y se ajustar\u00e1n las partidas, pero el equilibrio fiscal no es negociable. Si se pone en riesgo, mantendremos el presupuesto del a\u00f1o anterior\u201d.<\/p>\n\n\n\n<p>\u2705 \u201cSe continuar\u00e1 asistiendo a los sectores vulnerables, con una mejora en la eficiencia para que la ayuda llegue a quienes realmente la necesitan\u201d.<\/p>\n\n\n\n<p>\u2705 \u201cNo nos vamos a dejar extorsionar ni en diciembre ni en Navidad; quien no cumpla con la ley pagar\u00e1 las consecuencias\u201d.<\/p>\n\n\n\n<p class=\"has-text-align-center\"><strong><a href=\"https:\/\/chat.whatsapp.com\/KWkTmakY3I05kNdd2oZl6d\"><em>\u00daNETE A NUESTRO GRUPO DE WHATSAPP PARA ESTAR INFORMADO<\/em><\/a><\/strong><\/p>\n","protected":false},"excerpt":{"rendered":"<p>El Ministerio de Justicia inici\u00f3 las acciones correspondientes tras el hallazgo en el edificio. \u00abEl Estado se lo hab\u00eda prestado en 2018 con fines educativos\u00bb indic\u00f3 el vocero Manuel Adorni en la conferencia.<\/p>\n","protected":false},"author":3,"featured_media":64616,"comment_status":"closed","ping_status":"closed","sticky":false,"template":"","format":"standard","meta":{"jnews-multi-image_gallery":[],"jnews_single_post":{"format":"standard"},"jnews_primary_category":[],"jnews_social_meta":[],"jnews_review":[],"enable_review":"","type":"","name":"","summary":"","brand":"","sku":"","good":[],"bad":[],"score_override":"","override_value":"","rating":[],"price":[],"jnews_override_counter":[],"jnews_post_split":[],"footnotes":""},"categories":[58,59],"tags":[14622,44,5853,12936,45,175],"class_list":["post-64615","post","type-post","status-publish","format-standard","has-post-thumbnail","hentry","category-argentina","category-politica","tag-adorni","tag-argentina","tag-madres-de-plaza-de-mayo","tag-manuel-adorni","tag-noticias","tag-seguridad"],"amp_enabled":true,"_links":{"self":[{"href":"https:\/\/esreviral.com\/index.php?rest_route=\/wp\/v2\/posts\/64615"}],"collection":[{"href":"https:\/\/esreviral.com\/index.php?rest_route=\/wp\/v2\/posts"}],"about":[{"href":"https:\/\/esreviral.com\/index.php?rest_route=\/wp\/v2\/types\/post"}],"author":[{"embeddable":true,"href":"https:\/\/esreviral.com\/index.php?rest_route=\/wp\/v2\/users\/3"}],"replies":[{"embeddable":true,"href":"https:\/\/esreviral.com\/index.php?rest_route=%2Fwp%2Fv2%2Fcomments&post=64615"}],"version-history":[{"count":0,"href":"https:\/\/esreviral.com\/index.php?rest_route=\/wp\/v2\/posts\/64615\/revisions"}],"wp:featuredmedia":[{"embeddable":true,"href":"https:\/\/esreviral.com\/index.php?rest_route=\/wp\/v2\/media\/64616"}],"wp:attachment":[{"href":"https:\/\/esreviral.com\/index.php?rest_route=%2Fwp%2Fv2%2Fmedia&parent=64615"}],"wp:term":[{"taxonomy":"category","embeddable":true,"href":"https:\/\/esreviral.com\/index.php?rest_route=%2Fwp%2Fv2%2Fcategories&post=64615"},{"taxonomy":"post_tag","embeddable":true,"href":"https:\/\/esreviral.com\/index.php?rest_route=%2Fwp%2Fv2%2Ftags&post=64615"}],"curies":[{"name":"wp","href":"https:\/\/api.w.org\/{rel}","templated":true}]}}