{"id":6451,"date":"2021-05-11T15:20:16","date_gmt":"2021-05-11T18:20:16","guid":{"rendered":"http:\/\/esreviral.com\/?p=6451"},"modified":"2021-05-11T15:20:16","modified_gmt":"2021-05-11T18:20:16","slug":"vuelve-entregrados-live","status":"publish","type":"post","link":"https:\/\/esreviral.com\/?p=6451","title":{"rendered":"Vuelve Entregrados Live"},"content":{"rendered":"\n<p>Despu\u00e9s de una espera y encierro de m\u00e1s de un a\u00f1o, Manuel \u00c1ngel Redondo y el equipo de Entregrados -el programa de entrevistas alcoholizadas que ha causado furor en Internet desde 2019- finalmente han podido volver a trabajar de manera recurrente luego de pasar atrapados en Santiago de Chile la mayor parte del a\u00f1o pasado como consecuencia de la pandemia.<\/p>\n\n\n\n<p>Con el reciente estreno de su novena temporada, grabada enteramente en Miami como nueva base de operaciones y en la que resaltan nombres de invitados como <strong>Oscarcito, Yuvanna Montalvo, Daniela Kos\u00e1n o Voz Veis<\/strong>; el <em>webshow<\/em> ha podido volver a calmar esas ansias de contenido (y alcohol) que su euf\u00f3rica audiencia estaba pidiendo desde hace bastante rato.<\/p>\n\n\n\n<p>Es por esta raz\u00f3n que el proyecto producido por El Patio Content Studio -ahora con el apoyo de Ni Tan Tarde Productions en Estados Unidos-, ha anunciado que <strong>extender\u00e1 su estad\u00eda en la ciudad para arrancar las grabaciones de una nueva temporada, ahora en su formato en vivo: \u201cEntregrados Live\u201d.<\/strong>\u00a0<\/p>\n\n\n\n<figure class=\"wp-block-image size-large\"><img decoding=\"async\" src=\"https:\/\/mail.google.com\/mail\/u\/0?ui=2&amp;ik=e534e86199&amp;attid=0.3&amp;permmsgid=msg-f:1699485203688210728&amp;th=1795c8c9dade4128&amp;view=att&amp;disp=safe&amp;realattid=f_koj9ku0b2\" alt=\"\"\/><\/figure>\n\n\n\n<p>Bajo la premisa de \u201cBeberemos todos juntos\u201d, el webshow ya ha presentado esta versi\u00f3n del proyecto -tipo late night- en la que la entrevista y conversa con los invitados transcurre frente a un p\u00fablico en vivo, que participa en los juegos y din\u00e1micas, adem\u00e1s de acompa\u00f1arlos en cantidad y ritmo con cada trago.&nbsp;<\/p>\n\n\n\n<p><strong>\u201cEntregrados Live es b\u00e1sicamente una locura que nos inventamos para darle a nuestro p\u00fablico la experiencia de participar m\u00e1s de cerca con nosotros en el programa. Son ellos los que animan la grabaci\u00f3n, los que participan en las din\u00e1micas, y quienes beben al ritmo de nuestros invitados\u2026<\/strong> Lo cual no ser\u00eda recomendable en un set de grabaci\u00f3n normal, pero no es nada que un tobo para v\u00f3mito y el Alma Llanera al final del show no puedan resolver\u201d, expres\u00f3 Manuel \u00c1ngel Redondo, host del programa, poco convencido de sus propias palabras.<\/p>\n\n\n\n<p><strong>El primer show ser\u00e1 el pr\u00f3ximo viernes 21 de mayo con V\u00edctor Drija como primer invitado<\/strong>, y el nuevo Paseo de las Artes, en el Hotel Regency, servir\u00e1 de locaci\u00f3n para lo que ser\u00e1n todas las grabaciones de esta d\u00e9cima temporada de Entregrados, de vuelta en vivo y por primera vez en Estados Unidos.<\/p>\n\n\n\n<p>Las entradas est\u00e1n a la venta desde ya en Ticketplate.com y adicionalmente, todas las grabaciones podr\u00e1n ser vistas completamente en vivo a trav\u00e9s de la plataforma Zoom de manera exclusiva para la comunidad de Patreon del proyecto en Patreon.com\/entregrados. El estreno de la temporada, libre y gratis en su canal de YouTube, est\u00e1 pautado para el mes de junio.<\/p>\n\n\n\n<figure class=\"wp-block-image size-large\"><img decoding=\"async\" src=\"https:\/\/mail.google.com\/mail\/u\/0?ui=2&amp;ik=e534e86199&amp;attid=0.1&amp;permmsgid=msg-f:1699485203688210728&amp;th=1795c8c9dade4128&amp;view=att&amp;disp=safe&amp;realattid=f_koj9ku0e3\" alt=\"\"\/><\/figure>\n\n\n\n<p><strong><span style=\"background-color:#9a1b22\" class=\"td_text_highlight_marker\">PRIMER SHOW ENTREGRADOS LIVE T10 &#8211; MIAMI<\/span><\/strong><\/p>\n\n\n\n<p>Viernes 21 de mayo &#8211; 10pm<\/p>\n\n\n\n<p>Invitado: V\u00edctor Drija<\/p>\n\n\n\n<p>Locaci\u00f3n: Paseo de las Artes (Hotel Regency Miami Airport)<\/p>\n\n\n\n<p>Entradas: Ticketplate.com\u00a0<\/p>\n\n\n\n<p class=\"has-text-align-right\"><strong><em>Prensa Se\u00f1or Luc.-<\/em><\/strong><\/p>\n","protected":false},"excerpt":{"rendered":"<p>El exitoso webshow venezolano extiende su estad\u00eda en la ciudad de Miami para volver a los escenarios con una nueva temporada de su formato \u201cLive\u201d, con p\u00fablico en vivo, que servir\u00e1 como abreboca de su esperada gira mundial, la cual fue pospuesta desde principios del 2020 por la pandemia mundial<\/p>\n","protected":false},"author":2,"featured_media":6452,"comment_status":"open","ping_status":"open","sticky":false,"template":"","format":"standard","meta":{"jnews-multi-image_gallery":[],"jnews_single_post":[],"jnews_primary_category":[],"jnews_social_meta":[],"jnews_review":[],"enable_review":"","type":"","name":"","summary":"","brand":"","sku":"","good":[],"bad":[],"score_override":"","override_value":"","rating":[],"price":[],"jnews_override_counter":[],"jnews_post_split":[],"footnotes":""},"categories":[50],"tags":[799,45,782],"class_list":["post-6451","post","type-post","status-publish","format-standard","has-post-thumbnail","hentry","category-entretenimiento","tag-entre-grados","tag-noticias","tag-venezolanos-en-miami"],"amp_enabled":true,"_links":{"self":[{"href":"https:\/\/esreviral.com\/index.php?rest_route=\/wp\/v2\/posts\/6451"}],"collection":[{"href":"https:\/\/esreviral.com\/index.php?rest_route=\/wp\/v2\/posts"}],"about":[{"href":"https:\/\/esreviral.com\/index.php?rest_route=\/wp\/v2\/types\/post"}],"author":[{"embeddable":true,"href":"https:\/\/esreviral.com\/index.php?rest_route=\/wp\/v2\/users\/2"}],"replies":[{"embeddable":true,"href":"https:\/\/esreviral.com\/index.php?rest_route=%2Fwp%2Fv2%2Fcomments&post=6451"}],"version-history":[{"count":0,"href":"https:\/\/esreviral.com\/index.php?rest_route=\/wp\/v2\/posts\/6451\/revisions"}],"wp:featuredmedia":[{"embeddable":true,"href":"https:\/\/esreviral.com\/index.php?rest_route=\/"}],"wp:attachment":[{"href":"https:\/\/esreviral.com\/index.php?rest_route=%2Fwp%2Fv2%2Fmedia&parent=6451"}],"wp:term":[{"taxonomy":"category","embeddable":true,"href":"https:\/\/esreviral.com\/index.php?rest_route=%2Fwp%2Fv2%2Fcategories&post=6451"},{"taxonomy":"post_tag","embeddable":true,"href":"https:\/\/esreviral.com\/index.php?rest_route=%2Fwp%2Fv2%2Ftags&post=6451"}],"curies":[{"name":"wp","href":"https:\/\/api.w.org\/{rel}","templated":true}]}}