{"id":6448,"date":"2021-05-11T14:53:51","date_gmt":"2021-05-11T17:53:51","guid":{"rendered":"http:\/\/esreviral.com\/?p=6448"},"modified":"2021-05-11T14:53:51","modified_gmt":"2021-05-11T17:53:51","slug":"guaido-abre-la-puerta-a-la-negociacion-con-nicolas-maduro-al-invocar-un-acuerdo-de-salvacion-nacional","status":"publish","type":"post","link":"https:\/\/esreviral.com\/?p=6448","title":{"rendered":"Guaid\u00f3 abre la puerta a la negociaci\u00f3n con Nicol\u00e1s Maduro al invocar un acuerdo de salvaci\u00f3n nacional"},"content":{"rendered":"\n<p>\u00abLlamo a todos a unirnos para reforzar la presi\u00f3n interna y la internacional y los espacios unitarios para exigir un acuerdo de salvaci\u00f3n nacional\u00bb. El presidente encargado, Juan Guaid\u00f3, ha invocado esta ma\u00f1ana, en un esperado mensaje al pa\u00eds, a lograr un acuerdo de \u00absalvaci\u00f3n nacional\u00bb, como pieza clave para avanzar cuando la oposici\u00f3n se enfrenta de nuevo a un callej\u00f3n al que no se le ve salida.<\/p>\n\n\n\n<p>\u00abLa salvaci\u00f3n de Venezuela es el objetivo: elecciones libres y justas son el paso fundamental para lograrlo y el acuerdo de salvaci\u00f3n nacional el mecanismo para alcanzarlo\u00bb, subray\u00f3 el l\u00edder opositor, que de esta forma abre la puerta a una negociaci\u00f3n con el chavismo, a sabiendas de que \u00abnadie conf\u00eda en la dictadura\u00bb.<\/p>\n\n\n\n<figure class=\"wp-block-embed-twitter wp-block-embed is-type-rich is-provider-twitter\"><div class=\"wp-block-embed__wrapper\">\n<blockquote class=\"twitter-tweet\" data-width=\"500\" data-dnt=\"true\"><p lang=\"es\" dir=\"ltr\">Nuestro objetivo es salir de la tragedia y recuperar la democracia. En eso debemos mantener el foco.<br><br>Nuestro adversario hoy es la brutal dictadura que enfrentamos.<br><br>Este es mi mensaje al pa\u00eds: <a href=\"https:\/\/t.co\/NjNH7Csu3z\">pic.twitter.com\/NjNH7Csu3z<\/a><\/p>&mdash; Juan Guaid\u00f3 (@jguaido) <a href=\"https:\/\/twitter.com\/jguaido\/status\/1392162453195218947?ref_src=twsrc%5Etfw\">May 11, 2021<\/a><\/blockquote><script async src=\"https:\/\/platform.twitter.com\/widgets.js\" charset=\"utf-8\"><\/script>\n<\/div><\/figure>\n\n\n\n<p>\u00abY esto ser\u00e1 solo posible si contamos con mayor presi\u00f3n nacional e internacional\u00bb, a\u00f1adi\u00f3 el dirigente, quien se mantiene al frente de la Asamblea Nacional (AN) leg\u00edtima de 2015, frente al Parlamento revolucionario impuesto el a\u00f1o pasado por los jerarcas chavistas.<\/p>\n\n\n\n<p>El chavismo plantea elecciones regionales y municipales para fin de a\u00f1o para atornillar a\u00fan m\u00e1s al \u00abhijo de Ch\u00e1vez\u00bb en el poder. Unos comicios en el que parte de la oposici\u00f3n democr\u00e1tica pretende participar para mantener las pocas alcald\u00edas que tienen en sus manos y sumar algunas gobernaciones.<\/p>\n\n\n\n<p>En el acuerdo de salvaci\u00f3n nacional participar\u00edan las fuerzas democr\u00e1ticas (Guaid\u00f3 cit\u00f3 al gobierno interino, la AN leg\u00edtima y la Plataforma Unitaria, que integra a 40 partidos pol\u00edticos, gremios y sociedad civil), m\u00e1s los \u00abactores que conforman y sostienen al r\u00e9gimen\u00bb, sumados ambos a la comunidad internacional, \u00abespecialmente las potencias internacionales\u00bb, en clara referencia a EEUU, Europa, Rusia y China, estas dos \u00faltimas aliadas de la revoluci\u00f3n bolivariana.<\/p>\n\n\n\n<p>En su alocuci\u00f3n, Guaid\u00f3 critic\u00f3 a quienes \u00abconspiran con la dictadura para legitimarse mutuamente como tiran\u00eda y oposici\u00f3n real\u00bb, en lo que parece un mensaje dirigido a Henrique Capriles. El excandidato presidencial pact\u00f3 con el r\u00e9gimen la conformaci\u00f3n del nuevo Consejo Nacional Electoral (CNE), que cuenta desde la semana pasada con tres militantes del chavismo y dos opositores cercanos a sus tesis.<\/p>\n","protected":false},"excerpt":{"rendered":"<p>\u00abLlamo a todos a unirnos para reforzar la presi\u00f3n interna y la internacional y los espacios unitarios para exigir un acuerdo de salvaci\u00f3n nacional\u00bb. El presidente encargado, Juan Guaid\u00f3, ha invocado esta ma\u00f1ana, en un esperado mensaje al pa\u00eds, a lograr un acuerdo de \u00absalvaci\u00f3n nacional\u00bb, como pieza clave para avanzar cuando la oposici\u00f3n se [&hellip;]<\/p>\n","protected":false},"author":2,"featured_media":6449,"comment_status":"open","ping_status":"open","sticky":false,"template":"","format":"standard","meta":{"jnews-multi-image_gallery":[],"jnews_single_post":[],"jnews_primary_category":[],"jnews_social_meta":[],"jnews_review":[],"enable_review":"","type":"","name":"","summary":"","brand":"","sku":"","good":[],"bad":[],"score_override":"","override_value":"","rating":[],"price":[],"jnews_override_counter":[],"jnews_post_split":[],"footnotes":""},"categories":[66],"tags":[154,82,45,56],"class_list":["post-6448","post","type-post","status-publish","format-standard","has-post-thumbnail","hentry","category-venezuela","tag-guaido","tag-maduro","tag-noticias","tag-venezuela"],"amp_enabled":true,"_links":{"self":[{"href":"https:\/\/esreviral.com\/index.php?rest_route=\/wp\/v2\/posts\/6448"}],"collection":[{"href":"https:\/\/esreviral.com\/index.php?rest_route=\/wp\/v2\/posts"}],"about":[{"href":"https:\/\/esreviral.com\/index.php?rest_route=\/wp\/v2\/types\/post"}],"author":[{"embeddable":true,"href":"https:\/\/esreviral.com\/index.php?rest_route=\/wp\/v2\/users\/2"}],"replies":[{"embeddable":true,"href":"https:\/\/esreviral.com\/index.php?rest_route=%2Fwp%2Fv2%2Fcomments&post=6448"}],"version-history":[{"count":0,"href":"https:\/\/esreviral.com\/index.php?rest_route=\/wp\/v2\/posts\/6448\/revisions"}],"wp:featuredmedia":[{"embeddable":true,"href":"https:\/\/esreviral.com\/index.php?rest_route=\/"}],"wp:attachment":[{"href":"https:\/\/esreviral.com\/index.php?rest_route=%2Fwp%2Fv2%2Fmedia&parent=6448"}],"wp:term":[{"taxonomy":"category","embeddable":true,"href":"https:\/\/esreviral.com\/index.php?rest_route=%2Fwp%2Fv2%2Fcategories&post=6448"},{"taxonomy":"post_tag","embeddable":true,"href":"https:\/\/esreviral.com\/index.php?rest_route=%2Fwp%2Fv2%2Ftags&post=6448"}],"curies":[{"name":"wp","href":"https:\/\/api.w.org\/{rel}","templated":true}]}}