{"id":6443,"date":"2021-05-11T13:07:38","date_gmt":"2021-05-11T16:07:38","guid":{"rendered":"http:\/\/esreviral.com\/?p=6443"},"modified":"2021-05-11T13:07:38","modified_gmt":"2021-05-11T16:07:38","slug":"argentina-aun-no-esta-preparada-para-la-copa-america","status":"publish","type":"post","link":"https:\/\/esreviral.com\/?p=6443","title":{"rendered":"Argentina a\u00fan no est\u00e1 preparada para la Copa Am\u00e9rica (+VIDEO)"},"content":{"rendered":"\n<p>El ministro de salud de la Ciudad de Buenos Aires, Fern\u00e1n Quir\u00f3s mostr\u00f3 preocupaci\u00f3n por la Copa Am\u00e9rica, ya que seg\u00fan \u00e9l, no est\u00e1n preparados a\u00fan \u00aben la Ciudad y buena parte del territorio nacional para organizar este tipo de eventos con conglomerados\u00bb. <\/p>\n\n\n\n<p>Y aunque dijo que no se pod\u00eda predecir lo c\u00f3mo estar\u00eda la situaci\u00f3n en el pa\u00eds para junio o julio, s\u00ed reiter\u00f3 su preocupaci\u00f3n. Adem\u00e1s hay posibilidades que Argentina albergue m\u00e1s juegos de los que se ten\u00edan previsto debido a la situaci\u00f3n de protestas que se vive actualmente en Colombia. <\/p>\n\n\n\n<figure class=\"wp-block-embed-youtube wp-block-embed is-type-video is-provider-youtube wp-embed-aspect-16-9 wp-has-aspect-ratio\"><div class=\"wp-block-embed__wrapper\">\n<div class=\"jeg_video_container jeg_video_content\"><iframe title=\"Autoridades sanitarias de Buenos Aires dicen no estar preparados a\u00fan para la Copa Am\u00e9rica\" width=\"500\" height=\"281\" src=\"https:\/\/www.youtube.com\/embed\/HYP8rPGQuj8?feature=oembed\" frameborder=\"0\" allow=\"accelerometer; autoplay; clipboard-write; encrypted-media; gyroscope; picture-in-picture; web-share\" referrerpolicy=\"strict-origin-when-cross-origin\" allowfullscreen><\/iframe><\/div>\n<\/div><\/figure>\n\n\n\n<p>En cuanto a <a href=\"https:\/\/esreviral.com\/2021\/05\/11\/segunda-ola-complicada-detectan-variantes-de-la-india-y-sudafrica\/\">la detecci\u00f3n de las nuevas cepas de India y Sud\u00e1frica,<\/a> manifest\u00f3 que ser\u00eda normal por la conectividad de las personas en el mundo. <\/p>\n\n\n\n<p>Tambi\u00e9n coment\u00f3 que con las medidas de restricci\u00f3n en las \u00faltimas semanas, se han disminuido los casos positivos. <\/p>\n\n\n\n<p><\/p>\n","protected":false},"excerpt":{"rendered":"<p>El ministro de salud de la Ciudad de Buenos Aires, Fern\u00e1n Quir\u00f3s mostr\u00f3 preocupaci\u00f3n por la Copa Am\u00e9rica, ya que seg\u00fan \u00e9l, no est\u00e1n preparados a\u00fan \u00aben la Ciudad y buena parte del territorio nacional para organizar este tipo de eventos con conglomerados\u00bb. Y aunque dijo que no se pod\u00eda predecir lo c\u00f3mo estar\u00eda la [&hellip;]<\/p>\n","protected":false},"author":2,"featured_media":6444,"comment_status":"open","ping_status":"open","sticky":false,"template":"","format":"standard","meta":{"jnews-multi-image_gallery":[],"jnews_single_post":[],"jnews_primary_category":[],"jnews_social_meta":[],"jnews_review":[],"enable_review":"","type":"","name":"","summary":"","brand":"","sku":"","good":[],"bad":[],"score_override":"","override_value":"","rating":[],"price":[],"jnews_override_counter":[],"jnews_post_split":[],"footnotes":""},"categories":[58,48],"tags":[589,77],"class_list":["post-6443","post","type-post","status-publish","format-standard","has-post-thumbnail","hentry","category-argentina","category-deportes","tag-copa-america","tag-coronavirus"],"amp_enabled":true,"_links":{"self":[{"href":"https:\/\/esreviral.com\/index.php?rest_route=\/wp\/v2\/posts\/6443"}],"collection":[{"href":"https:\/\/esreviral.com\/index.php?rest_route=\/wp\/v2\/posts"}],"about":[{"href":"https:\/\/esreviral.com\/index.php?rest_route=\/wp\/v2\/types\/post"}],"author":[{"embeddable":true,"href":"https:\/\/esreviral.com\/index.php?rest_route=\/wp\/v2\/users\/2"}],"replies":[{"embeddable":true,"href":"https:\/\/esreviral.com\/index.php?rest_route=%2Fwp%2Fv2%2Fcomments&post=6443"}],"version-history":[{"count":0,"href":"https:\/\/esreviral.com\/index.php?rest_route=\/wp\/v2\/posts\/6443\/revisions"}],"wp:featuredmedia":[{"embeddable":true,"href":"https:\/\/esreviral.com\/index.php?rest_route=\/"}],"wp:attachment":[{"href":"https:\/\/esreviral.com\/index.php?rest_route=%2Fwp%2Fv2%2Fmedia&parent=6443"}],"wp:term":[{"taxonomy":"category","embeddable":true,"href":"https:\/\/esreviral.com\/index.php?rest_route=%2Fwp%2Fv2%2Fcategories&post=6443"},{"taxonomy":"post_tag","embeddable":true,"href":"https:\/\/esreviral.com\/index.php?rest_route=%2Fwp%2Fv2%2Ftags&post=6443"}],"curies":[{"name":"wp","href":"https:\/\/api.w.org\/{rel}","templated":true}]}}