{"id":6437,"date":"2021-05-11T11:43:17","date_gmt":"2021-05-11T14:43:17","guid":{"rendered":"http:\/\/esreviral.com\/?p=6437"},"modified":"2021-05-11T11:43:17","modified_gmt":"2021-05-11T14:43:17","slug":"protestas-mantienen-congestionada-la-ciudad-de-buenos-aires","status":"publish","type":"post","link":"https:\/\/esreviral.com\/?p=6437","title":{"rendered":"Protestas mantienen congestionada la Ciudad de Buenos Aires"},"content":{"rendered":"\n<p>Este martes se han generado una serie de protestas en la Ciudad de Buenos Aires, una de las principales mantiene cerrada la entrada a la capital argentina en el puente Pueyrred\u00f3n donde se encuentran los choferes autoconvocados de distintas l\u00edneas. <\/p>\n\n\n\n<p>Reclaman mayor seguridad, salarios al d\u00eda, \u00abno queremos morir de hambre, si ganan ellos ganamos todos\u00bb, expres\u00f3 Andrea Lanzette, docente y miembro de ANCLA-MST.<\/p>\n\n\n\n<figure class=\"wp-block-embed-twitter wp-block-embed is-type-rich is-provider-twitter\"><div class=\"wp-block-embed__wrapper\">\n<blockquote class=\"twitter-tweet\" data-width=\"500\" data-dnt=\"true\"><p lang=\"es\" dir=\"ltr\">Corte en Puente Pueyrred\u00f3n de choferes autoconvocados de distintas l\u00edneas. <br><br>\ud83d\udde3\ufe0f Andrea Lanzette, docente y miembro de ANCLA-MST, suma su apoyo a la lucha!  <a href=\"https:\/\/t.co\/gNPZ9Wog9z\">pic.twitter.com\/gNPZ9Wog9z<\/a> info <a href=\"https:\/\/twitter.com\/PeriodismoDeIzq?ref_src=twsrc%5Etfw\">@PeriodismoDeIzq<\/a> <a href=\"https:\/\/t.co\/OwNUOgGoJX\">https:\/\/t.co\/OwNUOgGoJX<\/a><\/p>&mdash; Solo Tr\u00e1nsito\u2197 (@solotransito) <a href=\"https:\/\/twitter.com\/solotransito\/status\/1392122474914009089?ref_src=twsrc%5Etfw\">May 11, 2021<\/a><\/blockquote><script async src=\"https:\/\/platform.twitter.com\/widgets.js\" charset=\"utf-8\"><\/script>\n<\/div><\/figure>\n\n\n\n<p>Entre tanto en Corrientes y Callao un grupo de ciudadanos tambi\u00e9n protestan para exigir una vacunaci\u00f3n m\u00e1s expedita para todos. <\/p>\n","protected":false},"excerpt":{"rendered":"<p>Este martes se han generado una serie de protestas en la Ciudad de Buenos Aires, una de las principales mantiene cerrada la entrada a la capital argentina en el puente Pueyrred\u00f3n donde se encuentran los choferes autoconvocados de distintas l\u00edneas. Reclaman mayor seguridad, salarios al d\u00eda, \u00abno queremos morir de hambre, si ganan ellos ganamos [&hellip;]<\/p>\n","protected":false},"author":2,"featured_media":6438,"comment_status":"open","ping_status":"open","sticky":false,"template":"","format":"standard","meta":{"jnews-multi-image_gallery":[],"jnews_single_post":[],"jnews_primary_category":[],"jnews_social_meta":[],"jnews_review":[],"enable_review":"","type":"","name":"","summary":"","brand":"","sku":"","good":[],"bad":[],"score_override":"","override_value":"","rating":[],"price":[],"jnews_override_counter":[],"jnews_post_split":[],"footnotes":""},"categories":[43,58],"tags":[124,77,45,774],"class_list":["post-6437","post","type-post","status-publish","format-standard","has-post-thumbnail","hentry","category-actualidad","category-argentina","tag-buenos-aires","tag-coronavirus","tag-noticias","tag-protestas"],"amp_enabled":true,"_links":{"self":[{"href":"https:\/\/esreviral.com\/index.php?rest_route=\/wp\/v2\/posts\/6437"}],"collection":[{"href":"https:\/\/esreviral.com\/index.php?rest_route=\/wp\/v2\/posts"}],"about":[{"href":"https:\/\/esreviral.com\/index.php?rest_route=\/wp\/v2\/types\/post"}],"author":[{"embeddable":true,"href":"https:\/\/esreviral.com\/index.php?rest_route=\/wp\/v2\/users\/2"}],"replies":[{"embeddable":true,"href":"https:\/\/esreviral.com\/index.php?rest_route=%2Fwp%2Fv2%2Fcomments&post=6437"}],"version-history":[{"count":0,"href":"https:\/\/esreviral.com\/index.php?rest_route=\/wp\/v2\/posts\/6437\/revisions"}],"wp:featuredmedia":[{"embeddable":true,"href":"https:\/\/esreviral.com\/index.php?rest_route=\/"}],"wp:attachment":[{"href":"https:\/\/esreviral.com\/index.php?rest_route=%2Fwp%2Fv2%2Fmedia&parent=6437"}],"wp:term":[{"taxonomy":"category","embeddable":true,"href":"https:\/\/esreviral.com\/index.php?rest_route=%2Fwp%2Fv2%2Fcategories&post=6437"},{"taxonomy":"post_tag","embeddable":true,"href":"https:\/\/esreviral.com\/index.php?rest_route=%2Fwp%2Fv2%2Ftags&post=6437"}],"curies":[{"name":"wp","href":"https:\/\/api.w.org\/{rel}","templated":true}]}}