{"id":64270,"date":"2024-11-15T07:29:47","date_gmt":"2024-11-15T12:29:47","guid":{"rendered":"https:\/\/esreviral.com\/?p=64270"},"modified":"2024-11-15T07:29:48","modified_gmt":"2024-11-15T12:29:48","slug":"donald-trump-felicito-a-javier-milei-el-trabajo-que-hiciste-por-la-argentina-es-increible","status":"publish","type":"post","link":"https:\/\/esreviral.com\/?p=64270","title":{"rendered":"Donald Trump felicit\u00f3 a Javier Milei: \u201cEl trabajo que hiciste por la Argentina es incre\u00edble\u201d"},"content":{"rendered":"\n<p>El presidente argentino, <strong>Javier Milei<\/strong>, se reuni\u00f3 con el presidente electo de Estados Unidos, <strong>Donald Trump<\/strong>, durante un evento organizado por el <strong>America First Policy Institute<\/strong> en la residencia Mar-a-Lago, Florida. Ambos l\u00edderes compartieron una conversaci\u00f3n informal de aproximadamente 20 minutos en la que discutieron temas relacionados con la pol\u00edtica global y las \u00abideas de la libertad\u00bb<\/p>\n\n\n\n<h3 class=\"wp-block-heading\"><strong><mark style=\"background-color:rgba(0, 0, 0, 0)\" class=\"has-inline-color has-vivid-red-color\">Palabras de reconocimiento y afinidad pol\u00edtica<\/mark><\/strong><\/h3>\n\n\n\n<p><\/p>\n\n\n\n<p><strong><mark style=\"background-color:rgba(0, 0, 0, 0)\" class=\"has-inline-color has-vivid-red-color\">Trump elogi\u00f3 a Milei en su discurso:<\/mark><\/strong><\/p>\n\n\n\n<blockquote class=\"wp-block-quote is-layout-flow wp-block-quote-is-layout-flow\">\n<p>\u201c<strong><em>Javier, quiero felicitarte por el trabajo que hiciste con Argentina. Tu discurso fue hermoso, pero el trabajo que est\u00e1s realizando es incre\u00edble. Hacer a la Argentina grande de nuevo<\/em><\/strong>\u201d.<\/p>\n<\/blockquote>\n\n\n\n<p><strong><mark style=\"background-color:rgba(0, 0, 0, 0)\" class=\"has-inline-color has-vivid-red-color\">Por su parte, Milei celebr\u00f3 el triunfo de Trump en las elecciones presidenciales:<\/mark><\/strong><\/p>\n\n\n\n<blockquote class=\"wp-block-quote is-layout-flow wp-block-quote-is-layout-flow\">\n<p>\u201c<strong><em>Quiero felicitar al Presidente electo por su contundente victoria. Fue la remontada pol\u00edtica m\u00e1s grande de la historia, enfrentando al establishment y poniendo en riesgo su propia vida. Hoy el mundo es mejor porque soplan vientos de libertad m\u00e1s fuertes<\/em><\/strong>\u201d.<\/p>\n<\/blockquote>\n\n\n\n<p>Adem\u00e1s, Milei agradeci\u00f3 a Trump por la invitaci\u00f3n y la oportunidad de participar en un evento tan significativo:<\/p>\n\n\n\n<blockquote class=\"wp-block-quote is-layout-flow wp-block-quote-is-layout-flow\">\n<p>\u201c<strong><em>Hablar frente a verdaderos gigantes es un honor. Gracias por hacerme parte de este encuentro tan importante<\/em><\/strong>\u201d.<\/p>\n\n\n\n<p class=\"has-text-align-center\"><em><strong><em><strong><em><strong><em><strong><a href=\"https:\/\/t.me\/esreviral\">\u00daNETE A NUESTRO CANAL DE TELEGRAM PARA ESTAR INFORMADO<\/a><\/strong><\/em><\/strong><\/em><\/strong><\/em><\/strong><\/em><\/p>\n<\/blockquote>\n\n\n\n<figure class=\"wp-block-image size-large\"><img decoding=\"async\" src=\"https:\/\/tn.com.ar\/resizer\/v2\/trump-y-milei-charlaron-durante-varios-minutos-en-mar-a-lago-foto-casa-rosada-PSZRWRTXBNBY7LJMQBZADOTVPI.jpeg?auth=60b444988dcaff0dfcea1ee0b0b3727635ae780817941933229ac35d6f24bd08&amp;width=1440\" alt=\"\"\/><\/figure>\n\n\n\n<p><\/p>\n\n\n\n<h3 class=\"wp-block-heading\"><strong><mark style=\"background-color:rgba(0, 0, 0, 0)\" class=\"has-inline-color has-vivid-red-color\">La delegaci\u00f3n argentina y un encuentro con Elon Musk<\/mark><\/strong><\/h3>\n\n\n\n<p><\/p>\n\n\n\n<p>El mandatario argentino asisti\u00f3 al evento acompa\u00f1ado por su hermana y secretaria general de la Presidencia, <strong>Karina Milei<\/strong>, y el canciller <strong>Gerardo Werthein<\/strong>. Durante la velada, <strong>Elon Musk<\/strong>, CEO de Tesla, SpaceX y X, destac\u00f3 el rol de Milei en la pol\u00edtica internacional. Musk incluso brome\u00f3 mencionando la \u201cmotosierra\u201d del presidente argentino, en alusi\u00f3n a sus reformas econ\u00f3micas.<\/p>\n\n\n\n<p>Musk, quien estar\u00e1 a cargo del Departamento de Eficiencia Gubernamental en la nueva administraci\u00f3n de Trump, pos\u00f3 para fotograf\u00edas con Milei, su equipo y Trump. Desde la Casa Rosada se espera que este v\u00ednculo impulse posibles inversiones del empresario en Argentina.<\/p>\n\n\n\n<h3 class=\"wp-block-heading\"><strong><mark style=\"background-color:rgba(0, 0, 0, 0)\" class=\"has-inline-color has-vivid-red-color\">Temas centrales del encuentro<\/mark><\/strong><\/h3>\n\n\n\n<p><\/p>\n\n\n\n<figure class=\"wp-block-image size-large\"><img decoding=\"async\" src=\"https:\/\/tn.com.ar\/resizer\/v2\/javier-milei-fue-uno-de-los-oradores-de-la-gala-del-america-first-policy-institute-en-mar-a-lago-foto-afpjoe-raedle-XOMUGJJNPJCARGW4ZNFMNV6MZU.jpg?auth=84cfe8904f0d867aa73afd815114408e18451d477d585d996c556ae740c545c7&amp;width=1440\" alt=\"\"\/><\/figure>\n\n\n\n<p><\/p>\n\n\n\n<ul class=\"wp-block-list\">\n<li><strong>Reformas econ\u00f3micas argentinas<\/strong>: recortes de gastos del Estado, equilibrio fiscal y desregulaci\u00f3n.<\/li>\n\n\n\n<li><strong>Elecciones en Estados Unidos<\/strong>: Trump destac\u00f3 que su victoria en el voto popular y en el Colegio Electoral demuestra un cambio profundo en la sociedad norteamericana.<\/li>\n<\/ul>\n\n\n\n<p><\/p>\n\n\n\n<p>El <strong>canciller Werthein<\/strong> afirm\u00f3 que el encuentro marc\u00f3 un hito en las relaciones bilaterales:<\/p>\n\n\n\n<blockquote class=\"wp-block-quote is-layout-flow wp-block-quote-is-layout-flow\">\n<p>\u201c<strong><em>Se plantaron las bases para una relaci\u00f3n s\u00f3lida entre dos pa\u00edses amigos, prometiendo enormes oportunidades para Argentina<\/em><\/strong>\u201d.<\/p>\n\n\n\n<p><strong><mark style=\"background-color:rgba(0, 0, 0, 0)\" class=\"has-inline-color has-vivid-red-color\">Un momento inesperado: Stallone y Milei<\/mark><\/strong><\/p>\n\n\n\n<p>Durante el evento, Milei tuvo un c\u00e1lido intercambio con el actor <strong>Sylvester Stallone<\/strong>, quien fue el encargado de presentar a Trump en el acto. Stallone no escatim\u00f3 en elogios hacia el magnate:<\/p>\n\n\n\n<p>\u201c<strong><em>Estamos ante un personaje m\u00edtico. Este individuo no existe en este planeta. Es nuestro George Washington moderno<\/em><\/strong>\u201d.<\/p>\n\n\n\n<p>Milei comparti\u00f3 su emoci\u00f3n en redes sociales al posar junto a Stallone, Trump y su hermana Karina, destacando el car\u00e1cter especial del encuentro.<\/p>\n\n\n\n<p><strong><mark style=\"background-color:rgba(0, 0, 0, 0)\" class=\"has-inline-color has-vivid-red-color\">Una relaci\u00f3n en construcci\u00f3n<\/mark><\/strong><\/p>\n\n\n\n<p>El encuentro no solo estrech\u00f3 los lazos entre Milei y Trump, sino que tambi\u00e9n proyect\u00f3 una visi\u00f3n de colaboraci\u00f3n estrat\u00e9gica entre ambos pa\u00edses, fundamentada en los ideales de libertad econ\u00f3mica y pol\u00edtica. La Casa Rosada asegur\u00f3 que Trump ve en Milei un aliado clave y un ejemplo de liderazgo para la regi\u00f3n.<\/p>\n\n\n\n<p class=\"has-text-align-center\"><strong><a href=\"https:\/\/chat.whatsapp.com\/KWkTmakY3I05kNdd2oZl6d\"><em>\u00daNETE A NUESTRO GRUPO DE WHATSAPP PARA ESTAR INFORMADO<\/em><\/a><\/strong><\/p>\n<\/blockquote>\n\n\n\n<figure class=\"wp-block-image size-large\"><img decoding=\"async\" src=\"https:\/\/tn.com.ar\/resizer\/v2\/la-casa-rosada-destaco-el-buen-vinculo-entre-los-milei-y-donald-trump-foto-casa-rosada-BUYC77GZ5RA7FGD7HRBSIW4EPY.jpeg?auth=6f0a979b3e478197b440b8e056da95e4112272be54168abf296a6112a785c406&amp;width=1440\" alt=\"\"\/><\/figure>\n","protected":false},"excerpt":{"rendered":"<p>El Presidente se encuentra en Estados Unidos para participar de la Conferencia de Acci\u00f3n Pol\u00edtica Conservadora (CPAC), reunirse con empresarios y fortalecer su v\u00ednculo con el futuro jefe de Estado norteamericano. \u201cVamos a plantar bien alto las ideas de la libertad\u201d, remarc\u00f3.<\/p>\n","protected":false},"author":3,"featured_media":64271,"comment_status":"closed","ping_status":"closed","sticky":false,"template":"","format":"standard","meta":{"jnews-multi-image_gallery":[],"jnews_single_post":{"format":"standard"},"jnews_primary_category":[],"jnews_social_meta":[],"jnews_review":[],"enable_review":"","type":"","name":"","summary":"","brand":"","sku":"","good":[],"bad":[],"score_override":"","override_value":"","rating":[],"price":[],"jnews_override_counter":[],"jnews_post_split":[],"footnotes":""},"categories":[88,59],"tags":[44,2088,1889,136,1158,14381,45],"class_list":["post-64270","post","type-post","status-publish","format-standard","has-post-thumbnail","hentry","category-internacionales","category-politica","tag-argentina","tag-donald-trump","tag-elon-musk","tag-estados-unidos","tag-javier-milei","tag-karina-milei","tag-noticias"],"amp_enabled":true,"_links":{"self":[{"href":"https:\/\/esreviral.com\/index.php?rest_route=\/wp\/v2\/posts\/64270"}],"collection":[{"href":"https:\/\/esreviral.com\/index.php?rest_route=\/wp\/v2\/posts"}],"about":[{"href":"https:\/\/esreviral.com\/index.php?rest_route=\/wp\/v2\/types\/post"}],"author":[{"embeddable":true,"href":"https:\/\/esreviral.com\/index.php?rest_route=\/wp\/v2\/users\/3"}],"replies":[{"embeddable":true,"href":"https:\/\/esreviral.com\/index.php?rest_route=%2Fwp%2Fv2%2Fcomments&post=64270"}],"version-history":[{"count":0,"href":"https:\/\/esreviral.com\/index.php?rest_route=\/wp\/v2\/posts\/64270\/revisions"}],"wp:featuredmedia":[{"embeddable":true,"href":"https:\/\/esreviral.com\/index.php?rest_route=\/wp\/v2\/media\/64271"}],"wp:attachment":[{"href":"https:\/\/esreviral.com\/index.php?rest_route=%2Fwp%2Fv2%2Fmedia&parent=64270"}],"wp:term":[{"taxonomy":"category","embeddable":true,"href":"https:\/\/esreviral.com\/index.php?rest_route=%2Fwp%2Fv2%2Fcategories&post=64270"},{"taxonomy":"post_tag","embeddable":true,"href":"https:\/\/esreviral.com\/index.php?rest_route=%2Fwp%2Fv2%2Ftags&post=64270"}],"curies":[{"name":"wp","href":"https:\/\/api.w.org\/{rel}","templated":true}]}}