{"id":64118,"date":"2024-11-12T09:58:22","date_gmt":"2024-11-12T14:58:22","guid":{"rendered":"https:\/\/esreviral.com\/?p=64118"},"modified":"2024-11-12T09:58:23","modified_gmt":"2024-11-12T14:58:23","slug":"el-mensaje-que-envio-mark-zuckerberg-a-javier-milei","status":"publish","type":"post","link":"https:\/\/esreviral.com\/?p=64118","title":{"rendered":"El mensaje que envi\u00f3 Mark Zuckerberg a Javier Milei"},"content":{"rendered":"\n<p><strong>En el Meta Day, <\/strong>evento desarrollado este martes, el<strong> fundador de Facebook y actual CEO de Meta, Mark Zuckerberg, envi\u00f3 un afectuoso mensaje al presidente argentino Javier Milei, previo a su presentaci\u00f3n sobre el avance de la inteligencia artificial en Argentina.<\/strong><\/p>\n\n\n\n<p>\u201c<strong><em>Hola, Argentina y presidente Milei. Gracias por acompa\u00f1arnos hoy. Nos entusiasma llevar Llama 3 a m\u00e1s personas en Argentina. Al hacer que esta tecnolog\u00eda sea de c\u00f3digo abierto, eliminamos barreras para que una comunidad m\u00e1s amplia de desarrolladores y organizaciones puedan acceder al poder de la inteligencia artificial, construir soluciones innovadoras y promover el progreso<\/em><\/strong>\u201d, expres\u00f3 Zuckerberg.<\/p>\n\n\n\n<p>Luego de esta intervenci\u00f3n, el presidente Milei tom\u00f3 la palabra, en medio de la recta final de su agenda nacional antes de su partida a Estados Unidos, donde buscar\u00e1 un encuentro con el presidente electo Donald Trump en la Conferencia Pol\u00edtica de Acci\u00f3n Conservadora (CPAC), a realizarse en Mar-a-Lago.<\/p>\n\n\n\n<p class=\"has-text-align-center\"><em><strong><em><strong><em><strong><em><strong><a href=\"https:\/\/t.me\/esreviral\">\u00daNETE A NUESTRO CANAL DE TELEGRAM PARA ESTAR INFORMADO<\/a><\/strong><\/em><\/strong><\/em><\/strong><\/em><\/strong><\/em><\/p>\n\n\n\n<blockquote class=\"twitter-tweet\"><p lang=\"es\" dir=\"ltr\"><a href=\"https:\/\/twitter.com\/hashtag\/11Nov?src=hash&amp;ref_src=twsrc%5Etfw\">#11Nov<\/a> El mensaje de Mark Zuckerberg para Javier Milei y todos los argentinos por el Meta day en Argentina: <br><br>\u201cEstamos derribando barreras para que una comunidad m\u00e1s amplia de desarrolladores pueda acceder al poder de la IA\u201d <a href=\"https:\/\/t.co\/M1fDAWWdeA\">pic.twitter.com\/M1fDAWWdeA<\/a><\/p>&mdash; ES RE VIRAL (@esreviral) <a href=\"https:\/\/twitter.com\/esreviral\/status\/1856342831020834979?ref_src=twsrc%5Etfw\">November 12, 2024<\/a><\/blockquote> <script async src=\"https:\/\/platform.twitter.com\/widgets.js\" charset=\"utf-8\"><\/script>\n\n\n\n<p><strong>El evento de Meta, que se lleva a cabo en el Palacio Libertad del Centro Cultural Domingo Faustino Sarmiento<\/strong>, tiene como objetivo impulsar a pymes y emprendedores en Argentina mediante la adquisici\u00f3n de <strong>habilidades digitales<\/strong>. Con un enfoque en tecnolog\u00edas de vanguardia como la Inteligencia Artificial Generativa (GenAI), se busca que los participantes interact\u00faen de forma m\u00e1s efectiva y creativa con su audiencia.<\/p>\n\n\n\n<p>Los asistentes acceden a capacitaciones gratuitas especialmente dise\u00f1adas para emprendedores y pymes argentinas. Con el apoyo de expertos, las empresas pueden aprender a utilizar herramientas de inteligencia artificial aplicadas al ecosistema emprendedor, definir propuestas de valor para redes sociales y optimizar plataformas como <strong>WhatsApp Business, Instagram, Meta Business Suite y Meta AI, seg\u00fan inform\u00f3 la compa\u00f1\u00eda.<\/strong><\/p>\n\n\n\n<p>En mayo de este a\u00f1o, Milei se hab\u00eda reunido con Zuckerberg en Palo Alto, California, durante una visita oficial a Estados Unidos. En ese encuentro, Zuckerberg le propuso que Argentina se convierta en un polo de innovaci\u00f3n tecnol\u00f3gica. Tras la reuni\u00f3n, el presidente comparti\u00f3 una foto con el CEO de Meta en su cuenta de X con la frase en may\u00fasculas: \u201cFen\u00f3meno barrial con Mark Zuckerberg&#8230;!!! Viva la libertad, carajo\u201d.<\/p>\n\n\n\n<figure class=\"wp-block-image size-large\"><img decoding=\"async\" src=\"https:\/\/www.infobae.com\/resizer\/v2\/AFYFVOGJWJHQNI6NSMGFQW5NJI.jpg?auth=4b89ed4513b0e8c42abea3b50126c2a640ef8f6ca76dc73d1b90cb57d9f258cb&amp;smart=true&amp;width=992&amp;height=558&amp;quality=85\" alt=\"\"\/><\/figure>\n\n\n\n<p>La Presidencia destac\u00f3 que \u201cla reuni\u00f3n con Zuckerberg, \u00faltima de una serie de encuentros con l\u00edderes tecnol\u00f3gicos en Silicon Valley, reafirma la intenci\u00f3n de Argentina de convertirse en un centro de innovaci\u00f3n. El presidente Milei y su equipo expresaron su entusiasmo por las futuras oportunidades de cooperaci\u00f3n con Meta, lo cual podr\u00eda traer beneficios econ\u00f3micos y tecnol\u00f3gicos al pa\u00eds\u201d.<\/p>\n\n\n\n<p>A la cita con Zuckerberg acompa\u00f1aron a Milei la secretaria general de la Presidencia, Karina Milei; el ministro de Econom\u00eda, Luis Caputo; el entonces embajador en Estados Unidos, Gerardo Werthein; el consejero econ\u00f3mico Demian Reidel; y el experto en tecnolog\u00eda Mat Travizano.<\/p>\n\n\n\n<p>El encuentro con Zuckerberg fue el cierre de una gira por San Francisco en la que Milei tambi\u00e9n ofreci\u00f3 una clase abierta en la Universidad de Stanford y se reuni\u00f3 con ejecutivos de ChatGPT, Google y Apple. La intenci\u00f3n fue presentar a Argentina como una opci\u00f3n para el desarrollo de proyectos tecnol\u00f3gicos de \u00faltima generaci\u00f3n y para atraer inversiones que busquen eludir las regulaciones ya vigentes en Europa y en discusi\u00f3n en Estados Unidos.<\/p>\n\n\n\n<p class=\"has-text-align-center\"><strong><a href=\"https:\/\/chat.whatsapp.com\/KWkTmakY3I05kNdd2oZl6d\"><em>\u00daNETE A NUESTRO GRUPO DE WHATSAPP PARA ESTAR INFORMADO<\/em><\/a><\/strong><\/p>\n","protected":false},"excerpt":{"rendered":"<p>El CEO de Meta dej\u00f3 un mensaje en apoyo al presidente Javier Milei<\/p>\n","protected":false},"author":3,"featured_media":64119,"comment_status":"closed","ping_status":"closed","sticky":false,"template":"","format":"standard","meta":{"jnews-multi-image_gallery":[],"jnews_single_post":{"subtitle":"","format":"standard","video":"","gallery":"","source_name":"","source_url":"","via_name":"","via_url":"","override_template":"0","override":[{"template":"4","single_blog_custom":"","parallax":"1","fullscreen":"1","layout":"right-sidebar","sidebar":"new-widget-area","second_sidebar":"default-sidebar","sticky_sidebar":"1","share_position":"top","share_float_style":"share-monocrhome","show_share_counter":"1","show_view_counter":"1","show_featured":"1","show_post_meta":"1","show_post_author":"1","show_post_author_image":"1","show_post_date":"1","post_date_format":"default","post_date_format_custom":"Y\/m\/d","show_post_category":"1","show_post_reading_time":"1","post_reading_time_wpm":"300","show_zoom_button":"1","zoom_button_out_step":"2","zoom_button_in_step":"3","show_post_tag":"1","show_prev_next_post":"1","show_popup_post":"1","number_popup_post":"1","show_author_box":"1","show_post_related":"1","show_inline_post_related":"0"}],"override_image_size":"0","image_override":[{"single_post_thumbnail_size":"crop-500","single_post_gallery_size":"crop-500"}],"trending_post":"0","trending_post_position":"meta","trending_post_label":"Trending","sponsored_post":"0","sponsored_post_label":"Sponsored by","sponsored_post_name":"","sponsored_post_url":"","sponsored_post_logo_enable":"0","sponsored_post_logo":"","sponsored_post_desc":"","disable_ad":"0"},"jnews_primary_category":{"id":"","hide":""},"jnews_social_meta":{"fb_title":"","fb_description":"","fb_image":"","twitter_title":"","twitter_description":"","twitter_image":""},"jnews_review":[],"enable_review":"0","type":"percentage","name":"","summary":"","brand":"","sku":"","good":[{"good_text":""}],"bad":[{"bad_text":""}],"score_override":"","override_value":"","rating":[{"rating_text":"","rating_number":"10"}],"price":[{"shop":"","price":"","link":"","icon":""}],"jnews_override_counter":{"override_view_counter":"0","view_counter_number":"0","override_share_counter":"0","share_counter_number":"0","override_like_counter":"0","like_counter_number":"0","override_dislike_counter":"0","dislike_counter_number":"0"},"jnews_post_split":{"enable_post_split":"0","post_split":[{"template":"1","tag":"h2","numbering":"asc","mode":"normal","first":"0","enable_toc":"0","toc_type":"normal"}]},"footnotes":""},"categories":[58,1165],"tags":[44,19716,10237,1993,1158,35,2582,19715,19714,45],"class_list":["post-64118","post","type-post","status-publish","format-standard","has-post-thumbnail","hentry","category-argentina","category-tecnologia","tag-argentina","tag-fundador-de-facebook","tag-ia","tag-inteligencia-artificial","tag-javier-milei","tag-mark-zuckerberg","tag-meta","tag-meta-day","tag-meta-day-argentina","tag-noticias"],"amp_enabled":true,"_links":{"self":[{"href":"https:\/\/esreviral.com\/index.php?rest_route=\/wp\/v2\/posts\/64118"}],"collection":[{"href":"https:\/\/esreviral.com\/index.php?rest_route=\/wp\/v2\/posts"}],"about":[{"href":"https:\/\/esreviral.com\/index.php?rest_route=\/wp\/v2\/types\/post"}],"author":[{"embeddable":true,"href":"https:\/\/esreviral.com\/index.php?rest_route=\/wp\/v2\/users\/3"}],"replies":[{"embeddable":true,"href":"https:\/\/esreviral.com\/index.php?rest_route=%2Fwp%2Fv2%2Fcomments&post=64118"}],"version-history":[{"count":0,"href":"https:\/\/esreviral.com\/index.php?rest_route=\/wp\/v2\/posts\/64118\/revisions"}],"wp:featuredmedia":[{"embeddable":true,"href":"https:\/\/esreviral.com\/index.php?rest_route=\/wp\/v2\/media\/64119"}],"wp:attachment":[{"href":"https:\/\/esreviral.com\/index.php?rest_route=%2Fwp%2Fv2%2Fmedia&parent=64118"}],"wp:term":[{"taxonomy":"category","embeddable":true,"href":"https:\/\/esreviral.com\/index.php?rest_route=%2Fwp%2Fv2%2Fcategories&post=64118"},{"taxonomy":"post_tag","embeddable":true,"href":"https:\/\/esreviral.com\/index.php?rest_route=%2Fwp%2Fv2%2Ftags&post=64118"}],"curies":[{"name":"wp","href":"https:\/\/api.w.org\/{rel}","templated":true}]}}