{"id":63807,"date":"2024-11-06T07:06:03","date_gmt":"2024-11-06T12:06:03","guid":{"rendered":"https:\/\/esreviral.com\/?p=63807"},"modified":"2024-11-06T07:31:47","modified_gmt":"2024-11-06T12:31:47","slug":"lideres-mundiales-felicitaron-a-donald-trump-por-el-resultado-de-las-elecciones-presidenciales","status":"publish","type":"post","link":"https:\/\/esreviral.com\/?p=63807","title":{"rendered":"L\u00edderes mundiales felicitaron a Donald Trump por el resultado de las elecciones presidenciales"},"content":{"rendered":"\n<p><strong>L\u00edderes mundiales han reaccionado durante la madrugada y primeras horas de este mi\u00e9rcoles para felicitar a Donald Trump, abanderado del Partido Republicano, tras su victoria en las elecciones presidenciales de Estados Unidos.<\/strong><\/p>\n\n\n\n<p><strong>Mandatarios de Am\u00e9rica Latina, Europa y Medio Oriente <\/strong>expresaron su apoyo y expectativas para el nuevo mandato de Trump. Entre los primeros en pronunciarse estuvieron el<strong> presidente salvadore\u00f1o Nayib Bukele,<\/strong> quien le dese\u00f3 bendiciones en su cuenta de X, y el <strong>exmandatario brasile\u00f1o Jair Bolsonaro, que expres\u00f3 su esperanza de que la victoria de Trump inspire a Brasil.<\/strong><\/p>\n\n\n\n<p><\/p>\n\n\n\n<p class=\"has-text-align-center\"><em><strong><em><strong><em><strong><a href=\"https:\/\/t.me\/esreviral\">\u00daNETE A NUESTRO CANAL DE TELEGRAM PARA ESTAR INFORMADO<\/a><\/strong><\/em><\/strong><\/em><\/strong><\/em><\/p>\n\n\n\n<figure class=\"wp-block-image size-large\"><img decoding=\"async\" src=\"https:\/\/www.infobae.com\/resizer\/v2\/CNCQSUEP4FCRJGCW555S5K6ZTM.PNG?auth=825846013600e3312309ef2d45909460896b1cfec66ab5b9bafbd9968616cd6c&amp;smart=true&amp;width=992&amp;height=1323&amp;quality=85\" alt=\"\"\/><\/figure>\n\n\n\n<p><\/p>\n\n\n\n<p class=\"has-text-align-center\"><strong><em><mark style=\"background-color:rgba(0, 0, 0, 0)\" class=\"has-inline-color has-vivid-red-color\"><a href=\"https:\/\/esreviral.com\/?p=63815\" data-type=\"link\" data-id=\"https:\/\/esreviral.com\/?p=63815\">Lea Tambi\u00e9n: Estas son las razones por las que Trump volvi\u00f3 a ganar la presidencia<\/a><\/mark><\/em><\/strong><\/p>\n\n\n\n<p>En Europa, el<strong> primer ministro h\u00fangaro Viktor Orb\u00e1n<\/strong> felicit\u00f3 a Trump, subrayando sus planes para coordinar pol\u00edticas sobre migraci\u00f3n y defensa de valores conservadores. Por su parte, el primer ministro de Israel, Benjamin Netanyahu, destac\u00f3 la \u00abenorme victoria\u00bb de Trump y la reafirmaci\u00f3n de la alianza entre ambos pa\u00edses.<\/p>\n\n\n\n<p>E<strong>l presidente franc\u00e9s, Emmanuel Macron,<\/strong> tambi\u00e9n expres\u00f3 su disposici\u00f3n a colaborar nuevamente, al igual que el mandatario ucraniano<strong> Volodimir Zelensky<\/strong>, quien enfatiz\u00f3 la importancia de la seguridad en su pa\u00eds. Desde Italia, la primera<strong> ministra Giorgia Meloni<\/strong> celebr\u00f3 la alianza entre Estados Unidos e Italia, y en el Reino Unido, el primer ministro Keir Starmer resalt\u00f3 la \u00abvictoria hist\u00f3rica\u00bb de Trump, augurando la continuidad de la relaci\u00f3n especial entre ambas naciones.<\/p>\n\n\n\n<blockquote class=\"twitter-tweet\"><p lang=\"en\" dir=\"ltr\">Congratulations, President <a href=\"https:\/\/twitter.com\/realDonaldTrump?ref_src=twsrc%5Etfw\">@realDonaldTrump<\/a>. Ready to work together as we did for four years. With your convictions and mine. With respect and ambition. For more peace and prosperity.<\/p>&mdash; Emmanuel Macron (@EmmanuelMacron) <a href=\"https:\/\/twitter.com\/EmmanuelMacron\/status\/1854073283420754221?ref_src=twsrc%5Etfw\">November 6, 2024<\/a><\/blockquote> <script async src=\"https:\/\/platform.twitter.com\/widgets.js\" charset=\"utf-8\"><\/script>\n\n\n\n<blockquote class=\"twitter-tweet\"><p lang=\"en\" dir=\"ltr\">Congratulations to <a href=\"https:\/\/twitter.com\/realDonaldTrump?ref_src=twsrc%5Etfw\">@realDonaldTrump<\/a> on his impressive election victory! <br><br>I recall our great meeting with President Trump back in September, when we discussed in detail the Ukraine-U.S. strategic partnership, the Victory Plan, and ways to put an end to Russian aggression against\u2026<\/p>&mdash; Volodymyr Zelenskyy \/ \u0412\u043e\u043b\u043e\u0434\u0438\u043c\u0438\u0440 \u0417\u0435\u043b\u0435\u043d\u0441\u044c\u043a\u0438\u0439 (@ZelenskyyUa) <a href=\"https:\/\/twitter.com\/ZelenskyyUa\/status\/1854073411904938032?ref_src=twsrc%5Etfw\">November 6, 2024<\/a><\/blockquote> <script async src=\"https:\/\/platform.twitter.com\/widgets.js\" charset=\"utf-8\"><\/script>\n\n\n\n<figure class=\"wp-block-image size-large\"><img decoding=\"async\" src=\"https:\/\/www.infobae.com\/resizer\/v2\/GABHCVGQIZFR3NHADWFX247L6I.PNG?auth=ef5a223b506423c4997df9fdaa542959e470597343e2fb5dea866cb50161d589&amp;smart=true&amp;width=992&amp;height=992&amp;quality=85\" alt=\"\"\/><\/figure>\n\n\n\n<p>Otros l\u00edderes, como el <strong>presidente de India, Narendra Modi, y la presidenta de la Comisi\u00f3n Europea, Ursula von der Leyen,<\/strong> tambi\u00e9n se unieron a las felicitaciones, destacando la cooperaci\u00f3n en temas de paz y prosperidad global. El primer ministro espa\u00f1ol, Pedro S\u00e1nchez, afirm\u00f3 que trabajar\u00e1 para fortalecer la alianza estrat\u00e9gica entre Estados Unidos y Espa\u00f1a.<\/p>\n\n\n\n<p><strong>En Asia, el primer ministro japon\u00e9s Shigeru Ishiba felicit\u00f3 a Trump<\/strong> y expres\u00f3 su compromiso de reforzar la alianza bilateral. Asimismo, el primer <strong>ministro turco, Recep Tayyip Erdogan<\/strong>, expres\u00f3 su deseo de que la relaci\u00f3n entre Estados Unidos y Turqu\u00eda contribuya a resolver conflictos regionales.<\/p>\n\n\n\n<blockquote class=\"twitter-tweet\"><p lang=\"en\" dir=\"ltr\">Dear Donald and Melania Trump,<br><br>Congratulations on history\u2019s greatest comeback!<br><br>Your historic return to the White House offers a new beginning for America and a powerful recommitment to the great alliance between Israel and America.<br><br>This is a huge victory!<br> <br>In true friendship,\u2026 <a href=\"https:\/\/t.co\/B54NSo2BMA\">pic.twitter.com\/B54NSo2BMA<\/a><\/p>&mdash; Benjamin Netanyahu &#8211; \u05d1\u05e0\u05d9\u05de\u05d9\u05df \u05e0\u05ea\u05e0\u05d9\u05d4\u05d5 (@netanyahu) <a href=\"https:\/\/twitter.com\/netanyahu\/status\/1854070348926328965?ref_src=twsrc%5Etfw\">November 6, 2024<\/a><\/blockquote> <script async src=\"https:\/\/platform.twitter.com\/widgets.js\" charset=\"utf-8\"><\/script>\n\n\n\n<p>Finalmente, otros<strong> mandatarios latinoamericanos, como el presidente paraguayo Santiago Pe\u00f1a y el argentino Javier Milei, <\/strong>tambi\u00e9n enviaron mensajes de felicitaci\u00f3n, destacando el compromiso con valores democr\u00e1ticos y profundizando la cooperaci\u00f3n regional con Estados Unidos.<\/p>\n\n\n\n<figure class=\"wp-block-image size-large\"><img decoding=\"async\" src=\"https:\/\/www.infobae.com\/resizer\/v2\/5TYIPNBBQZAMBPEEKM7WQ3PIPM.jpg?auth=002157cee3d39b3ab7bdf516cceaf247401d570849f5363d4f42b0b87bd21329&amp;smart=true&amp;width=992&amp;height=558&amp;quality=85\" alt=\"\"\/><\/figure>\n\n\n\n<p><\/p>\n\n\n\n<p><\/p>\n\n\n\n<figure class=\"wp-block-image size-large\"><img decoding=\"async\" src=\"https:\/\/www.infobae.com\/resizer\/v2\/2YTAK2U4WFGTRIR5PC4KUFFOUM.jpg?auth=a83d8e59df143e068b0664a07d5b9ed644ccfa2f2cc7f0fee1bf230db686426e&amp;smart=true&amp;width=992&amp;height=992&amp;quality=85\" alt=\"\"\/><\/figure>\n\n\n\n<p><\/p>\n\n\n\n<p><\/p>\n\n\n\n<figure class=\"wp-block-image size-large\"><img decoding=\"async\" src=\"https:\/\/www.infobae.com\/resizer\/v2\/OIH7F3C7ENFRZF6SIZW73O7YZU.jpg?auth=67ad98eaeb062db239bfd8b901d3f26d35797c8547925bab5d495cd90ee24f87&amp;smart=true&amp;width=992&amp;height=558&amp;quality=85\" alt=\"\"\/><\/figure>\n\n\n\n<p><\/p>\n\n\n\n<p><\/p>\n\n\n\n<figure class=\"wp-block-image size-large\"><img decoding=\"async\" src=\"https:\/\/www.infobae.com\/resizer\/v2\/GT464EZW45EZFIJA7SPSUOHLZE.jpg?auth=8a6c95a7ffb2099129cb566247ee664a8857ef590b9c0e5a5dd2302b2c895404&amp;smart=true&amp;width=992&amp;quality=85\" alt=\"\"\/><\/figure>\n\n\n\n<p><\/p>\n\n\n\n<figure class=\"wp-block-image size-large\"><img decoding=\"async\" src=\"https:\/\/www.infobae.com\/resizer\/v2\/QDUFBIYDLNEPBJBBQWH44MELAY.jpg?auth=f72e2a9d16f771028f0a46169443e450e08a2645baf173ca1fe155aa759f21b4&amp;smart=true&amp;width=992&amp;height=558&amp;quality=85\" alt=\"\"\/><\/figure>\n\n\n\n<p class=\"has-text-align-center\"><strong><em><mark style=\"background-color:rgba(0, 0, 0, 0)\" class=\"has-inline-color has-vivid-red-color\"><a href=\"https:\/\/esreviral.com\/?p=63810\" data-type=\"link\" data-id=\"https:\/\/esreviral.com\/?p=63810\">Lea Tambi\u00e9n: \u00bfPor qu\u00e9 es hist\u00f3rica la victoria de Donald Trump?<\/a><\/mark><\/em><\/strong><\/p>\n\n\n\n<p><\/p>\n\n\n\n<p class=\"has-text-align-center\"><strong><a href=\"https:\/\/chat.whatsapp.com\/KWkTmakY3I05kNdd2oZl6d\"><em>\u00daNETE A NUESTRO GRUPO DE WHATSAPP PARA ESTAR INFORMADO<\/em><\/a><\/strong><\/p>\n","protected":false},"excerpt":{"rendered":"<p>Representantes de Am\u00e9rica Latina, Europa y el Medio Oriente manifestaron p\u00fablicamente su respaldo y expectativas para el nuevo mandato del republicano en Estados Unidos<\/p>\n","protected":false},"author":3,"featured_media":63808,"comment_status":"closed","ping_status":"closed","sticky":false,"template":"","format":"standard","meta":{"jnews-multi-image_gallery":[],"jnews_single_post":{"subtitle":"","format":"standard","video":"","gallery":"","source_name":"","source_url":"","via_name":"","via_url":"","override_template":"0","override":[{"template":"4","single_blog_custom":"","parallax":"1","fullscreen":"1","layout":"right-sidebar","sidebar":"new-widget-area","second_sidebar":"default-sidebar","sticky_sidebar":"1","share_position":"top","share_float_style":"share-monocrhome","show_share_counter":"1","show_view_counter":"1","show_featured":"1","show_post_meta":"1","show_post_author":"1","show_post_author_image":"1","show_post_date":"1","post_date_format":"default","post_date_format_custom":"Y\/m\/d","show_post_category":"1","show_post_reading_time":"1","post_reading_time_wpm":"300","show_zoom_button":"1","zoom_button_out_step":"2","zoom_button_in_step":"3","show_post_tag":"1","show_prev_next_post":"1","show_popup_post":"1","number_popup_post":"1","show_author_box":"1","show_post_related":"1","show_inline_post_related":"0"}],"override_image_size":"0","image_override":[{"single_post_thumbnail_size":"crop-500","single_post_gallery_size":"crop-500"}],"trending_post":"0","trending_post_position":"meta","trending_post_label":"Trending","sponsored_post":"0","sponsored_post_label":"Sponsored by","sponsored_post_name":"","sponsored_post_url":"","sponsored_post_logo_enable":"0","sponsored_post_logo":"","sponsored_post_desc":"","disable_ad":"0"},"jnews_primary_category":{"id":"","hide":""},"jnews_social_meta":{"fb_title":"","fb_description":"","fb_image":"","twitter_title":"","twitter_description":"","twitter_image":""},"jnews_review":[],"enable_review":"0","type":"percentage","name":"","summary":"","brand":"","sku":"","good":[{"good_text":""}],"bad":[{"bad_text":""}],"score_override":"","override_value":"","rating":[{"rating_text":"","rating_number":"10"}],"price":[{"shop":"","price":"","link":"","icon":""}],"jnews_override_counter":{"override_view_counter":"0","view_counter_number":"0","override_share_counter":"0","share_counter_number":"0","override_like_counter":"0","like_counter_number":"0","override_dislike_counter":"0","dislike_counter_number":"0"},"jnews_post_split":{"enable_post_split":"0","post_split":[{"template":"1","tag":"h2","numbering":"asc","mode":"normal","first":"0","enable_toc":"0","toc_type":"normal"}]},"footnotes":""},"categories":[88,59],"tags":[2088,19502,2333,136,45,19566],"class_list":["post-63807","post","type-post","status-publish","format-standard","has-post-thumbnail","hentry","category-internacionales","category-politica","tag-donald-trump","tag-elecciones-estados-unidos-2024","tag-elecciones-presidenciales","tag-estados-unidos","tag-noticias","tag-reacciones-mundiales"],"amp_enabled":true,"_links":{"self":[{"href":"https:\/\/esreviral.com\/index.php?rest_route=\/wp\/v2\/posts\/63807"}],"collection":[{"href":"https:\/\/esreviral.com\/index.php?rest_route=\/wp\/v2\/posts"}],"about":[{"href":"https:\/\/esreviral.com\/index.php?rest_route=\/wp\/v2\/types\/post"}],"author":[{"embeddable":true,"href":"https:\/\/esreviral.com\/index.php?rest_route=\/wp\/v2\/users\/3"}],"replies":[{"embeddable":true,"href":"https:\/\/esreviral.com\/index.php?rest_route=%2Fwp%2Fv2%2Fcomments&post=63807"}],"version-history":[{"count":0,"href":"https:\/\/esreviral.com\/index.php?rest_route=\/wp\/v2\/posts\/63807\/revisions"}],"wp:featuredmedia":[{"embeddable":true,"href":"https:\/\/esreviral.com\/index.php?rest_route=\/wp\/v2\/media\/63808"}],"wp:attachment":[{"href":"https:\/\/esreviral.com\/index.php?rest_route=%2Fwp%2Fv2%2Fmedia&parent=63807"}],"wp:term":[{"taxonomy":"category","embeddable":true,"href":"https:\/\/esreviral.com\/index.php?rest_route=%2Fwp%2Fv2%2Fcategories&post=63807"},{"taxonomy":"post_tag","embeddable":true,"href":"https:\/\/esreviral.com\/index.php?rest_route=%2Fwp%2Fv2%2Ftags&post=63807"}],"curies":[{"name":"wp","href":"https:\/\/api.w.org\/{rel}","templated":true}]}}