{"id":63804,"date":"2024-11-06T07:50:14","date_gmt":"2024-11-06T12:50:14","guid":{"rendered":"https:\/\/esreviral.com\/?p=63804"},"modified":"2024-11-06T07:50:15","modified_gmt":"2024-11-06T12:50:15","slug":"ex-miss-venezuela-ines-maria-calero-se-casa-por-segunda-vez","status":"publish","type":"post","link":"https:\/\/esreviral.com\/?p=63804","title":{"rendered":"Ex Miss Venezuela In\u00e9s Mar\u00eda Calero se casa por segunda vez"},"content":{"rendered":"\n<p>La modelo y actriz venezolana In\u00e9s Mar\u00eda Calero, ganadora del certamen Miss Venezuela 1987, se casar\u00e1 el pr\u00f3ximo 14 de diciembre en Miami, seg\u00fan inform\u00f3 el periodista <strong>Diego Kapeky<\/strong> en el programa <em>Zona i<\/em>.<\/p>\n\n\n\n<p>Para la ocasi\u00f3n, Calero usar\u00e1 un vestido dise\u00f1ado por la reconocida valenciana Mar\u00eda Fabiana, en tono rosa viejo, en honor al traje con el que fue coronada como la mujer m\u00e1s bella del pa\u00eds en 1987. La ceremonia ser\u00e1 \u00edntima y se celebrar\u00e1 en su residencia.<\/p>\n\n\n\n<p>La madre del cantante Jonathan Moly confirm\u00f3 la noticia en redes sociales: \u201cAs\u00ed es, \u00a1totalmente cierto! Que viva el amor con respeto y calidad de vida. Siempre Dios nos regala cosas bonitas. Gracias por tanto cari\u00f1o\u201d, expres\u00f3 Calero.<\/p>\n\n\n\n<p>La exreina de belleza mantiene una relaci\u00f3n sentimental de m\u00e1s de siete a\u00f1os. Su prometido, seg\u00fan detall\u00f3 Kapeky, es venezolano, ingeniero de profesi\u00f3n, con una exitosa carrera, adem\u00e1s de ser viudo y padre de tres hijos, con quienes In\u00e9s mantiene una excelente relaci\u00f3n.<\/p>\n\n\n\n<p class=\"has-text-align-center\"><em><strong><em><strong><em><strong><a href=\"https:\/\/t.me\/esreviral\">\u00daNETE A NUESTRO CANAL DE TELEGRAM PARA ESTAR INFORMADO<\/a><\/strong><\/em><\/strong><\/em><\/strong><\/em><\/p>\n\n\n\n<p class=\"has-text-align-center\"><strong><a href=\"https:\/\/chat.whatsapp.com\/KWkTmakY3I05kNdd2oZl6d\"><em>\u00daNETE A NUESTRO GRUPO DE WHATSAPP PARA ESTAR INFORMADO<\/em><\/a><\/strong><\/p>\n","protected":false},"excerpt":{"rendered":"<p>La exmiss, modelo y actriz venezolana In\u00e9s Mar\u00eda Calero se casar\u00e1 el pr\u00f3ximo 14 de diciembre en Miami, Estados Unidos, inform\u00f3 el periodista Diego Kapeky.<\/p>\n","protected":false},"author":3,"featured_media":63805,"comment_status":"closed","ping_status":"closed","sticky":false,"template":"","format":"standard","meta":{"jnews-multi-image_gallery":[],"jnews_single_post":{"subtitle":"","format":"standard","video":"","gallery":"","source_name":"","source_url":"","via_name":"","via_url":"","override_template":"0","override":[{"template":"4","single_blog_custom":"","parallax":"1","fullscreen":"1","layout":"right-sidebar","sidebar":"new-widget-area","second_sidebar":"default-sidebar","sticky_sidebar":"1","share_position":"top","share_float_style":"share-monocrhome","show_share_counter":"1","show_view_counter":"1","show_featured":"1","show_post_meta":"1","show_post_author":"1","show_post_author_image":"1","show_post_date":"1","post_date_format":"default","post_date_format_custom":"Y\/m\/d","show_post_category":"1","show_post_reading_time":"1","post_reading_time_wpm":"300","show_zoom_button":"1","zoom_button_out_step":"2","zoom_button_in_step":"3","show_post_tag":"1","show_prev_next_post":"1","show_popup_post":"1","number_popup_post":"1","show_author_box":"1","show_post_related":"1","show_inline_post_related":"0"}],"override_image_size":"0","image_override":[{"single_post_thumbnail_size":"crop-500","single_post_gallery_size":"crop-500"}],"trending_post":"0","trending_post_position":"meta","trending_post_label":"Trending","sponsored_post":"0","sponsored_post_label":"Sponsored by","sponsored_post_name":"","sponsored_post_url":"","sponsored_post_logo_enable":"0","sponsored_post_logo":"","sponsored_post_desc":"","disable_ad":"0"},"jnews_primary_category":{"id":"","hide":""},"jnews_social_meta":{"fb_title":"","fb_description":"","fb_image":"","twitter_title":"","twitter_description":"","twitter_image":""},"jnews_review":[],"enable_review":"0","type":"percentage","name":"","summary":"","brand":"","sku":"","good":[{"good_text":""}],"bad":[{"bad_text":""}],"score_override":"","override_value":"","rating":[{"rating_text":"","rating_number":"10"}],"price":[{"shop":"","price":"","link":"","icon":""}],"jnews_override_counter":{"override_view_counter":"0","view_counter_number":"0","override_share_counter":"0","share_counter_number":"0","override_like_counter":"0","like_counter_number":"0","override_dislike_counter":"0","dislike_counter_number":"0"},"jnews_post_split":{"enable_post_split":"0","post_split":[{"template":"1","tag":"h2","numbering":"asc","mode":"normal","first":"0","enable_toc":"0","toc_type":"normal"}]},"footnotes":""},"categories":[50],"tags":[1168,19564,19563,45],"class_list":["post-63804","post","type-post","status-publish","format-standard","has-post-thumbnail","hentry","category-entretenimiento","tag-boda","tag-diego-kapeky","tag-ex-miss-venezuela","tag-noticias"],"_links":{"self":[{"href":"https:\/\/esreviral.com\/index.php?rest_route=\/wp\/v2\/posts\/63804","targetHints":{"allow":["GET"]}}],"collection":[{"href":"https:\/\/esreviral.com\/index.php?rest_route=\/wp\/v2\/posts"}],"about":[{"href":"https:\/\/esreviral.com\/index.php?rest_route=\/wp\/v2\/types\/post"}],"author":[{"embeddable":true,"href":"https:\/\/esreviral.com\/index.php?rest_route=\/wp\/v2\/users\/3"}],"replies":[{"embeddable":true,"href":"https:\/\/esreviral.com\/index.php?rest_route=%2Fwp%2Fv2%2Fcomments&post=63804"}],"version-history":[{"count":0,"href":"https:\/\/esreviral.com\/index.php?rest_route=\/wp\/v2\/posts\/63804\/revisions"}],"wp:featuredmedia":[{"embeddable":true,"href":"https:\/\/esreviral.com\/index.php?rest_route=\/wp\/v2\/media\/63805"}],"wp:attachment":[{"href":"https:\/\/esreviral.com\/index.php?rest_route=%2Fwp%2Fv2%2Fmedia&parent=63804"}],"wp:term":[{"taxonomy":"category","embeddable":true,"href":"https:\/\/esreviral.com\/index.php?rest_route=%2Fwp%2Fv2%2Fcategories&post=63804"},{"taxonomy":"post_tag","embeddable":true,"href":"https:\/\/esreviral.com\/index.php?rest_route=%2Fwp%2Fv2%2Ftags&post=63804"}],"curies":[{"name":"wp","href":"https:\/\/api.w.org\/{rel}","templated":true}]}}