{"id":63785,"date":"2024-11-05T12:57:35","date_gmt":"2024-11-05T17:57:35","guid":{"rendered":"https:\/\/esreviral.com\/?p=63785"},"modified":"2024-11-05T12:57:36","modified_gmt":"2024-11-05T17:57:36","slug":"trump-aseguro-que-reconocera-su-derrota-si-son-unas-elecciones-justas","status":"publish","type":"post","link":"https:\/\/esreviral.com\/?p=63785","title":{"rendered":"Trump asegur\u00f3 que reconocer\u00e1 su derrota \u201csi son unas elecciones justas\u201d"},"content":{"rendered":"\n<p>Este martes, la vicepresidenta de Estados Unidos y candidata dem\u00f3crata, Kamala Harris, se enfrenta en las urnas al expresidente y candidato republicano, Donald Trump, en la contienda por llegar a la Casa Blanca.<\/p>\n\n\n\n<p>Desde temprano, ciudadanos en varios estados ya han acudido a los centros de votaci\u00f3n para elegir al pr\u00f3ximo mandatario, quien reemplazar\u00e1 a Joe Biden por los siguientes cuatro a\u00f1os.<\/p>\n\n\n\n<p>Entre los votantes ya se encuentra Donald Trump, quien, tras emitir su voto, se mostr\u00f3 confiado en un breve discurso. \u201c<strong>Me siento muy confiado<\/strong>\u201d, declar\u00f3 a los periodistas en un centro de votaci\u00f3n en West Palm Beach, Florida. A\u00f1adi\u00f3 que considera haber realizado \u00abuna gran campa\u00f1a\u00bb frente a su rival, Kamala Harris. Las encuestas sit\u00faan a ambos candidatos empatados en intenci\u00f3n de voto. Acompa\u00f1ado por su esposa, <strong>Melania Trump, <\/strong>el exmandatario critic\u00f3 el sistema electoral, expresando que la demora en la entrega de resultados \u201ces una locura\u201d y que, si estos tardaran tres d\u00edas o m\u00e1s, ser\u00eda \u201cterrible\u201d.<\/p>\n\n\n\n<p class=\"has-text-align-center\"><em><strong><em><strong><em><strong><a href=\"https:\/\/t.me\/esreviral\">\u00daNETE A NUESTRO CANAL DE TELEGRAM PARA ESTAR INFORMADO<\/a><\/strong><\/em><\/strong><\/em><\/strong><\/em><\/p>\n\n\n\n<blockquote class=\"twitter-tweet\"><p lang=\"es\" dir=\"ltr\">\ud83c\uddfa\ud83c\uddf8 El expresidente Donald Trump vot\u00f3 esta ma\u00f1ana en Palm Beach, Florida, donde afirm\u00f3 que esta campa\u00f1a presidencial ha sido la mejor de las tres que ha hecho, hasta la fecha. <a href=\"https:\/\/t.co\/Kc78pI4AjN\">pic.twitter.com\/Kc78pI4AjN<\/a><\/p>&mdash; ES RE VIRAL (@esreviral) <a href=\"https:\/\/twitter.com\/esreviral\/status\/1853852868060590544?ref_src=twsrc%5Etfw\">November 5, 2024<\/a><\/blockquote> <script async src=\"https:\/\/platform.twitter.com\/widgets.js\" charset=\"utf-8\"><\/script>\n\n\n\n<p>\u201cEn Francia usan votos de papel y a las 9 de la noche ya hab\u00edan contado 37 millones y ten\u00edan un ganador y un perdedor. Solo escucho que en algunos estados tomar\u00e1 mucho tiempo, y que ni siquiera ser\u00e1 tan cerrada la diferencia\u201d, coment\u00f3 Trump.<\/p>\n\n\n\n<p>Asimismo, destac\u00f3: \u201cparece que tenemos una ventaja sustancial, hay muchos republicanos votando hoy, creo que tenemos una ventaja y nos ir\u00e1 bien\u201d.<\/p>\n\n\n\n<p>Finalmente, el candidato republicano afirm\u00f3 estar dispuesto a reconocer una posible derrota, siempre que el proceso sea justo. \u201cSi pierdo en unas elecciones justas, ser\u00eda el primero en aceptarlo. Hasta ahora, creo que han sido justas\u201d, declar\u00f3 ante los medios tras votar en Florida.<\/p>\n\n\n\n<blockquote class=\"twitter-tweet\"><p lang=\"es\" dir=\"ltr\"><a href=\"https:\/\/twitter.com\/hashtag\/05Nov?src=hash&amp;ref_src=twsrc%5Etfw\">#05Nov<\/a> \ud83c\uddfa\ud83c\uddf8 Donald Trump vot\u00f3 en Palm Beach <br><br>&quot;No podemos permitir que los criminales entren a nuestro pa\u00eds&quot; <a href=\"https:\/\/t.co\/zmokBePTZG\">pic.twitter.com\/zmokBePTZG<\/a><\/p>&mdash; ES RE VIRAL (@esreviral) <a href=\"https:\/\/twitter.com\/esreviral\/status\/1853855881311731941?ref_src=twsrc%5Etfw\">November 5, 2024<\/a><\/blockquote> <script async src=\"https:\/\/platform.twitter.com\/widgets.js\" charset=\"utf-8\"><\/script>\n\n\n\n<p class=\"has-text-align-center\"><strong><a href=\"https:\/\/chat.whatsapp.com\/KWkTmakY3I05kNdd2oZl6d\"><em>\u00daNETE A NUESTRO GRUPO DE WHATSAPP PARA ESTAR INFORMADO<\/em><\/a><\/strong><\/p>\n","protected":false},"excerpt":{"rendered":"<p>El ex mandatario y candidato republicano a la presidencia de EEUU plante\u00f3 sus preocupaciones sobre el uso de m\u00e1quinas de votaci\u00f3n electr\u00f3nica<\/p>\n","protected":false},"author":3,"featured_media":63786,"comment_status":"closed","ping_status":"closed","sticky":false,"template":"","format":"standard","meta":{"jnews-multi-image_gallery":[],"jnews_single_post":{"subtitle":"","format":"standard","video":"","gallery":"","source_name":"","source_url":"","via_name":"","via_url":"","override_template":"0","override":[{"template":"4","single_blog_custom":"","parallax":"1","fullscreen":"1","layout":"right-sidebar","sidebar":"new-widget-area","second_sidebar":"default-sidebar","sticky_sidebar":"1","share_position":"top","share_float_style":"share-monocrhome","show_share_counter":"1","show_view_counter":"1","show_featured":"1","show_post_meta":"1","show_post_author":"1","show_post_author_image":"1","show_post_date":"1","post_date_format":"default","post_date_format_custom":"Y\/m\/d","show_post_category":"1","show_post_reading_time":"1","post_reading_time_wpm":"300","show_zoom_button":"1","zoom_button_out_step":"2","zoom_button_in_step":"3","show_post_tag":"1","show_prev_next_post":"1","show_popup_post":"1","number_popup_post":"1","show_author_box":"1","show_post_related":"1","show_inline_post_related":"0"}],"override_image_size":"0","image_override":[{"single_post_thumbnail_size":"crop-500","single_post_gallery_size":"crop-500"}],"trending_post":"0","trending_post_position":"meta","trending_post_label":"Trending","sponsored_post":"0","sponsored_post_label":"Sponsored by","sponsored_post_name":"","sponsored_post_url":"","sponsored_post_logo_enable":"0","sponsored_post_logo":"","sponsored_post_desc":"","disable_ad":"0"},"jnews_primary_category":{"id":"","hide":""},"jnews_social_meta":{"fb_title":"","fb_description":"","fb_image":"","twitter_title":"","twitter_description":"","twitter_image":""},"jnews_review":[],"enable_review":"0","type":"percentage","name":"","summary":"","brand":"","sku":"","good":[{"good_text":""}],"bad":[{"bad_text":""}],"score_override":"","override_value":"","rating":[{"rating_text":"","rating_number":"10"}],"price":[{"shop":"","price":"","link":"","icon":""}],"jnews_override_counter":{"override_view_counter":"0","view_counter_number":"0","override_share_counter":"0","share_counter_number":"0","override_like_counter":"0","like_counter_number":"0","override_dislike_counter":"0","dislike_counter_number":"0"},"jnews_post_split":{"enable_post_split":"0","post_split":[{"template":"1","tag":"h2","numbering":"asc","mode":"normal","first":"0","enable_toc":"0","toc_type":"normal"}]},"footnotes":""},"categories":[88,59],"tags":[8906,2088,136,19555,45],"class_list":["post-63785","post","type-post","status-publish","format-standard","has-post-thumbnail","hentry","category-internacionales","category-politica","tag-candidato-presidencial","tag-donald-trump","tag-estados-unidos","tag-melania","tag-noticias"],"amp_enabled":true,"_links":{"self":[{"href":"https:\/\/esreviral.com\/index.php?rest_route=\/wp\/v2\/posts\/63785"}],"collection":[{"href":"https:\/\/esreviral.com\/index.php?rest_route=\/wp\/v2\/posts"}],"about":[{"href":"https:\/\/esreviral.com\/index.php?rest_route=\/wp\/v2\/types\/post"}],"author":[{"embeddable":true,"href":"https:\/\/esreviral.com\/index.php?rest_route=\/wp\/v2\/users\/3"}],"replies":[{"embeddable":true,"href":"https:\/\/esreviral.com\/index.php?rest_route=%2Fwp%2Fv2%2Fcomments&post=63785"}],"version-history":[{"count":0,"href":"https:\/\/esreviral.com\/index.php?rest_route=\/wp\/v2\/posts\/63785\/revisions"}],"wp:featuredmedia":[{"embeddable":true,"href":"https:\/\/esreviral.com\/index.php?rest_route=\/wp\/v2\/media\/63786"}],"wp:attachment":[{"href":"https:\/\/esreviral.com\/index.php?rest_route=%2Fwp%2Fv2%2Fmedia&parent=63785"}],"wp:term":[{"taxonomy":"category","embeddable":true,"href":"https:\/\/esreviral.com\/index.php?rest_route=%2Fwp%2Fv2%2Fcategories&post=63785"},{"taxonomy":"post_tag","embeddable":true,"href":"https:\/\/esreviral.com\/index.php?rest_route=%2Fwp%2Fv2%2Ftags&post=63785"}],"curies":[{"name":"wp","href":"https:\/\/api.w.org\/{rel}","templated":true}]}}