{"id":63737,"date":"2024-11-05T07:31:37","date_gmt":"2024-11-05T12:31:37","guid":{"rendered":"https:\/\/esreviral.com\/?p=63737"},"modified":"2024-11-05T07:31:38","modified_gmt":"2024-11-05T12:31:38","slug":"milei-lanzo-una-purga-en-la-cancilleria-y-ordeno-reducir-a-la-mitad-el-personal-diplomatico","status":"publish","type":"post","link":"https:\/\/esreviral.com\/?p=63737","title":{"rendered":"Milei lanz\u00f3 una \u00abpurga\u00bb en la Canciller\u00eda y orden\u00f3 reducir a la mitad el personal diplom\u00e1tico"},"content":{"rendered":"\n<p><strong>El presidente Javier Milei ha solicitado al nuevo canciller, Gerardo Werthein, que reduzca a la mitad el personal del Ministerio de Relaciones Exteriores y del cuerpo diplom\u00e1tico<\/strong>. Antes de asumir el cargo, <strong>Werthein pidi\u00f3 a secretarios y subsecretarios de la Canciller\u00eda que pongan sus renuncias a disposici\u00f3n para evaluar su permanencia<\/strong>. Tambi\u00e9n se reuni\u00f3 con el ministro de Desregulaci\u00f3n, Federico Sturzenegger, para definir c\u00f3mo implementar el recorte entre los 6,000 empleados de la instituci\u00f3n.<\/p>\n\n\n\n<p>El pedido de Milei a Werthein busca concretar la anunciada <strong>\u00abpurga\u00bb en la Canciller\u00eda<\/strong>, que podr\u00eda afectar hasta la mitad del personal diplom\u00e1tico, seg\u00fan fuentes del Gobierno.<\/p>\n\n\n\n<p><strong><a href=\"https:\/\/esreviral.com\/?p=63481\" data-type=\"link\" data-id=\"https:\/\/esreviral.com\/?p=63481\">Werthein asumi\u00f3 el cargo en reemplazo de Diana Mondino,<\/a><\/strong> quien fue desplazada tras el voto argentino en la ONU a favor de Cuba y en contra del embargo de Estados Unidos. Esta postura gener\u00f3 una crisis diplom\u00e1tica al alinear a Argentina en contra de sus principales aliados, Estados Unidos e Israel, en pol\u00edtica exterior. Fuentes cercanas a la Casa Rosada anticiparon que los primeros despidos se enfocar\u00e1n en aquellos que tuvieron responsabilidad en la decisi\u00f3n de apoyar a Cuba.<\/p>\n\n\n\n<p class=\"has-text-align-center\"><em><strong><em><strong><em><strong><a href=\"https:\/\/t.me\/esreviral\">\u00daNETE A NUESTRO CANAL DE TELEGRAM PARA ESTAR INFORMADO<\/a><\/strong><\/em><\/strong><\/em><\/strong><\/em><\/p>\n\n\n\n<p>Durante una entrevista realizada por su pareja, Amalia \u201cYuyito\u201d Gonz\u00e1lez, el presidente Milei reiter\u00f3 su determinaci\u00f3n de avanzar con los despidos en la Canciller\u00eda. \u201c<strong><em>Las personas involucradas en esa decisi\u00f3n son traidoras a la patria y estoy dispuesto a despedirlas a todas. La pol\u00edtica exterior la fija el Presidente, no se puede votar cualquier cosa<\/em><\/strong>\u201d, afirm\u00f3. Milei sostuvo que se est\u00e1 evaluando la v\u00eda legal para proceder con las destituciones y a\u00f1adi\u00f3 que todos los implicados en la votaci\u00f3n a favor de Cuba ser\u00e1n sumariados y despedidos.<\/p>\n\n\n\n<p>El presidente tambi\u00e9n critic\u00f3 a quienes, seg\u00fan \u00e9l, respaldan la \u201c<strong><em>agenda woke<\/em><\/strong>\u201d dentro de la Agenda 2030 y el Pacto 2045, acus\u00e1ndolos de querer imponer sus valores y manejar la vida de otros. \u201c<strong><em>Si quieren manejar el pa\u00eds, que ganen las elecciones<\/em><\/strong>\u201d, expres\u00f3 en referencia a funcionarios de la Canciller\u00eda que respaldaron pol\u00edticas que, en su opini\u00f3n, contradicen sus principios de libertad individual.<\/p>\n\n\n<div class=\"wp-block-image\">\n<figure class=\"aligncenter size-large\"><img decoding=\"async\" src=\"https:\/\/resizer.glanacion.com\/resizer\/v2\/el-ministro-federico-sturzenegger-converso-con-FO2AKBW66RDHNG2F7YCWRUOIHM.JPG?auth=a826524aa926c2fb34e93d3ec181b36438fba96fe77c335b1d82bb710ad2a993&amp;width=780&amp;height=520&amp;quality=70&amp;smart=true\" alt=\"\"\/><\/figure><\/div>\n\n\n<p><strong><mark style=\"background-color:rgba(0, 0, 0, 0)\" class=\"has-inline-color has-vivid-red-color\">El rol de Sturzenegger<\/mark><\/strong><\/p>\n\n\n\n<p>Adem\u00e1s de la \u00abpurga\u00bb, el Gobierno planea reducir a la mitad el personal de la Canciller\u00eda, de alrededor de seis mil empleados. Para ello, Werthein y Sturzenegger han mantenido reuniones para evaluar las condiciones de contrataci\u00f3n y las posibilidades de implementar el recorte.<\/p>\n\n\n\n<p>Fuentes del Ejecutivo se\u00f1alaron que Werthein y Sturzenegger trabajan en un redise\u00f1o estructural de la Canciller\u00eda desde que Milei anunci\u00f3 a Werthein como nuevo canciller.<\/p>\n\n\n\n<p>Adem\u00e1s, el Gobierno hab\u00eda anunciado una auditor\u00eda del personal diplom\u00e1tico para identificar y remover a quienes impulsen \u00abagendas enemigas de la libertad\u00bb. Esta medida est\u00e1 dirigida contra aquellos empleados de la Canciller\u00eda que apoyaron la decisi\u00f3n de Mondino de votar a favor de Cuba. En la Casa Rosada, consideran que esos funcionarios \u201cjuegan en contra de las ideas del Presidente\u201d y estudian la posibilidad de reducir embajadas, proponiendo en su lugar agencias de representaci\u00f3n en pa\u00edses donde consideran innecesario el costo de una sede diplom\u00e1tica completa.<\/p>\n\n\n\n<p>Antes de la salida de Mondino, el apoyo a Cuba hab\u00eda sido justificado como una medida pragm\u00e1tica orientada a ganar votos internacionales en favor de la soberan\u00eda argentina sobre las Islas Malvinas.<\/p>\n\n\n\n<p><\/p>\n\n\n\n<p class=\"has-text-align-center\"><strong><a href=\"https:\/\/chat.whatsapp.com\/KWkTmakY3I05kNdd2oZl6d\"><em>\u00daNETE A NUESTRO GRUPO DE WHATSAPP PARA ESTAR INFORMADO<\/em><\/a><\/strong><\/p>\n\n\n\n<p><\/p>\n","protected":false},"excerpt":{"rendered":"<p>Se lo requiri\u00f3 a Werthein, que asumi\u00f3 y pidi\u00f3 renuncias<\/p>\n","protected":false},"author":3,"featured_media":63738,"comment_status":"closed","ping_status":"closed","sticky":false,"template":"","format":"standard","meta":{"jnews-multi-image_gallery":[],"jnews_single_post":{"subtitle":"","format":"standard","video":"","gallery":"","source_name":"","source_url":"","via_name":"","via_url":"","override_template":"0","override":[{"template":"4","single_blog_custom":"","parallax":"1","fullscreen":"1","layout":"right-sidebar","sidebar":"new-widget-area","second_sidebar":"default-sidebar","sticky_sidebar":"1","share_position":"top","share_float_style":"share-monocrhome","show_share_counter":"1","show_view_counter":"1","show_featured":"1","show_post_meta":"1","show_post_author":"1","show_post_author_image":"1","show_post_date":"1","post_date_format":"default","post_date_format_custom":"Y\/m\/d","show_post_category":"1","show_post_reading_time":"1","post_reading_time_wpm":"300","show_zoom_button":"1","zoom_button_out_step":"2","zoom_button_in_step":"3","show_post_tag":"1","show_prev_next_post":"1","show_popup_post":"1","number_popup_post":"1","show_author_box":"1","show_post_related":"1","show_inline_post_related":"0"}],"override_image_size":"0","image_override":[{"single_post_thumbnail_size":"crop-500","single_post_gallery_size":"crop-500"}],"trending_post":"0","trending_post_position":"meta","trending_post_label":"Trending","sponsored_post":"0","sponsored_post_label":"Sponsored by","sponsored_post_name":"","sponsored_post_url":"","sponsored_post_logo_enable":"0","sponsored_post_logo":"","sponsored_post_desc":"","disable_ad":"0"},"jnews_primary_category":{"id":"","hide":""},"jnews_social_meta":{"fb_title":"","fb_description":"","fb_image":"","twitter_title":"","twitter_description":"","twitter_image":""},"jnews_review":[],"enable_review":"0","type":"percentage","name":"","summary":"","brand":"","sku":"","good":[{"good_text":""}],"bad":[{"bad_text":""}],"score_override":"","override_value":"","rating":[{"rating_text":"","rating_number":"10"}],"price":[{"shop":"","price":"","link":"","icon":""}],"jnews_override_counter":{"override_view_counter":"0","view_counter_number":"0","override_share_counter":"0","share_counter_number":"0","override_like_counter":"0","like_counter_number":"0","override_dislike_counter":"0","dislike_counter_number":"0"},"jnews_post_split":{"enable_post_split":"0","post_split":[{"template":"1","tag":"h2","numbering":"asc","mode":"normal","first":"0","enable_toc":"0","toc_type":"normal"}]},"footnotes":""},"categories":[58,59],"tags":[44,1630,19535,1158,45,14344,19534],"class_list":["post-63737","post","type-post","status-publish","format-standard","has-post-thumbnail","hentry","category-argentina","category-politica","tag-argentina","tag-cancilleria","tag-cuerpo-diplomatico-2","tag-javier-milei","tag-noticias","tag-presidente-javier-milei-2","tag-werthein"],"amp_enabled":true,"_links":{"self":[{"href":"https:\/\/esreviral.com\/index.php?rest_route=\/wp\/v2\/posts\/63737"}],"collection":[{"href":"https:\/\/esreviral.com\/index.php?rest_route=\/wp\/v2\/posts"}],"about":[{"href":"https:\/\/esreviral.com\/index.php?rest_route=\/wp\/v2\/types\/post"}],"author":[{"embeddable":true,"href":"https:\/\/esreviral.com\/index.php?rest_route=\/wp\/v2\/users\/3"}],"replies":[{"embeddable":true,"href":"https:\/\/esreviral.com\/index.php?rest_route=%2Fwp%2Fv2%2Fcomments&post=63737"}],"version-history":[{"count":0,"href":"https:\/\/esreviral.com\/index.php?rest_route=\/wp\/v2\/posts\/63737\/revisions"}],"wp:featuredmedia":[{"embeddable":true,"href":"https:\/\/esreviral.com\/index.php?rest_route=\/wp\/v2\/media\/63738"}],"wp:attachment":[{"href":"https:\/\/esreviral.com\/index.php?rest_route=%2Fwp%2Fv2%2Fmedia&parent=63737"}],"wp:term":[{"taxonomy":"category","embeddable":true,"href":"https:\/\/esreviral.com\/index.php?rest_route=%2Fwp%2Fv2%2Fcategories&post=63737"},{"taxonomy":"post_tag","embeddable":true,"href":"https:\/\/esreviral.com\/index.php?rest_route=%2Fwp%2Fv2%2Ftags&post=63737"}],"curies":[{"name":"wp","href":"https:\/\/api.w.org\/{rel}","templated":true}]}}