{"id":6368,"date":"2021-05-07T19:32:34","date_gmt":"2021-05-07T22:32:34","guid":{"rendered":"http:\/\/esreviral.com\/?p=6368"},"modified":"2021-05-07T19:32:34","modified_gmt":"2021-05-07T22:32:34","slug":"una-a-una-las-nuevas-medicas-economicas-para-beneficio-de-todos","status":"publish","type":"post","link":"https:\/\/esreviral.com\/?p=6368","title":{"rendered":"Una a una las nuevas medidas econ\u00f3micas para beneficio de todos"},"content":{"rendered":"\n<p>El presidente Alberto Fern\u00e1ndez afirn\u00f3 que nada le preocupa \u00abm\u00e1s que el hambre de los argentinos\u00bb, al anunciar un nuevo programa de asistencia social y econ\u00f3mico en el Museo del Bicentenario de Casa Rosada, en la quinta reuni\u00f3n del Consejo Federal Argentina contra el Hambre.<\/p>\n\n\n\n<p>En este marco, el mandatario nacional hizo una serie de anuncios en materia social y econ\u00f3mica. Al mismo tiempo, y al referirse a la situaci\u00f3n econ\u00f3mica actual y la inflaci\u00f3n, sostuvo que \u00abno hay dinero que alcance para poner en los bolsillos de los argentinos que lo necesitan si siguen aumentando los precios\u00bb, por lo que llam\u00f3 a los empresarios a \u00abponer l\u00edmite\u00bb a los ajustes y les pidi\u00f3 \u00absolidaridad\u00bb.<\/p>\n\n\n\n<p>\u00abNos preocupamos por combatir la pobreza como \u00fanico modo posible de que la sociedad crezca\u00bb, asegur\u00f3 el Presidente, y pidi\u00f3 a empresarios y a los sectores pudientes aportar para disminuir la brecha de desigualdad que hay en la Argentina.<\/p>\n\n\n\n<p><strong><span style=\"background-color:#9a1b22\" class=\"td_text_highlight_marker\">Tarjeta Alimentar<\/span><\/strong><\/p>\n\n\n\n<p>Se ampl\u00eda su alcance a ni\u00f1as y ni\u00f1os de hasta 14 a\u00f1os (era hasta 6 a\u00f1os).<\/p>\n\n\n\n<p>Alcanza a casi dos millones y medio de familias (hasta ahora eran 1.500.000)<\/p>\n\n\n\n<p>Representa una inversi\u00f3n mensual de 30 mil millones de pesos (hasta ahora eran 10 mil millones)<\/p>\n\n\n\n<p>El monto de la tarjeta ser\u00e1 de 6000 pesos para madres con un hijo; 9000 pesos para dos hijos; y 12000 para tres o m\u00e1s hijos.<\/p>\n\n\n\n<p>La cantidad de ni\u00f1as y ni\u00f1os pasa de 1.900.000 a 3.700.000 chicas y chicos.<\/p>\n\n\n\n<p><strong><span style=\"background-color:#9a1b22\" class=\"td_text_highlight_marker\">ACUERDO DE CARNE A PRECIOS ACCESIBLES<\/span><\/strong><\/p>\n\n\n\n<p>Comienza el martes 11 de mayo, es hasta el 31 de diciembre, con actualizaci\u00f3n trimestral.<br>\u25cf Es un acuerdo integral, incluye los cortes m\u00e1s representativos del consumo de las argentinas y los argentinos.<br>\u25cf Se agrega un corte. Se ofrecen 9 cortes de carne (se agreg\u00f3 la paleta, para<br>reforzar el consumo de cortes para cocci\u00f3n a la olla).<br>Si se tienen en cuenta los dos cortes de Pecios Cuidados, hay 11 cortes a precios accesibles.<br>\u25cf Se ampl\u00edan los d\u00edas de oferta. Es de lunes a viernes, todas las semanas. As\u00ed<br>se pasa de 9 a 20 d\u00edas del mes. Por temas sanitarios no se incluyeron los fines de semana para no aglomerar gente en pocos d\u00edas.<br>\u25cf La mayor\u00eda de los precios de venta<br>del acuerdo se mantienen sin cambios o presentan rebajas (como el asado)<br>respecto del acuerdo previo, y muy por debajo de los precios de la carne vigente.<br>\u25cf El Mercado Central tendr\u00e1 un acuerdo espec\u00edfico. Ah\u00ed se vender\u00e1 todos los d\u00edas con una oferta espec\u00edfica (de martes a s\u00e1bado).<br>\u25cf Se ampl\u00eda la cobertura. Se agrega un sistema itinerante de comercializaci\u00f3n de carne en municipios. Son camiones con venta directa al p\u00fablico de m\u00e1s de<br>5.000 kg por cami\u00f3n.<br>\u25cf Se acuerda un volumen inicial para el mes de mayo de m\u00e1s de 8 millones de kilos, pero se podr\u00e1 aumentar seg\u00fan c\u00f3mo vengan las ventas.<br>Es uno de los acuerdos de mayor alcance logrado con el sector de los \u00faltimos a\u00f1os.<br>\u25cf Es un acuerdo con el consorcio de exportadores ABC (principal proveedor del canal supermercados), las c\u00e1maras CADIF, FIFRA, UNICA y los supermercados agrupados en ASU.<br><\/p>\n\n\n\n<p><strong><span style=\"background-color:#9a1b22\" class=\"td_text_highlight_marker\">MERCADO FEDERAL AMBULANTE<\/span><\/strong><\/p>\n\n\n\n<ul class=\"wp-block-list\"><li>Va a ofrecer a las y los consumidores alimentos frescos a precios accesibles y sin intermediarios.<\/li><li>Son entre un 30% y un 40% m\u00e1s bajos respecto del comercio minorista habitual.<\/li><\/ul>\n\n\n\n<p><strong>Etapas del programa<\/strong><br>1\ufe0f\u20e3Una flota de camiones recorrer\u00e1 semanalmente distritos del AMBA vendiendo bolsones de frutas y verduras a precios accesibles.<br>2\ufe0f\u20e3Se sumar\u00e1n otros productos frescos (l\u00e1cteos y carne).<br>3\ufe0f\u20e3Se extender\u00e1 a todo el pa\u00eds.<\/p>\n\n\n\n<p><strong>Bolsones<\/strong><br>Se vender\u00e1n bolsones con frutas y verduras seleccionadas.<br>\u25cf Bols\u00f3n de hortalizas 5kg: $140<br>\u25cf Bols\u00f3n de vegetales 5kg: $260<br>\u25cf Bols\u00f3n de frutas 5kg: $290<\/p>\n","protected":false},"excerpt":{"rendered":"<p>El presidente Alberto Fern\u00e1ndez afirn\u00f3 que nada le preocupa \u00abm\u00e1s que el hambre de los argentinos\u00bb, al anunciar un nuevo programa de asistencia social y econ\u00f3mico en el Museo del Bicentenario de Casa Rosada, en la quinta reuni\u00f3n del Consejo Federal Argentina contra el Hambre. En este marco, el mandatario nacional hizo una serie de [&hellip;]<\/p>\n","protected":false},"author":2,"featured_media":6369,"comment_status":"open","ping_status":"open","sticky":false,"template":"","format":"standard","meta":{"jnews-multi-image_gallery":[],"jnews_single_post":[],"jnews_primary_category":[],"jnews_social_meta":[],"jnews_review":[],"enable_review":"","type":"","name":"","summary":"","brand":"","sku":"","good":[],"bad":[],"score_override":"","override_value":"","rating":[],"price":[],"jnews_override_counter":[],"jnews_post_split":[],"footnotes":""},"categories":[58,61],"tags":[44,62,45],"class_list":["post-6368","post","type-post","status-publish","format-standard","has-post-thumbnail","hentry","category-argentina","category-economia","tag-argentina","tag-economia","tag-noticias"],"amp_enabled":true,"_links":{"self":[{"href":"https:\/\/esreviral.com\/index.php?rest_route=\/wp\/v2\/posts\/6368"}],"collection":[{"href":"https:\/\/esreviral.com\/index.php?rest_route=\/wp\/v2\/posts"}],"about":[{"href":"https:\/\/esreviral.com\/index.php?rest_route=\/wp\/v2\/types\/post"}],"author":[{"embeddable":true,"href":"https:\/\/esreviral.com\/index.php?rest_route=\/wp\/v2\/users\/2"}],"replies":[{"embeddable":true,"href":"https:\/\/esreviral.com\/index.php?rest_route=%2Fwp%2Fv2%2Fcomments&post=6368"}],"version-history":[{"count":0,"href":"https:\/\/esreviral.com\/index.php?rest_route=\/wp\/v2\/posts\/6368\/revisions"}],"wp:featuredmedia":[{"embeddable":true,"href":"https:\/\/esreviral.com\/index.php?rest_route=\/"}],"wp:attachment":[{"href":"https:\/\/esreviral.com\/index.php?rest_route=%2Fwp%2Fv2%2Fmedia&parent=6368"}],"wp:term":[{"taxonomy":"category","embeddable":true,"href":"https:\/\/esreviral.com\/index.php?rest_route=%2Fwp%2Fv2%2Fcategories&post=6368"},{"taxonomy":"post_tag","embeddable":true,"href":"https:\/\/esreviral.com\/index.php?rest_route=%2Fwp%2Fv2%2Ftags&post=6368"}],"curies":[{"name":"wp","href":"https:\/\/api.w.org\/{rel}","templated":true}]}}