{"id":6362,"date":"2021-05-07T16:20:14","date_gmt":"2021-05-07T19:20:14","guid":{"rendered":"http:\/\/esreviral.com\/?p=6362"},"modified":"2021-05-07T16:20:14","modified_gmt":"2021-05-07T19:20:14","slug":"suspendieron-el-paro-de-colectivos-y-habra-servicio-nocturno","status":"publish","type":"post","link":"https:\/\/esreviral.com\/?p=6362","title":{"rendered":"Suspendieron el paro de colectivos y habr\u00e1 servicio nocturno"},"content":{"rendered":"\n<p>Las empresas de colectivos del AMBA levantaron el paro y habr\u00e1 servicio la noche del viernes. Las compa\u00f1\u00edas reclamaban que\u00a0los aportes que reciben v\u00eda\u00a0<strong>subsidios<\/strong>\u00a0del Estado nacional\u00a0<strong>no son suficientes<\/strong>\u00a0para mantener el servicio nocturno. Hab\u00edan amenazado con la medida de fuerza para \u201cutilizar los recursos disponibles para dar adecuada cobertura en los horarios de\u00a0<strong>mayor necesidad<\/strong>\u00a0de los pasajeros\u201d.<\/p>\n\n\n\n<p>Los representantes de las c\u00e1maras empresariales que nuclean a todas las l\u00edneas de colectivos del AMBA (AAETA, ACTA, CEAP, CETUBA, CTPBA) mantuvieron este viernes una reuni\u00f3n virtual con el Subsecretario de Transporte de la Naci\u00f3n,&nbsp;<strong>Marcos Farina<\/strong>.<\/p>\n\n\n\n<p>En un comunicado, adelantaron que la semana pr\u00f3xima se realizar\u00e1n reuniones en el \u00e1mbito del Ministerio de Transporte para&nbsp;<strong>analizar y definir la actualizaci\u00f3n de costos e ingresos del sector<\/strong>. El funcionario inform\u00f3 que en los pr\u00f3ximos d\u00edas&nbsp;<strong>se depositar\u00e1 a las empresas importes adeudados&nbsp;<\/strong>correspondientes al a\u00f1o 2020.<\/p>\n\n\n\n<p>\u201cLa precaria situaci\u00f3n de las empresas del AMBA se evidenci\u00f3 en el d\u00eda de hoy en el que varias l\u00edneas de colectivos estuvieron paradas por la imposibilidad de las empresas de abonar los salarios completos a sus trabajadores. En tal sentido, las c\u00e1maras empresarias manifestaron que\u00a0<strong>resulta extremadamente complejo mantener la normal operaci\u00f3n de los servicios<\/strong>, teniendo en cuenta el congelamiento tarifario desde hace m\u00e1s de dos a\u00f1os y el retraso en el reconocimiento del impacto de la inflaci\u00f3n en los costos desde hace m\u00e1s de ocho meses\u201d, afirmaron.<\/p>\n\n\n\n<p class=\"has-text-align-right\"><strong><em>TN.-<\/em><\/strong><\/p>\n","protected":false},"excerpt":{"rendered":"<p>Hubo una reuni\u00f3n con el subsecretario de transporte con quien llegaron a un acuerdo<\/p>\n","protected":false},"author":2,"featured_media":6363,"comment_status":"open","ping_status":"open","sticky":false,"template":"","format":"standard","meta":{"jnews-multi-image_gallery":[],"jnews_single_post":[],"jnews_primary_category":[],"jnews_social_meta":[],"jnews_review":[],"enable_review":"","type":"","name":"","summary":"","brand":"","sku":"","good":[],"bad":[],"score_override":"","override_value":"","rating":[],"price":[],"jnews_override_counter":[],"jnews_post_split":[],"footnotes":""},"categories":[58],"tags":[204,44,780],"class_list":["post-6362","post","type-post","status-publish","format-standard","has-post-thumbnail","hentry","category-argentina","tag-amba","tag-argentina","tag-paro-de-transporte"],"amp_enabled":true,"_links":{"self":[{"href":"https:\/\/esreviral.com\/index.php?rest_route=\/wp\/v2\/posts\/6362"}],"collection":[{"href":"https:\/\/esreviral.com\/index.php?rest_route=\/wp\/v2\/posts"}],"about":[{"href":"https:\/\/esreviral.com\/index.php?rest_route=\/wp\/v2\/types\/post"}],"author":[{"embeddable":true,"href":"https:\/\/esreviral.com\/index.php?rest_route=\/wp\/v2\/users\/2"}],"replies":[{"embeddable":true,"href":"https:\/\/esreviral.com\/index.php?rest_route=%2Fwp%2Fv2%2Fcomments&post=6362"}],"version-history":[{"count":0,"href":"https:\/\/esreviral.com\/index.php?rest_route=\/wp\/v2\/posts\/6362\/revisions"}],"wp:featuredmedia":[{"embeddable":true,"href":"https:\/\/esreviral.com\/index.php?rest_route=\/"}],"wp:attachment":[{"href":"https:\/\/esreviral.com\/index.php?rest_route=%2Fwp%2Fv2%2Fmedia&parent=6362"}],"wp:term":[{"taxonomy":"category","embeddable":true,"href":"https:\/\/esreviral.com\/index.php?rest_route=%2Fwp%2Fv2%2Fcategories&post=6362"},{"taxonomy":"post_tag","embeddable":true,"href":"https:\/\/esreviral.com\/index.php?rest_route=%2Fwp%2Fv2%2Ftags&post=6362"}],"curies":[{"name":"wp","href":"https:\/\/api.w.org\/{rel}","templated":true}]}}