{"id":6359,"date":"2021-05-07T16:10:21","date_gmt":"2021-05-07T19:10:21","guid":{"rendered":"http:\/\/esreviral.com\/?p=6359"},"modified":"2021-05-07T16:10:21","modified_gmt":"2021-05-07T19:10:21","slug":"clausuran-otro-bar-en-palermo-por-fiesta-clandestina-con-mas-de-70-personas-video","status":"publish","type":"post","link":"https:\/\/esreviral.com\/?p=6359","title":{"rendered":"Clausuran otro bar en Palermo por fiesta clandestina con m\u00e1s de 70 personas (+VIDEO)"},"content":{"rendered":"\n<p>Un evento de m\u00fasica electr\u00f3nica con 70 personas en un bar del barrio de Palermo fue desbaratado en la noche del jueves 6 de mayo bajo la actuaci\u00f3n del Cuerpo de Investigaciones Judiciales que depende del Ministerio P\u00fablico Fiscal porte\u00f1o.<\/p>\n\n\n\n<p>El operativo comenz\u00f3 a ra\u00edz de que el equipo de la Oficina de Coordinaci\u00f3n Operativa del Cuerpo de Investigaciones Judiciales, luego del an\u00e1lisis en redes sociales detectara la convocatoria a un evento de m\u00fasica electr\u00f3nica que ten\u00eda lugar los d\u00edas jueves y s\u00e1bados en la terraza de un bar de Palermo, sobre la Av. Niceto Vega al 5000. El anuncio promocionaba \u201cROOFTOP HOME SESSIONS\u201d.<\/p>\n\n\n\n<figure class=\"wp-block-embed-twitter wp-block-embed is-type-rich is-provider-twitter\"><div class=\"wp-block-embed__wrapper\">\n<blockquote class=\"twitter-tweet\" data-width=\"500\" data-dnt=\"true\"><p lang=\"es\" dir=\"ltr\">Clausuraron un bar en Palermo donde hac\u00edan fiesta clandestina con m\u00e1s de 70 personas que estaban sin barbijos y sin medidas preventivas <a href=\"https:\/\/t.co\/iAlTsa4QWe\">pic.twitter.com\/iAlTsa4QWe<\/a><\/p>&mdash; ES RE VIRAL (@esreviral) <a href=\"https:\/\/twitter.com\/esreviral\/status\/1390743426417795081?ref_src=twsrc%5Etfw\">May 7, 2021<\/a><\/blockquote><script async src=\"https:\/\/platform.twitter.com\/widgets.js\" charset=\"utf-8\"><\/script>\n<\/div><\/figure>\n\n\n\n<p>El episodio tuvo lugar en bar El Carnal, ubicado en la calle Niceto Vega al 5500. En el primer piso del lugar se desarrollaba el evento de m\u00fasica electr\u00f3nica con aproximadamente 50 personas. Mientras tanto, en la planta baja del establecimiento tocaba una banda de m\u00fasica ante otras 20 personas m\u00e1s, sin ventilaci\u00f3n y sin barbijos.<\/p>\n\n\n\n<p>Frente a esta situaci\u00f3n, fue notificado el fiscal Kessler, que dispuso la identificaci\u00f3n de todos los presentes, quienes incumpl\u00edan las disposiciones que proh\u00edben las reuniones interiores de cualquier tipo. Asimismo, el fiscal solicit\u00f3 la corroboraci\u00f3n de los permisos correspondientes para circular por parte de los presentes.<\/p>\n\n\n\n<p>A su vez, El DR. Kessler dispuso: labrado de actuaciones y notificacion por infr. al 205 a TODOS los presentes; detenci\u00f3n del due\u00f1o del local por 205; labrado de acta contravencional por infr. Art. 129; secuestro de los equipos de audio y badejas del local utilizadas para el evento; clausura judicial y tapiado.<\/p>\n\n\n\n<p><\/p>\n","protected":false},"excerpt":{"rendered":"<p>Un evento de m\u00fasica electr\u00f3nica con 70 personas en un bar del barrio de Palermo fue desbaratado en la noche del jueves 6 de mayo bajo la actuaci\u00f3n del Cuerpo de Investigaciones Judiciales que depende del Ministerio P\u00fablico Fiscal porte\u00f1o. El operativo comenz\u00f3 a ra\u00edz de que el equipo de la Oficina de Coordinaci\u00f3n Operativa [&hellip;]<\/p>\n","protected":false},"author":2,"featured_media":6360,"comment_status":"open","ping_status":"open","sticky":false,"template":"","format":"standard","meta":{"jnews-multi-image_gallery":[],"jnews_single_post":[],"jnews_primary_category":[],"jnews_social_meta":[],"jnews_review":[],"enable_review":"","type":"","name":"","summary":"","brand":"","sku":"","good":[],"bad":[],"score_override":"","override_value":"","rating":[],"price":[],"jnews_override_counter":[],"jnews_post_split":[],"footnotes":""},"categories":[58],"tags":[45,784],"class_list":["post-6359","post","type-post","status-publish","format-standard","has-post-thumbnail","hentry","category-argentina","tag-noticias","tag-palermo"],"amp_enabled":true,"_links":{"self":[{"href":"https:\/\/esreviral.com\/index.php?rest_route=\/wp\/v2\/posts\/6359"}],"collection":[{"href":"https:\/\/esreviral.com\/index.php?rest_route=\/wp\/v2\/posts"}],"about":[{"href":"https:\/\/esreviral.com\/index.php?rest_route=\/wp\/v2\/types\/post"}],"author":[{"embeddable":true,"href":"https:\/\/esreviral.com\/index.php?rest_route=\/wp\/v2\/users\/2"}],"replies":[{"embeddable":true,"href":"https:\/\/esreviral.com\/index.php?rest_route=%2Fwp%2Fv2%2Fcomments&post=6359"}],"version-history":[{"count":0,"href":"https:\/\/esreviral.com\/index.php?rest_route=\/wp\/v2\/posts\/6359\/revisions"}],"wp:featuredmedia":[{"embeddable":true,"href":"https:\/\/esreviral.com\/index.php?rest_route=\/"}],"wp:attachment":[{"href":"https:\/\/esreviral.com\/index.php?rest_route=%2Fwp%2Fv2%2Fmedia&parent=6359"}],"wp:term":[{"taxonomy":"category","embeddable":true,"href":"https:\/\/esreviral.com\/index.php?rest_route=%2Fwp%2Fv2%2Fcategories&post=6359"},{"taxonomy":"post_tag","embeddable":true,"href":"https:\/\/esreviral.com\/index.php?rest_route=%2Fwp%2Fv2%2Ftags&post=6359"}],"curies":[{"name":"wp","href":"https:\/\/api.w.org\/{rel}","templated":true}]}}