{"id":6353,"date":"2021-05-07T15:42:54","date_gmt":"2021-05-07T18:42:54","guid":{"rendered":"http:\/\/esreviral.com\/?p=6353"},"modified":"2021-05-07T15:42:54","modified_gmt":"2021-05-07T18:42:54","slug":"quien-mato-a-sara-tratara-mas-problemas-sociales-en-su-segunda-temporada","status":"publish","type":"post","link":"https:\/\/esreviral.com\/?p=6353","title":{"rendered":"\u00bfQui\u00e9n mat\u00f3 a Sara? tratar\u00e1 m\u00e1s problemas sociales en su segunda temporada"},"content":{"rendered":"\n<p>La serie latina de Netflix m\u00e1s popular en el mundo, \u00ab\u00bfQui\u00e9n mat\u00f3 a Sara?\u00bb, regresa este 19 de mayo con toda la verdad del asesinato de Sara en su segunda temporada, pero con una visi\u00f3n m\u00e1s cruda de la realidad en la que la historia de la inocente v\u00edctima tomar\u00e1 otro rumbo.<\/p>\n\n\n\n<p>\u00abVamos a descubrir cosas de Sara que no conoc\u00edamos. Marifer era su amiga desde chiquita y revelar\u00e1 muchas cosas con las que su hermano se impactar\u00e1. Se van a empezar a unir las piezas de todos los personajes\u00bb, cont\u00f3 a Efe Litzy Dom\u00ednguez en conferencia virtual con medios internacionales este jueves.<\/p>\n\n\n\n<p>Tras un largo trabajo de indagaciones y de b\u00fasqueda de venganza por parte de \u00c1lex, el personaje que interpreta el actor colombiano Manolo Cardona, tendr\u00e1 que enfrentar en esta temporada todos los secretos que encontr\u00f3 y su confusi\u00f3n llegar\u00e1 al l\u00edmite.<\/p>\n\n\n\n<p>\u00abEl reto m\u00e1s grande es que \u00c1lex se enfrentar\u00e1 a la verdad, eso va a cambiar muchas cosas, lo va a hacer replantearse y vamos a ver qu\u00e9 camino va a agarrar\u00bb, asegur\u00f3 el protagonista.<\/p>\n\n\n\n<p>La serie, adem\u00e1s, seguir\u00e1 abordando temas sociales como la discriminaci\u00f3n, la homofobia, el maltrato a las mujeres y un tema fundamental que se suma al debate: el tratamiento de ciertos problemas mentales.<\/p>\n\n\n\n<p>En la conferencia, el elenco destac\u00f3 tambi\u00e9n el gran trabajo en equipo que supuso integrar una producci\u00f3n realizada en dos l\u00edneas de tiempo, pues la construcci\u00f3n de sus personajes se llev\u00f3 a cabo de manera conjunta.<\/p>\n\n\n\n<p>\u00abLejos de sentirse un reto se sinti\u00f3 como un apoyo. Adem\u00e1s del parecido f\u00edsico que el castin lo hizo incre\u00edble, el parecido entre los personajes es igual porque se construyeron en conjunto\u00bb, respondi\u00f3 a Efe en la misma conferencia Polo Mor\u00edn, quien trabaj\u00f3 con Eugenio Siller para interpretar las dos edades de Chema Lazcano.<\/p>\n\n\n\n<p>El actor Leo Deluglio interpreta, junto a Cardona, el personaje de \u00c1lex, solo que cuando era m\u00e1s joven.<\/p>\n\n\n\n<p>Deluglio asegur\u00f3 que el encuentro que tuvo con Manolo Cardona fue impactante, pues adem\u00e1s de las similitudes f\u00edsicas y del personaje de \u00c1lex, se dieron cuenta que tambi\u00e9n compart\u00edan muchas coincidencias de personalidad fuera de la ficci\u00f3n.<\/p>\n\n\n\n<p>\u00abHemos creado nuestros personajes con la mirada de nuestros compa\u00f1eros, todo lo que pas\u00f3 con la pandemia nos uni\u00f3 de una manera en que ten\u00edamos que aprovechar el set para saber del otro, estuvimos m\u00e1s a flor de piel\u00bb, dijo a su vez el actor espa\u00f1ol Gin\u00e9s Garc\u00eda, el gran villano de la serie.<\/p>\n\n\n\n<p>Sobre el \u00e9xito mundial de esta serie, Cardona asegur\u00f3 que espera que \u00ab\u00bfQui\u00e9n mat\u00f3 a Sara?\u00bb les abra las puertas a m\u00e1s series latinoamericanas que ense\u00f1en el talento y la calidad de esta regi\u00f3n.<\/p>\n","protected":false},"excerpt":{"rendered":"<p>La serie latina de Netflix m\u00e1s popular en el mundo, \u00ab\u00bfQui\u00e9n mat\u00f3 a Sara?\u00bb, regresa este 19 de mayo con toda la verdad del asesinato de Sara en su segunda temporada, pero con una visi\u00f3n m\u00e1s cruda de la realidad en la que la historia de la inocente v\u00edctima tomar\u00e1 otro rumbo. \u00abVamos a descubrir [&hellip;]<\/p>\n","protected":false},"author":2,"featured_media":6354,"comment_status":"open","ping_status":"open","sticky":false,"template":"","format":"standard","meta":{"jnews-multi-image_gallery":[],"jnews_single_post":[],"jnews_primary_category":[],"jnews_social_meta":[],"jnews_review":[],"enable_review":"","type":"","name":"","summary":"","brand":"","sku":"","good":[],"bad":[],"score_override":"","override_value":"","rating":[],"price":[],"jnews_override_counter":[],"jnews_post_split":[],"footnotes":""},"categories":[50],"tags":[45,685],"class_list":["post-6353","post","type-post","status-publish","format-standard","has-post-thumbnail","hentry","category-entretenimiento","tag-noticias","tag-quien-mato-a-sara"],"amp_enabled":true,"_links":{"self":[{"href":"https:\/\/esreviral.com\/index.php?rest_route=\/wp\/v2\/posts\/6353"}],"collection":[{"href":"https:\/\/esreviral.com\/index.php?rest_route=\/wp\/v2\/posts"}],"about":[{"href":"https:\/\/esreviral.com\/index.php?rest_route=\/wp\/v2\/types\/post"}],"author":[{"embeddable":true,"href":"https:\/\/esreviral.com\/index.php?rest_route=\/wp\/v2\/users\/2"}],"replies":[{"embeddable":true,"href":"https:\/\/esreviral.com\/index.php?rest_route=%2Fwp%2Fv2%2Fcomments&post=6353"}],"version-history":[{"count":0,"href":"https:\/\/esreviral.com\/index.php?rest_route=\/wp\/v2\/posts\/6353\/revisions"}],"wp:featuredmedia":[{"embeddable":true,"href":"https:\/\/esreviral.com\/index.php?rest_route=\/"}],"wp:attachment":[{"href":"https:\/\/esreviral.com\/index.php?rest_route=%2Fwp%2Fv2%2Fmedia&parent=6353"}],"wp:term":[{"taxonomy":"category","embeddable":true,"href":"https:\/\/esreviral.com\/index.php?rest_route=%2Fwp%2Fv2%2Fcategories&post=6353"},{"taxonomy":"post_tag","embeddable":true,"href":"https:\/\/esreviral.com\/index.php?rest_route=%2Fwp%2Fv2%2Ftags&post=6353"}],"curies":[{"name":"wp","href":"https:\/\/api.w.org\/{rel}","templated":true}]}}