{"id":6342,"date":"2021-05-07T11:14:51","date_gmt":"2021-05-07T14:14:51","guid":{"rendered":"http:\/\/esreviral.com\/?p=6342"},"modified":"2021-05-07T11:14:51","modified_gmt":"2021-05-07T14:14:51","slug":"esta-noche-inicia-el-paro-de-colectivos-lineas-adheridas-y-hasta-cuando-es-te-lo-contamos","status":"publish","type":"post","link":"https:\/\/esreviral.com\/?p=6342","title":{"rendered":"Esta noche inicia el paro de colectivos, l\u00edneas adheridas y hasta cu\u00e1ndo es, te lo contamos"},"content":{"rendered":"\n<p>Las\u00a0c\u00e1maras empresariales que reunen a las operadoras de transporte p\u00fablico de pasajeros\u00a0\u00a0del\u00a0\u00c1rea Metropolitana de Buenos Aires (AMBA), anunciaron un paro de servicios para este viernes 7 de mayo.<\/p>\n\n\n\n<p><strong>\u00abLa medida adoptada tiene por objeto salvaguardar la continuidad de la operaci\u00f3n en los horarios m\u00e1s necesarios, teniendo en cuenta el congelamiento tarifario desde hace m\u00e1s de dos a\u00f1os y el retraso en el reconocimiento del impacto de la inflaci\u00f3n en los costos desde hace m\u00e1s de ocho meses\u00bb<\/strong>, dice el comunicado firmado por gran parte de las asociaciones de transportistas.<\/p>\n\n\n\n<p>Por su parte, el subsecretario de Transporte de la Naci\u00f3n, Marcelo Farina, dijo que se sancionar\u00e1n a las empresas que no presten servicio. \u00abAnte versiones de suspensiones de servicios de colectivos para ma\u00f1ana (por hoy) es necesario aclarar que se sancionar\u00e1n a las empresas que no cumplan manteniendo la frecuencia m\u00e1xima y garantizando los protocolos Covid-19 establecidos. <\/p>\n\n\n\n<p><strong><span style=\"background-color:#9a1b22\" class=\"td_text_highlight_marker\">\u00bfEn qu\u00e9 horarios y hasta cu\u00e1ndo es el paro de colectivos en el AMBA?<\/span><\/strong><\/p>\n\n\n\n<p>El cese de servicios se dar\u00e1&nbsp;<strong>entre las 21:00 del viernes 7 de mayo y las 06:00 del s\u00e1bado 8<\/strong>, seg\u00fan se comunic\u00f3. \u00abA las 21 saldr\u00e1 el \u00faltimo servicio del d\u00eda de cada cabecera de cada l\u00ednea, retom\u00e1ndose las prestaciones a partir de las 6 horas del d\u00eda siguiente, tambi\u00e9n de cada cabecera\u00bb, explicaron las c\u00e1maras empresariales.<\/p>\n\n\n\n<p><strong><span style=\"background-color:#9a1b22\" class=\"td_text_highlight_marker\">\u00bfQu\u00e9 l\u00edneas de colectivos se adhieren al paro?<\/span><\/strong><\/p>\n\n\n\n<p>La medida afecta a todas las l\u00edneas de colectivos del \u00c1rea Metropolitana de Buenos Aires (AMBA).<\/p>\n","protected":false},"excerpt":{"rendered":"<p>La medida fue anunciada la noche del jueves<\/p>\n","protected":false},"author":2,"featured_media":6343,"comment_status":"open","ping_status":"open","sticky":false,"template":"","format":"standard","meta":{"jnews-multi-image_gallery":[],"jnews_single_post":[],"jnews_primary_category":[],"jnews_social_meta":[],"jnews_review":[],"enable_review":"","type":"","name":"","summary":"","brand":"","sku":"","good":[],"bad":[],"score_override":"","override_value":"","rating":[],"price":[],"jnews_override_counter":[],"jnews_post_split":[],"footnotes":""},"categories":[58],"tags":[204,780],"class_list":["post-6342","post","type-post","status-publish","format-standard","has-post-thumbnail","hentry","category-argentina","tag-amba","tag-paro-de-transporte"],"amp_enabled":true,"_links":{"self":[{"href":"https:\/\/esreviral.com\/index.php?rest_route=\/wp\/v2\/posts\/6342"}],"collection":[{"href":"https:\/\/esreviral.com\/index.php?rest_route=\/wp\/v2\/posts"}],"about":[{"href":"https:\/\/esreviral.com\/index.php?rest_route=\/wp\/v2\/types\/post"}],"author":[{"embeddable":true,"href":"https:\/\/esreviral.com\/index.php?rest_route=\/wp\/v2\/users\/2"}],"replies":[{"embeddable":true,"href":"https:\/\/esreviral.com\/index.php?rest_route=%2Fwp%2Fv2%2Fcomments&post=6342"}],"version-history":[{"count":0,"href":"https:\/\/esreviral.com\/index.php?rest_route=\/wp\/v2\/posts\/6342\/revisions"}],"wp:featuredmedia":[{"embeddable":true,"href":"https:\/\/esreviral.com\/index.php?rest_route=\/"}],"wp:attachment":[{"href":"https:\/\/esreviral.com\/index.php?rest_route=%2Fwp%2Fv2%2Fmedia&parent=6342"}],"wp:term":[{"taxonomy":"category","embeddable":true,"href":"https:\/\/esreviral.com\/index.php?rest_route=%2Fwp%2Fv2%2Fcategories&post=6342"},{"taxonomy":"post_tag","embeddable":true,"href":"https:\/\/esreviral.com\/index.php?rest_route=%2Fwp%2Fv2%2Ftags&post=6342"}],"curies":[{"name":"wp","href":"https:\/\/api.w.org\/{rel}","templated":true}]}}