{"id":6336,"date":"2021-05-07T10:49:27","date_gmt":"2021-05-07T13:49:27","guid":{"rendered":"http:\/\/esreviral.com\/?p=6336"},"modified":"2021-05-07T10:49:27","modified_gmt":"2021-05-07T13:49:27","slug":"fuerte-cruce-entre-argentina-y-colombia-tras-opinion-de-fernandez-con-preocupacion-observo-la-represion-desatada-ante-las-protestas-sociales","status":"publish","type":"post","link":"https:\/\/esreviral.com\/?p=6336","title":{"rendered":"Fuerte cruce entre Argentina y Colombia tras opini\u00f3n de Fern\u00e1ndez: \u00abCon preocupaci\u00f3n observo la represi\u00f3n desatada ante las protestas sociales\u00bb"},"content":{"rendered":"\n<p><strong><em>CIS.- <\/em><\/strong>Argentina vs Colombia. No, no es un partido de f\u00fatbol sino una nueva disputa que se debate en las redes sociales entre los pa\u00edses organizadores de la pr\u00f3xima Copa Am\u00e9rica. <\/p>\n\n\n\n<p>Y es que, el presidente Alberto Fern\u00e1ndez, public\u00f3 su opini\u00f3n en twitter donde dijo que \u00abcon preocupaci\u00f3n observo la represi\u00f3n desatada ante las protestas sociales ocurridas en Colombia\u00bb. <\/p>\n\n\n\n<figure class=\"wp-block-embed-twitter wp-block-embed is-type-rich is-provider-twitter\"><div class=\"wp-block-embed__wrapper\">\n<blockquote class=\"twitter-tweet\" data-width=\"500\" data-dnt=\"true\"><p lang=\"es\" dir=\"ltr\">Con preocupaci\u00f3n observo la represi\u00f3n desatada ante las protestas sociales ocurridas en Colombia. Ruego porque el pueblo colombiano retome la paz social e insto a su gobierno a que, en resguardo de los derechos humanos, cese la singular violencia institucional que se ha ejercido. <a href=\"https:\/\/t.co\/ddDutWEfDa\">pic.twitter.com\/ddDutWEfDa<\/a><\/p>&mdash; Alberto Fern\u00e1ndez (@alferdez) <a href=\"https:\/\/twitter.com\/alferdez\/status\/1390473498234167298?ref_src=twsrc%5Etfw\">May 7, 2021<\/a><\/blockquote><script async src=\"https:\/\/platform.twitter.com\/widgets.js\" charset=\"utf-8\"><\/script>\n<\/div><\/figure>\n\n\n\n<p>No hab\u00edan pasado ni doce horas cuando el gobierno del presidente Iv\u00e1n Duque a trav\u00e9s de la cuenta oficial de la canciller\u00eda se pronunci\u00f3 al respecto y rechaz\u00f3 la posici\u00f3n del mandatario argentino. <\/p>\n\n\n\n<figure class=\"wp-block-embed-twitter wp-block-embed is-type-rich is-provider-twitter\"><div class=\"wp-block-embed__wrapper\">\n<blockquote class=\"twitter-tweet\" data-width=\"500\" data-dnt=\"true\"><p lang=\"es\" dir=\"ltr\">Canciller\u00eda, en nombre del Gob. de COL, rechaza firmemente las declaraciones del presidente Alberto Fern\u00e1ndez,que desconocen que miles de colombianos han tenido,conforme a nuestro Estado de Derecho, todas las garant\u00edas para ejercer la protesta pac\u00edfica a lo largo y ancho del pa\u00eds<\/p>&mdash; Canciller\u00eda Colombia (@CancilleriaCol) <a href=\"https:\/\/twitter.com\/CancilleriaCol\/status\/1390649906604515329?ref_src=twsrc%5Etfw\">May 7, 2021<\/a><\/blockquote><script async src=\"https:\/\/platform.twitter.com\/widgets.js\" charset=\"utf-8\"><\/script>\n<\/div><\/figure>\n\n\n\n<p>Lea tambi\u00e9n: <a href=\"https:\/\/esreviral.com\/2021\/05\/05\/gases-lacrimogenos-bombas-molotov-y-perdigones-guerra-campal-toma-las-calles-de-bogota\/\">GASES LACRIM\u00d3GENOS, BOMBAS MOLOTOV Y PERDIGONES: GUERRA CAMPAL TOMA LAS CALLES DE BOGOT\u00c1<\/a><\/p>\n","protected":false},"excerpt":{"rendered":"<p>A trav\u00e9s de los mensajes de Twitter, Colombia rechaz\u00f3 la opini\u00f3n del mandatario argentino<\/p>\n","protected":false},"author":2,"featured_media":6337,"comment_status":"open","ping_status":"open","sticky":false,"template":"","format":"standard","meta":{"jnews-multi-image_gallery":[],"jnews_single_post":[],"jnews_primary_category":[],"jnews_social_meta":[],"jnews_review":[],"enable_review":"","type":"","name":"","summary":"","brand":"","sku":"","good":[],"bad":[],"score_override":"","override_value":"","rating":[],"price":[],"jnews_override_counter":[],"jnews_post_split":[],"footnotes":""},"categories":[88,59],"tags":[86,44,283,778],"class_list":["post-6336","post","type-post","status-publish","format-standard","has-post-thumbnail","hentry","category-internacionales","category-politica","tag-alberto-fernandez","tag-argentina","tag-colombia","tag-ivan-duque"],"_links":{"self":[{"href":"https:\/\/esreviral.com\/index.php?rest_route=\/wp\/v2\/posts\/6336","targetHints":{"allow":["GET"]}}],"collection":[{"href":"https:\/\/esreviral.com\/index.php?rest_route=\/wp\/v2\/posts"}],"about":[{"href":"https:\/\/esreviral.com\/index.php?rest_route=\/wp\/v2\/types\/post"}],"author":[{"embeddable":true,"href":"https:\/\/esreviral.com\/index.php?rest_route=\/wp\/v2\/users\/2"}],"replies":[{"embeddable":true,"href":"https:\/\/esreviral.com\/index.php?rest_route=%2Fwp%2Fv2%2Fcomments&post=6336"}],"version-history":[{"count":0,"href":"https:\/\/esreviral.com\/index.php?rest_route=\/wp\/v2\/posts\/6336\/revisions"}],"wp:featuredmedia":[{"embeddable":true,"href":"https:\/\/esreviral.com\/index.php?rest_route=\/"}],"wp:attachment":[{"href":"https:\/\/esreviral.com\/index.php?rest_route=%2Fwp%2Fv2%2Fmedia&parent=6336"}],"wp:term":[{"taxonomy":"category","embeddable":true,"href":"https:\/\/esreviral.com\/index.php?rest_route=%2Fwp%2Fv2%2Fcategories&post=6336"},{"taxonomy":"post_tag","embeddable":true,"href":"https:\/\/esreviral.com\/index.php?rest_route=%2Fwp%2Fv2%2Ftags&post=6336"}],"curies":[{"name":"wp","href":"https:\/\/api.w.org\/{rel}","templated":true}]}}