{"id":63344,"date":"2024-10-29T07:26:58","date_gmt":"2024-10-29T12:26:58","guid":{"rendered":"https:\/\/esreviral.com\/?p=63344"},"modified":"2024-10-29T07:26:59","modified_gmt":"2024-10-29T12:26:59","slug":"balon-de-oro-2024-esta-es-la-lista-de-los-ganadores","status":"publish","type":"post","link":"https:\/\/esreviral.com\/?p=63344","title":{"rendered":"Bal\u00f3n de Oro 2024: esta es la lista de los\u00a0ganadores"},"content":{"rendered":"\n<p>La ceremonia del Bal\u00f3n de Oro 2024, celebrada este lunes 28 de octubre en Par\u00eds, Francia, reconoci\u00f3 a los m\u00e1ximos exponentes del f\u00fatbol internacional.<\/p>\n\n\n\n<p><strong><mark style=\"background-color:rgba(0, 0, 0, 0)\" class=\"has-inline-color has-vivid-red-color\">Rodri Hern\u00e1ndez, Bal\u00f3n de Oro masculino<\/mark><\/strong><\/p>\n\n\n\n<p><br>Rodrigo Hern\u00e1ndez, conocido como \u201cRodri\u201d, se coron\u00f3 con el Bal\u00f3n de Oro 2024, convirti\u00e9ndose en el segundo espa\u00f1ol en obtener el trofeo despu\u00e9s de Luis Su\u00e1rez en 1960. Este logro destaca su papel fundamental en el \u00e9xito de la selecci\u00f3n espa\u00f1ola y el Manchester City. Rodri es tambi\u00e9n el primer jugador de su club en recibir el galard\u00f3n, tras las menciones en a\u00f1os previos a sus compa\u00f1eros Kevin De Bruyne y Erling Haaland. El centrocampista dedic\u00f3 su premio a \u201ctodo el f\u00fatbol espa\u00f1ol\u201d y record\u00f3 a figuras ic\u00f3nicas como Xavi Hern\u00e1ndez, Andr\u00e9s Iniesta y Sergio Busquets.<\/p>\n\n\n\n<figure class=\"wp-block-image size-large\"><img decoding=\"async\" src=\"https:\/\/eldiario.com\/wp-content\/uploads\/2024\/10\/864bde48256951b3f74567f04379dcab08edabfe-1536x1068.jpg.webp\" alt=\"\"\/><\/figure>\n\n\n\n<p><strong><mark style=\"background-color:rgba(0, 0, 0, 0)\" class=\"has-inline-color has-vivid-red-color\">Aitana Bonmat\u00ed, Bal\u00f3n de Oro femenino<\/mark><\/strong><\/p>\n\n\n\n<p><br>La centrocampista del FC Barcelona, Aitana Bonmat\u00ed, consigui\u00f3 su segundo Bal\u00f3n de Oro consecutivo. Al recibir el trofeo, expres\u00f3 su gratitud y destac\u00f3 el trabajo colectivo de sus compa\u00f1eras tanto en el club como en la selecci\u00f3n espa\u00f1ola, subrayando el m\u00e9rito compartido en la reciente temporada dominante del Barcelona en el f\u00fatbol femenino.<\/p>\n\n\n\n<p class=\"has-text-align-center\"><em><strong><em><strong><em><strong><a href=\"https:\/\/t.me\/esreviral\">\u00daNETE A NUESTRO CANAL DE TELEGRAM PARA ESTAR INFORMADO<\/a><\/strong><\/em><\/strong><\/em><\/strong><\/em><\/p>\n\n\n\n<figure class=\"wp-block-image size-large\"><img decoding=\"async\" src=\"https:\/\/eldiario.com\/wp-content\/uploads\/2024\/10\/d9db21f83b13f46067b274aa345a88e0dd76f900-1536x1088.jpg.webp\" alt=\"\"\/><\/figure>\n\n\n\n<p><strong><mark style=\"background-color:rgba(0, 0, 0, 0)\" class=\"has-inline-color has-vivid-red-color\">Lamine Yamal, premio Kopa<\/mark><\/strong><\/p>\n\n\n\n<p><br>El joven delantero del Barcelona, Lamine Yamal, fue galardonado con el premio Kopa al Mejor Futbolista Joven, convirti\u00e9ndose en el tercer espa\u00f1ol en recibirlo, despu\u00e9s de Pedri y Gavi. Con tan solo 17 a\u00f1os, Yamal agradeci\u00f3 a su equipo t\u00e9cnico y compa\u00f1eros, dedicando el premio a quienes lo han apoyado en su carrera.<\/p>\n\n\n\n<figure class=\"wp-block-image size-large\"><img decoding=\"async\" src=\"https:\/\/eldiario.com\/wp-content\/uploads\/2024\/10\/2599066dec81b80bff0564d4e4cebac7ec1c7448-1536x1010.jpg.webp\" alt=\"\"\/><\/figure>\n\n\n\n<p><strong><mark style=\"background-color:rgba(0, 0, 0, 0)\" class=\"has-inline-color has-vivid-red-color\">Mbapp\u00e9 y Kane, m\u00e1ximos goleadores<\/mark><\/strong><\/p>\n\n\n\n<p><br>Kylian Mbapp\u00e9 y Harry Kane fueron reconocidos con el trofeo Gerd M\u00fcller como m\u00e1ximos goleadores de la pasada temporada, ambos con 52 goles. Kane, quien se uni\u00f3 recientemente al Bayern de M\u00fanich tras su paso por el Tottenham, comparti\u00f3 que este premio representa un nuevo comienzo en su carrera.<\/p>\n\n\n\n<figure class=\"wp-block-image size-large\"><img decoding=\"async\" src=\"https:\/\/eldiario.com\/wp-content\/uploads\/2024\/10\/b61a3208a9568c6665fc9a1b115521fcea9539fd-1536x1028.jpg.webp\" alt=\"\"\/><\/figure>\n\n\n\n<p><strong><mark style=\"background-color:rgba(0, 0, 0, 0)\" class=\"has-inline-color has-vivid-red-color\">Emiliano Mart\u00ednez, Mejor Portero del a\u00f1o<\/mark><\/strong><\/p>\n\n\n\n<p><br><strong><a href=\"https:\/\/esreviral.com\/?p=63325\" data-type=\"link\" data-id=\"https:\/\/esreviral.com\/?p=63325\">El argentino Emiliano \u201cDibu\u201d Mart\u00ednez fue premiado con el trofeo Yashin al Mejor Portero por segundo a\u00f1o consecutivo.<\/a><\/strong> El guardameta, quien ha brillado con su selecci\u00f3n y el Aston Villa, comparti\u00f3 su emoci\u00f3n y destac\u00f3 la importancia de su rol como arquero de la selecci\u00f3n argentina.<\/p>\n\n\n\n<figure class=\"wp-block-image size-large\"><img decoding=\"async\" src=\"https:\/\/eldiario.com\/wp-content\/uploads\/2024\/10\/1653666a39ed26d2cbc98ce2cd0d6e8073355174-1536x985.jpg.webp\" alt=\"\"\/><\/figure>\n\n\n\n<p><strong><mark style=\"background-color:rgba(0, 0, 0, 0)\" class=\"has-inline-color has-vivid-red-color\">Jennifer Hermoso, premio S\u00f3crates<\/mark><\/strong><\/p>\n\n\n\n<p><br>La espa\u00f1ola Jennifer Hermoso, quien actualmente juega para Tigres en M\u00e9xico, recibi\u00f3 el premio S\u00f3crates por su labor humanitaria. Visiblemente emocionada, Hermoso afirm\u00f3 que este reconocimiento subraya la importancia de la lucha por la igualdad en el f\u00fatbol femenino.<\/p>\n\n\n\n<figure class=\"wp-block-image size-large\"><img decoding=\"async\" src=\"https:\/\/eldiario.com\/wp-content\/uploads\/2024\/10\/1f444b7f8bd1406a8de9debd8abcb6cd03d0ebfb-1536x971.jpg.webp\" alt=\"\"\/><\/figure>\n\n\n\n<p><strong><mark style=\"background-color:rgba(0, 0, 0, 0)\" class=\"has-inline-color has-vivid-red-color\">Carlo Ancelotti, Mejor Entrenador masculino<\/mark><\/strong><\/p>\n\n\n\n<p><br>Carlo Ancelotti, t\u00e9cnico del Real Madrid, fue galardonado como Mejor Entrenador de la temporada pasada. El premio, renombrado Trofeo Johan Cruyff en honor al legendario futbolista y t\u00e9cnico neerland\u00e9s, destac\u00f3 su destacada direcci\u00f3n en la liga espa\u00f1ola y la Liga de Campeones.<\/p>\n\n\n\n<p><strong><mark style=\"background-color:rgba(0, 0, 0, 0)\" class=\"has-inline-color has-vivid-red-color\">Emma Hayes, Mejor Entrenadora femenina<\/mark><\/strong><\/p>\n\n\n\n<p><br>La entrenadora estadounidense Emma Hayes fue reconocida como la Mejor Entrenadora de la temporada. En su mensaje de agradecimiento, Hayes enfatiz\u00f3 el orgullo de liderar equipos de gran nivel, agradeciendo a quienes la han acompa\u00f1ado en su camino.<\/p>\n\n\n\n<p><strong><mark style=\"background-color:rgba(0, 0, 0, 0)\" class=\"has-inline-color has-vivid-red-color\">Real Madrid y Barcelona, Mejores Equipos<\/mark><\/strong><\/p>\n\n\n\n<p><br>El Real Madrid fue reconocido como el <strong>Mejor Equipo Masculino<\/strong> de la temporada 2023-2024, aunque decidi\u00f3 no asistir en protesta por la falta de premiaci\u00f3n para su delantero Vinicius Jr. El FC Barcelona, en cambio, fue galardonado como<strong> Mejor Equipo Femenino<\/strong>, y su presidente, Joan Laporta, junto a la capitana Alexia Putellas, subieron al escenario para recibir el trofeo, celebrando el 125 aniversario del club.<\/p>\n\n\n\n<p class=\"has-text-align-center\"><strong><a href=\"https:\/\/chat.whatsapp.com\/KWkTmakY3I05kNdd2oZl6d\"><em>\u00daNETE A NUESTRO GRUPO DE WHATSAPP PARA ESTAR INFORMADO<\/em><\/a><\/strong><\/p>\n","protected":false},"excerpt":{"rendered":"<p>os espa\u00f1oles dominaron la ceremonia con el Bal\u00f3n de Oro para Rodri Hern\u00e1ndez y Aitana Bonmat\u00ed, el Kopa para Lamine Yamal, mientras que el Real Madrid fue considerado el mejor club masculino y el Barcelona el mejor club femenino <\/p>\n","protected":false},"author":3,"featured_media":63345,"comment_status":"closed","ping_status":"closed","sticky":false,"template":"","format":"standard","meta":{"jnews-multi-image_gallery":[],"jnews_single_post":{"subtitle":"","format":"standard","video":"","gallery":"","source_name":"","source_url":"","via_name":"","via_url":"","override_template":"0","override":[{"template":"4","single_blog_custom":"","parallax":"1","fullscreen":"1","layout":"right-sidebar","sidebar":"new-widget-area","second_sidebar":"default-sidebar","sticky_sidebar":"1","share_position":"top","share_float_style":"share-monocrhome","show_share_counter":"1","show_view_counter":"1","show_featured":"1","show_post_meta":"1","show_post_author":"1","show_post_author_image":"1","show_post_date":"1","post_date_format":"default","post_date_format_custom":"Y\/m\/d","show_post_category":"1","show_post_reading_time":"1","post_reading_time_wpm":"300","show_zoom_button":"1","zoom_button_out_step":"2","zoom_button_in_step":"3","show_post_tag":"1","show_prev_next_post":"1","show_popup_post":"1","number_popup_post":"1","show_author_box":"1","show_post_related":"1","show_inline_post_related":"0"}],"override_image_size":"0","image_override":[{"single_post_thumbnail_size":"crop-500","single_post_gallery_size":"crop-500"}],"trending_post":"0","trending_post_position":"meta","trending_post_label":"Trending","sponsored_post":"0","sponsored_post_label":"Sponsored by","sponsored_post_name":"","sponsored_post_url":"","sponsored_post_logo_enable":"0","sponsored_post_logo":"","sponsored_post_desc":"","disable_ad":"0"},"jnews_primary_category":{"id":"","hide":""},"jnews_social_meta":{"fb_title":"","fb_description":"","fb_image":"","twitter_title":"","twitter_description":"","twitter_image":""},"jnews_review":[],"enable_review":"0","type":"percentage","name":"","summary":"","brand":"","sku":"","good":[{"good_text":""}],"bad":[{"bad_text":""}],"score_override":"","override_value":"","rating":[{"rating_text":"","rating_number":"10"}],"price":[{"shop":"","price":"","link":"","icon":""}],"jnews_override_counter":{"override_view_counter":"0","view_counter_number":"0","override_share_counter":"0","share_counter_number":"0","override_like_counter":"0","like_counter_number":"0","override_dislike_counter":"0","dislike_counter_number":"0"},"jnews_post_split":{"enable_post_split":"0","post_split":[{"template":"1","tag":"h2","numbering":"asc","mode":"normal","first":"0","enable_toc":"0","toc_type":"normal"}]},"footnotes":""},"categories":[48],"tags":[1322,19368,1961,45],"class_list":["post-63344","post","type-post","status-publish","format-standard","has-post-thumbnail","hentry","category-deportes","tag-balon-de-oro","tag-balon-de-oro-2024","tag-ganadores","tag-noticias"],"_links":{"self":[{"href":"https:\/\/esreviral.com\/index.php?rest_route=\/wp\/v2\/posts\/63344","targetHints":{"allow":["GET"]}}],"collection":[{"href":"https:\/\/esreviral.com\/index.php?rest_route=\/wp\/v2\/posts"}],"about":[{"href":"https:\/\/esreviral.com\/index.php?rest_route=\/wp\/v2\/types\/post"}],"author":[{"embeddable":true,"href":"https:\/\/esreviral.com\/index.php?rest_route=\/wp\/v2\/users\/3"}],"replies":[{"embeddable":true,"href":"https:\/\/esreviral.com\/index.php?rest_route=%2Fwp%2Fv2%2Fcomments&post=63344"}],"version-history":[{"count":0,"href":"https:\/\/esreviral.com\/index.php?rest_route=\/wp\/v2\/posts\/63344\/revisions"}],"wp:featuredmedia":[{"embeddable":true,"href":"https:\/\/esreviral.com\/index.php?rest_route=\/wp\/v2\/media\/63345"}],"wp:attachment":[{"href":"https:\/\/esreviral.com\/index.php?rest_route=%2Fwp%2Fv2%2Fmedia&parent=63344"}],"wp:term":[{"taxonomy":"category","embeddable":true,"href":"https:\/\/esreviral.com\/index.php?rest_route=%2Fwp%2Fv2%2Fcategories&post=63344"},{"taxonomy":"post_tag","embeddable":true,"href":"https:\/\/esreviral.com\/index.php?rest_route=%2Fwp%2Fv2%2Ftags&post=63344"}],"curies":[{"name":"wp","href":"https:\/\/api.w.org\/{rel}","templated":true}]}}