{"id":63299,"date":"2024-10-28T13:11:26","date_gmt":"2024-10-28T18:11:26","guid":{"rendered":"https:\/\/esreviral.com\/?p=63299"},"modified":"2024-10-28T13:11:27","modified_gmt":"2024-10-28T18:11:27","slug":"laberinto-judicial-el-calvario-de-una-madre-que-hace-un-ano-y-medio-denuncio-que-el-padre-de-su-hijo-abusaba-de-el","status":"publish","type":"post","link":"https:\/\/esreviral.com\/?p=63299","title":{"rendered":"Laberinto judicial: El calvario de una madre que hace un a\u00f1o y medio denunci\u00f3 que el padre de su hijo abusaba de \u00e9l"},"content":{"rendered":"\n<p>\u201c<strong><em>Siento terror por mi hijo y tambi\u00e9n por m\u00ed<\/em><\/strong>\u201d, confiesa S. apenas comienza a relatar la dolorosa historia que escuch\u00f3 de la voz de su propio hijo de cinco a\u00f1os: la de los <strong>presuntos abusos sexuales a los que supuestamente lo someti\u00f3 su padre, que niega absolutamente todo.<\/strong><\/p>\n\n\n\n<p>Por cuestiones legales y, sobre todo, para preservar la integridad del ni\u00f1o,<strong> las identidades se mantendr\u00e1n en reserva y solo se publican iniciales ficticias. No obstante, el caso est\u00e1 judicializado.<\/strong> El hombre, inicialmente, fue procesado, y luego la C\u00e1mara dict\u00f3 la falta de m\u00e9rito y orden\u00f3 profundizar en las pruebas y los testimonios antes de que se llegue a un nuevo pronunciamiento. Mientras, hay una orden de restricci\u00f3n de acercamiento y la mujer cuenta con un bot\u00f3n antip\u00e1nico, ya que ella misma afirm\u00f3 haber sido <strong>v\u00edctima de violencia dom\u00e9stica.<\/strong><\/p>\n\n\n\n<p>Cuando escuch\u00f3 aquella revelaci\u00f3n en la intimidad, en marzo de 2023, S. primero se estremeci\u00f3, luego se pregunt\u00f3 qu\u00e9 hacer, a qui\u00e9n recurrir. Sent\u00eda que su cabeza estaba a punto de estallar, mezcla de desconsuelo, temor, desolaci\u00f3n, angustia\u2026 Consult\u00f3, se inform\u00f3, se asesor\u00f3, pidi\u00f3 ayuda y hace m\u00e1s de un a\u00f1o decidi\u00f3 hacer la correspondiente denuncia. Lejos de haber encontrado la paz, desde entonces vive un calvario. Es que los vaivenes y los tiempos de la Justicia que nunca suelen ser los mismos que los de quienes denuncian y esperan una reparaci\u00f3n o un castigo.<\/p>\n\n\n\n<p class=\"has-text-align-center\"><em><strong><em><strong><em><strong><a href=\"https:\/\/t.me\/esreviral\">\u00daNETE A NUESTRO CANAL DE TELEGRAM PARA ESTAR INFORMADO<\/a><\/strong><\/em><\/strong><\/em><\/strong><\/em><\/p>\n\n\n<div class=\"wp-block-image\">\n<figure class=\"aligncenter size-large\"><img decoding=\"async\" src=\"https:\/\/resizer.glanacion.com\/resizer\/v2\/la-mujer-que-denuncio-que-el-padre-de-su-hijo-NAEOIHGMH5GWZJJJU7TX4BQVK4.jpg?auth=ce1bdb6c2508b8c817ad81d82d12294b07dc74a06dc641d3c02c181757205e98&amp;width=780&amp;height=585&amp;quality=70&amp;smart=true\" alt=\"\"\/><\/figure><\/div>\n\n\n<p>\u201cCon C. nos conocimos en la Facultad, iniciamos una relaci\u00f3n en 2014 mientras estudi\u00e1bamos la licenciatura en Ciencias Biol\u00f3gicas. En diciembre de 2017 naci\u00f3 nuestro hijo, que fue prematuro. Conviv\u00edamos, pero como fue un embarazo de riesgo tuvimos serias dificultades, sufr\u00ed mucho abandono. Ten\u00eda reposo absoluto y \u00e9l desaparec\u00eda todo el d\u00eda. Ten\u00eda que venir mi mam\u00e1 para poder cocinar o hacerme un t\u00e9 porque yo no me pod\u00eda levantar de la cama por el riesgo que implicaba. Seis meses despu\u00e9s de que naci\u00f3 el nene nos separamos; padec\u00ed episodios de violencia verbal y despu\u00e9s f\u00edsicos, como por ejemplo que me tirara al piso a empujones. Lo denunci\u00e9 por primera vez un d\u00eda que \u00e9l entr\u00f3 a los gritos a la casa de mi mam\u00e1, que era quien cuidaba al gordo.<\/p>\n\n\n\n<p><strong><mark style=\"background-color:rgba(0, 0, 0, 0)\" class=\"has-inline-color has-vivid-red-color\">\u2013\u00bfAntes de tener a su hijo hab\u00eda protagonizado episodios de violencia?<\/mark><\/strong><\/p>\n\n\n\n<p>\u2013No, ten\u00edamos discusiones como en cualquier relaci\u00f3n, pero en el embarazo empec\u00e9 a notar actitudes mucho m\u00e1s violentas, aparec\u00eda desencajado. Me dec\u00eda que no quer\u00eda tener ese hijo, que le generaba un problema. Se deprim\u00eda. Lo extra\u00f1o fue que nosotros buscamos durante siete meses tener un hijo\u2026<\/p>\n\n\n\n<p><strong><mark style=\"background-color:rgba(0, 0, 0, 0)\" class=\"has-inline-color has-vivid-red-color\">\u2013Ah\u00ed lo denunci\u00f3 por primera vez\u2026<\/mark><\/strong><\/p>\n\n\n\n<p>\u2013S\u00ed, primero en Vicente L\u00f3pez y luego tuve que ir a Tigre, donde se dictaron medidas de protecci\u00f3n por tres meses hacia el menor y hacia m\u00ed. Despu\u00e9s solicit\u00f3 ver al ni\u00f1o y mi mam\u00e1 lo llevaba a una confiter\u00eda para que compartieran un rato. Pasado un tiempo conversamos. \u00c9l parec\u00eda mucho m\u00e1s tranquilo, asumi\u00f3 haber tenido malas actitudes, intentamos tener una relaci\u00f3n de familia. Ya viv\u00edamos en casa separadas, pero compart\u00edamos eventos, vacaciones, intent\u00e1bamos, pero la verdad era una monta\u00f1a rusa.<\/p>\n\n\n\n<p><strong><mark style=\"background-color:rgba(0, 0, 0, 0)\" class=\"has-inline-color has-vivid-red-color\">\u2013\u00bfPor qu\u00e9?<\/mark><\/strong><\/p>\n\n\n\n<p>\u2013Porque probamos con ayuda de psic\u00f3logos mejorar el v\u00ednculo para avanzar como padres a pesar de que el juez de Tigre me advirti\u00f3 que esas actitudes suelen ser recurrentes. Era muy dif\u00edcil mantener un r\u00e9gimen de comunicaci\u00f3n. Acordabas algo y, o no lo cumpl\u00eda o dec\u00eda que no era as\u00ed. Yo trataba de que mi hijo tuviera sus dos familias y pudiera disfrutarlas. Llevar adelante un v\u00ednculo lo m\u00e1s adulto y sano posible.<\/p>\n\n\n<div class=\"wp-block-image\">\n<figure class=\"aligncenter size-large\"><img decoding=\"async\" src=\"https:\/\/resizer.glanacion.com\/resizer\/v2\/la-mujer-que-denuncio-que-el-padre-de-su-hijo-KCPBB6A3FRFXFNU6AGWXTEBRYQ.jpg?auth=3dc72b91121996c917c32bb8a7e0817bd8b2c4eceeea72d54362ba73ff4f5d07&amp;width=780&amp;height=520&amp;quality=70&amp;smart=true\" alt=\"\"\/><\/figure><\/div>\n\n\n<p><strong><mark style=\"background-color:rgba(0, 0, 0, 0)\" class=\"has-inline-color has-vivid-red-color\">\u2013\u00bfCu\u00e1ndo y c\u00f3mo su hijo le relat\u00f3 lo que pasaba?<\/mark><\/strong><\/p>\n\n\n\n<p>\u2013La primera manifestaci\u00f3n fue en marzo de 2023, el menor estaba en sala de 5 y hab\u00eda pernoctado en la casa del padre. Le pregunt\u00e9 c\u00f3mo le hab\u00eda ido y not\u00e9 que estaba m\u00e1s reticente, m\u00e1s corporal.<\/p>\n\n\n\n<p><strong><mark style=\"background-color:rgba(0, 0, 0, 0)\" class=\"has-inline-color has-vivid-red-color\">\u2013\u00bfLe lleg\u00f3 a decir que no quer\u00eda quedarse m\u00e1s con su padre?<\/mark><\/strong><\/p>\n\n\n\n<p>\u2013Eso le pasaba todo el tiempo. Cuando estaba en sala de cuatro las maestras me dec\u00edan: <strong><em>\u201cLo viene a buscar el padre y no quiere salir, se larga a llorar, se tira al piso<\/em><\/strong>\u201d. Esa fue la<strong> primera advertencia que tuvimos<\/strong>. Pero ambos fuimos a terapia a hablar de este tema y la psic\u00f3loga nos daba estrategias porque nos dec\u00eda que era propio de la edad de los chicos. Que esas cosas de que no quisiese ir con el progenitor suceden. Para mi mam\u00e1 era algo raro y yo tambi\u00e9n estaba preocupada. Me he quedado en la puerta de la casa del padre porque mi hijo lloraba para no entrar, no quer\u00eda quedarse. Cuando finalmente ingresaba lo escuchaba gritando desde adentro. Yo lloraba dentro del auto, pensaba en que la psic\u00f3loga me dec\u00eda que lo ten\u00eda que dejar, que se le iba pasar. Era primeriza y escuchaba que ten\u00eda que soltar. Pero hab\u00eda un trasfondo que no sab\u00edamos\u2026<\/p>\n\n\n\n<p><strong><mark style=\"background-color:rgba(0, 0, 0, 0)\" class=\"has-inline-color has-vivid-red-color\">\u2013Y lleg\u00f3 su primera manifestaci\u00f3n\u2026<\/mark><\/strong><\/p>\n\n\n\n<p>\u2013S\u00ed, me cont\u00f3 de un juego que hab\u00eda hecho con el pap\u00e1. Espont\u00e1neamente me dijo\u2026 <strong>\u00bfEs necesario repetirlo\u2026? [En el expediente se detallan tocamientos de partes \u00edntimas y hasta la intrusi\u00f3n de objetos]<\/strong>. Me lo contaba y se re\u00eda. Lo sent\u00eda como un juego. Empec\u00e9 a hacerle preguntas para entender de d\u00f3nde hab\u00eda salido eso y si \u00e9l pudo haber malinterpretado un juego o algo as\u00ed. Habl\u00e9 con una amiga que es psic\u00f3loga y en una comida que compartimos con su marido \u2013tambi\u00e9n psic\u00f3logo, y amigo de mi ex\u2013, coment\u00e9 lo que hab\u00eda dicho mi hijo. El padre estaba presente y lo neg\u00f3; dijo que hab\u00eda sucedido a la inversa<strong>, que el ni\u00f1o le hab\u00eda metido la mano en sus gluteos y que \u00e9l le dio un golpe\u00a0<\/strong>. Yo no entend\u00eda nada\u2026 En julio, cuatro meses m\u00e1s tarde, mi hijo comenz\u00f3 a tener manifestaciones sobre lo que le estaba sucediendo. Recuerdo que se estaba tocando sus gluteos y entonces le pregunt\u00e9 si le molestaba, si quer\u00eda que lo llevara a la pediatra. Y entre una cosa y otra me cont\u00f3 que no se ba\u00f1aba solito sino con el padre. Ya no se rio como antes cuando me lo dijo. Estaba desconsolada y decid\u00ed grabar lo que me contaba [los audios constan en el expediente].<\/p>\n\n\n\n<p><strong><mark style=\"background-color:rgba(0, 0, 0, 0)\" class=\"has-inline-color has-vivid-red-color\">\u2013\u00bfNo volvi\u00f3 a hablar con el progenitor?<\/mark><\/strong><\/p>\n\n\n\n<p>\u2013S\u00ed, lo hice, aunque ten\u00eda miedo. \u00c9l sigui\u00f3 con la versi\u00f3n de que no era as\u00ed, que su hijo le hab\u00eda vuelto a tocar su parte intima cuando se agach\u00f3. Me dej\u00f3 paralizada. Entonces para protegerlo decid\u00ed irme de vacaciones a la casa de mi mam\u00e1 en la Costa con el ni\u00f1o y le avis\u00e9 al padre que no se lo iba a poder llevar hasta que yo entendiera qu\u00e9 es lo que estaba pasando.<\/p>\n\n\n\n<p><strong><mark style=\"background-color:rgba(0, 0, 0, 0)\" class=\"has-inline-color has-vivid-red-color\">\u2013\u00bfMientras continu\u00f3 consultando profesionales?<\/mark><\/strong><\/p>\n\n\n\n<p>-Claro, habl\u00e9 con una psiquiatra por indicaci\u00f3n de la pediatra y me deriv\u00f3 a una especialista en abuso sexual infantil. Analiz\u00f3 las circunstancias y me dijo que hab\u00eda que proteger al ni\u00f1o, porque con cinco a\u00f1os no ten\u00eda la capacidad de inventar esas cosas. Que los pasos por seguir era hacer una denuncia para que se lo protegiera y para que yo pudiera presentar esta medida en el colegio.<\/p>\n\n\n\n<p class=\"has-text-align-center\"><strong><a href=\"https:\/\/chat.whatsapp.com\/KWkTmakY3I05kNdd2oZl6d\"><em>\u00daNETE A NUESTRO GRUPO DE WHATSAPP PARA ESTAR INFORMADO<\/em><\/a><\/strong><\/p>\n\n\n\n<p>Sobre el siguiente paso, ampli\u00f3 el abogado de S., Mat\u00edas Morla: \u201cEn agosto de 2023 se present\u00f3 la denuncia en el Juzgado Criminal y Correccional N\u00b024. El juez Alfredo Godoy proces\u00f3 a C. por abuso sexual agravado por acceso carnal, a su vez agravado por el v\u00ednculo y por haber sido cometido contra un menor de 18 a\u00f1os de edad, aprovechando la situaci\u00f3n de convivencia preexistente. Luego, la Sala I de la C\u00e1mara del Crimen revoc\u00f3 el procesamiento, dict\u00f3 la falta de m\u00e9rito y dispuso, como medida previa al an\u00e1lisis de la situaci\u00f3n procesal del imputado, la recepci\u00f3n de declaraciones testimoniales de diversas personas vinculadas al caso.<\/p>\n\n\n\n<p>Morla agreg\u00f3 que \u201ctestigos presenciales, peritos, psic\u00f3logos y psiquiatras coincidieron en sus relatos, ratificando los abusos sexuales denunciados\u201d, y que solo resta la declaraci\u00f3n testimonial de la pediatra Carmen Betiareni, que atendi\u00f3 al menor, que se llevar\u00e1 a cabo el pr\u00f3ximo 5 de noviembre.<\/p>\n\n\n\n<p>\u201cQuiero resaltar la valent\u00eda de la madre, quien a pesar de todo lo que le toc\u00f3 enfrentar sigue luchando para educarlo y que el ni\u00f1o tenga una infancia medianamente normal. Adem\u00e1s no baja nunca los brazos, sigue afrontando desaf\u00edos fuertes como someterse a cuerpos m\u00e9dicos, psicol\u00f3gicos, audiencias, pericias y distintas cuestiones que hacen al proceso judicial que no son f\u00e1ciles. Los abogados de las v\u00edctimas en este tipo de delito tan atroz entendemos lo que deben transitar y tratamos de aliviar el camino. El objetivo es que el proceso termine con el imputado preso, que en caso de ser culpable, va arecibir una pena que comienza con 8 a\u00f1os de prisi\u00f3n\u201d, concluy\u00f3.<\/p>\n\n\n\n<p><strong><mark style=\"background-color:rgba(0, 0, 0, 0)\" class=\"has-inline-color has-vivid-red-color\">-S, \u00bfc\u00f3mo se sigue adelante con semejante dolor?<\/mark><\/strong><\/p>\n\n\n\n<p>-Yo vivo para mi hijo, no pienso en otra cosa. El progenitor siempre neg\u00f3 todo. Hasta cuando fuimos convocados en la escuela dijo que para \u00e9l la desnudez es natural, que se ba\u00f1aba con el ni\u00f1o, sub\u00eda la apuesta. Mientras tanto nuestro hijo sufr\u00eda, les contaba a las maestras y a los compa\u00f1eritos lo que le hab\u00eda hecho el padre. Lo que pido es celeridad a la Justicia, porque siento que mi hijo y yo estamos en serio riesgo.<\/p>\n\n\n\n<p><strong><mark style=\"background-color:rgba(0, 0, 0, 0)\" class=\"has-inline-color has-vivid-red-color\">Declaraciones del imputado y de los testigos<\/mark><\/strong><\/p>\n\n\n\n<p>En su declaraci\u00f3n indagatoria, <strong>el padre del ni\u00f1o no acept\u00f3 los cargos. \u201cNiego el hecho que se me imputa. Soy inocente. Yo nunca realic\u00e9 los actos que se est\u00e1n denunciando aqu\u00ed. Estoy muy preocupado por esta situaci\u00f3n. Hace diez meses que no veo a mi hijo. Quiero que siga adelante con el procedimiento y se aclare la situaci\u00f3n. Que profundicen el procedimiento para tratar de tener respuesta o aclarar todo esto que est\u00e1 pasando\u201d.<\/strong><\/p>\n\n\n\n<p>Una de las psic\u00f3logas que intervino, Elena Nora Fridman, declar\u00f3: \u201cEl ni\u00f1o logr\u00f3 expresar oralmente en el marco de la terapia que desarrollamos lo sucedido con su padre. Concretamente me refiri\u00f3 que el pap\u00e1 le hab\u00eda metido un dedo en la cola. En realidad primero dijo que le meti\u00f3 salchichas en la cola. Cuando le consult\u00e9 sobre a qu\u00e9 se refer\u00eda con salchichas, \u00e9l me contest\u00f3 \u201clas que se comen\u201d, y me indic\u00f3 que luego las tir\u00f3 a la basura. Adem\u00e1s agreg\u00f3 que el padre tambi\u00e9n le hab\u00eda metido autitos y un dedo. Hay un mont\u00f3n de situaciones que son indicadores de abuso sexual sobre su persona. Me refiero a comportamientos que tiene para con sus allegados, familiares o pares de la escuela\u201d.<\/p>\n\n\n\n<p>La psic\u00f3loga Susana Toporosi, especialista en abuso sexual infantil, explic\u00f3 en la causa por qu\u00e9 hab\u00eda orientado a la madre del chico a realizar la denuncia: \u201cPorque advert\u00ed una sospecha de abuso en funci\u00f3n [de] una verbalizaci\u00f3n de un hecho que no se trataba de un mero juego entre un pap\u00e1 y un ni\u00f1o, y que era acompa\u00f1ado por gestualidades por parte del ni\u00f1o\u201d.<\/p>\n\n\n\n<p>Otra psic\u00f3loga, amiga de la madre, relat\u00f3 en el expediente que despu\u00e9s de su cumplea\u00f1os de cinco, su hijo le dijo un d\u00eda a su padre \u201cte voy a chupar todo\u201d, y que cuando indagaron al respecto, les revel\u00f3 que se lo hab\u00eda dicho su amiguito.<\/p>\n","protected":false},"excerpt":{"rendered":"<p>El ni\u00f1o, de cinco a\u00f1os, le cont\u00f3 espont\u00e1neamente las cosas que supuestamente le hac\u00eda cuando se quedaba en su casa; el hombre fue procesado, pero la C\u00e1mara le dict\u00f3 la falta de m\u00e9rito<\/p>\n","protected":false},"author":3,"featured_media":63300,"comment_status":"closed","ping_status":"closed","sticky":false,"template":"","format":"standard","meta":{"jnews-multi-image_gallery":[],"jnews_single_post":{"subtitle":"","format":"standard","video":"","gallery":"","source_name":"","source_url":"","via_name":"","via_url":"","override_template":"0","override":[{"template":"4","single_blog_custom":"","parallax":"1","fullscreen":"1","layout":"right-sidebar","sidebar":"new-widget-area","second_sidebar":"default-sidebar","sticky_sidebar":"1","share_position":"top","share_float_style":"share-monocrhome","show_share_counter":"1","show_view_counter":"1","show_featured":"1","show_post_meta":"1","show_post_author":"1","show_post_author_image":"1","show_post_date":"1","post_date_format":"default","post_date_format_custom":"Y\/m\/d","show_post_category":"1","show_post_reading_time":"1","post_reading_time_wpm":"300","show_zoom_button":"1","zoom_button_out_step":"2","zoom_button_in_step":"3","show_post_tag":"1","show_prev_next_post":"1","show_popup_post":"1","number_popup_post":"1","show_author_box":"1","show_post_related":"1","show_inline_post_related":"0"}],"override_image_size":"0","image_override":[{"single_post_thumbnail_size":"crop-500","single_post_gallery_size":"crop-500"}],"trending_post":"0","trending_post_position":"meta","trending_post_label":"Trending","sponsored_post":"0","sponsored_post_label":"Sponsored by","sponsored_post_name":"","sponsored_post_url":"","sponsored_post_logo_enable":"0","sponsored_post_logo":"","sponsored_post_desc":"","disable_ad":"0"},"jnews_primary_category":{"id":"","hide":""},"jnews_social_meta":{"fb_title":"","fb_description":"","fb_image":"","twitter_title":"","twitter_description":"","twitter_image":""},"jnews_review":[],"enable_review":"0","type":"percentage","name":"","summary":"","brand":"","sku":"","good":[{"good_text":""}],"bad":[{"bad_text":""}],"score_override":"","override_value":"","rating":[{"rating_text":"","rating_number":"10"}],"price":[{"shop":"","price":"","link":"","icon":""}],"jnews_override_counter":{"override_view_counter":"0","view_counter_number":"0","override_share_counter":"0","share_counter_number":"0","override_like_counter":"0","like_counter_number":"0","override_dislike_counter":"0","dislike_counter_number":"0"},"jnews_post_split":{"enable_post_split":"0","post_split":[{"template":"1","tag":"h2","numbering":"asc","mode":"normal","first":"0","enable_toc":"0","toc_type":"normal"}]},"footnotes":""},"categories":[58,64],"tags":[2222,44,45,19343],"class_list":["post-63299","post","type-post","status-publish","format-standard","has-post-thumbnail","hentry","category-argentina","category-sucesos","tag-abuso-de-menores","tag-argentina","tag-noticias","tag-violencia-intrafamiliar"],"amp_enabled":true,"_links":{"self":[{"href":"https:\/\/esreviral.com\/index.php?rest_route=\/wp\/v2\/posts\/63299"}],"collection":[{"href":"https:\/\/esreviral.com\/index.php?rest_route=\/wp\/v2\/posts"}],"about":[{"href":"https:\/\/esreviral.com\/index.php?rest_route=\/wp\/v2\/types\/post"}],"author":[{"embeddable":true,"href":"https:\/\/esreviral.com\/index.php?rest_route=\/wp\/v2\/users\/3"}],"replies":[{"embeddable":true,"href":"https:\/\/esreviral.com\/index.php?rest_route=%2Fwp%2Fv2%2Fcomments&post=63299"}],"version-history":[{"count":0,"href":"https:\/\/esreviral.com\/index.php?rest_route=\/wp\/v2\/posts\/63299\/revisions"}],"wp:featuredmedia":[{"embeddable":true,"href":"https:\/\/esreviral.com\/index.php?rest_route=\/wp\/v2\/media\/63300"}],"wp:attachment":[{"href":"https:\/\/esreviral.com\/index.php?rest_route=%2Fwp%2Fv2%2Fmedia&parent=63299"}],"wp:term":[{"taxonomy":"category","embeddable":true,"href":"https:\/\/esreviral.com\/index.php?rest_route=%2Fwp%2Fv2%2Fcategories&post=63299"},{"taxonomy":"post_tag","embeddable":true,"href":"https:\/\/esreviral.com\/index.php?rest_route=%2Fwp%2Fv2%2Ftags&post=63299"}],"curies":[{"name":"wp","href":"https:\/\/api.w.org\/{rel}","templated":true}]}}