{"id":63256,"date":"2024-10-28T08:44:25","date_gmt":"2024-10-28T13:44:25","guid":{"rendered":"https:\/\/esreviral.com\/?p=63256"},"modified":"2024-10-28T08:44:38","modified_gmt":"2024-10-28T13:44:38","slug":"alcalde-opositor-de-merida-que-fue-aprehendido-se-les-escapo-de-la-policia-nacional","status":"publish","type":"post","link":"https:\/\/esreviral.com\/?p=63256","title":{"rendered":"Alcalde opositor de M\u00e9rida que fue aprehendido se les escap\u00f3 de la Polic\u00eda Nacional"},"content":{"rendered":"\n<p>Abraham Hay\u00f3n, alcalde del municipio Rangel del estado M\u00e9rida, quien se encontraba detenido desde el mes de septiembre en la sede de la Polic\u00eda Nacional Bolivariana (PNB) en Ejido, aparentemente<strong>&nbsp;se fug\u00f3 del centro de reclusi\u00f3n la semana pasada.&nbsp;<\/strong><\/p>\n\n\n\n<p>Funcionarios del centro de detenci\u00f3n indicaron que cuando hicieron la revisi\u00f3n de rutina <strong>la ma\u00f1ana del viernes 25 de octubre, el alcalde no estaba en su celda,<\/strong> de acuerdo con medios locales del estado M\u00e9rida.<\/p>\n\n\n\n<p>Hay\u00f3n se encontraba en la sede policial la noche del jueves, por lo que presumen que&nbsp;<strong>su fuga pudo haberse producido en horas de la madrugada.<\/strong><\/p>\n\n\n\n<p>Lea tambi\u00e9n: <strong><a href=\"https:\/\/esreviral.com\/?p=60152\">Cabello confirm\u00f3 la detenci\u00f3n de un alcalde en M\u00e9rida: esta es la raz\u00f3n <\/a><\/strong><\/p>\n\n\n\n<p>Tras las elecciones presidenciales del 28 de julio, Hay\u00f3n apareci\u00f3 en un video afirmando que el ganador de los comicios era el candidato opositor Edmundo Gonz\u00e1lez. Adem\u00e1s, en el audiovisual habl\u00f3 sobre la necesidad de <strong><a href=\"https:\/\/esreviral.com\/?p=42809\">\u00abuna acci\u00f3n humanitaria de invadir a Venezuela para garantizar la paz y el orden constitucional\u00bb.<\/a><\/strong><br><\/p>\n\n\n\n<p class=\"has-text-align-right\"><strong><em>Con info de El Nacional.-<\/em><\/strong><\/p>\n","protected":false},"excerpt":{"rendered":"<p>Abraham Hay\u00f3n, alcalde del municipio Rangel del estado M\u00e9rida, quien se encontraba detenido desde el mes de septiembre en la sede de la Polic\u00eda Nacional Bolivariana (PNB) en Ejido, aparentemente&nbsp;se fug\u00f3 del centro de reclusi\u00f3n la semana pasada.&nbsp; Funcionarios del centro de detenci\u00f3n indicaron que cuando hicieron la revisi\u00f3n de rutina la ma\u00f1ana del viernes [&hellip;]<\/p>\n","protected":false},"author":2,"featured_media":42810,"comment_status":"closed","ping_status":"closed","sticky":false,"template":"","format":"standard","meta":{"jnews-multi-image_gallery":[],"jnews_single_post":{"subtitle":"","format":"standard","video":"","gallery":"","source_name":"","source_url":"","via_name":"","via_url":"","override_template":"0","override":[{"template":"4","single_blog_custom":"","parallax":"1","fullscreen":"1","layout":"right-sidebar","sidebar":"new-widget-area","second_sidebar":"default-sidebar","sticky_sidebar":"1","share_position":"top","share_float_style":"share-monocrhome","show_share_counter":"1","show_view_counter":"1","show_featured":"1","show_post_meta":"1","show_post_author":"1","show_post_author_image":"1","show_post_date":"1","post_date_format":"default","post_date_format_custom":"Y\/m\/d","show_post_category":"1","show_post_reading_time":"1","post_reading_time_wpm":"300","show_zoom_button":"1","zoom_button_out_step":"2","zoom_button_in_step":"3","show_post_tag":"1","show_prev_next_post":"1","show_popup_post":"1","number_popup_post":"1","show_author_box":"1","show_post_related":"1","show_inline_post_related":"0"}],"override_image_size":"0","image_override":[{"single_post_thumbnail_size":"crop-500","single_post_gallery_size":"crop-500"}],"trending_post":"0","trending_post_position":"meta","trending_post_label":"Trending","sponsored_post":"0","sponsored_post_label":"Sponsored by","sponsored_post_name":"","sponsored_post_url":"","sponsored_post_logo_enable":"0","sponsored_post_logo":"","sponsored_post_desc":"","disable_ad":"0"},"jnews_primary_category":{"id":"","hide":""},"jnews_social_meta":{"fb_title":"","fb_description":"","fb_image":"","twitter_title":"","twitter_description":"","twitter_image":""},"jnews_review":[],"enable_review":"0","type":"percentage","name":"","summary":"","brand":"","sku":"","good":[{"good_text":""}],"bad":[{"bad_text":""}],"score_override":"","override_value":"","rating":[{"rating_text":"","rating_number":"10"}],"price":[{"shop":"","price":"","link":"","icon":""}],"jnews_override_counter":{"override_view_counter":"0","view_counter_number":"0","override_share_counter":"0","share_counter_number":"0","override_like_counter":"0","like_counter_number":"0","override_dislike_counter":"0","dislike_counter_number":"0"},"jnews_post_split":{"enable_post_split":"0","post_split":[{"template":"1","tag":"h2","numbering":"asc","mode":"normal","first":"0","enable_toc":"0","toc_type":"normal"}]},"footnotes":""},"categories":[59,66],"tags":[19326,1078,12331,45,56],"class_list":["post-63256","post","type-post","status-publish","format-standard","has-post-thumbnail","hentry","category-politica","category-venezuela","tag-abraham-hayon-2","tag-merida","tag-mucuchies","tag-noticias","tag-venezuela"],"amp_enabled":true,"_links":{"self":[{"href":"https:\/\/esreviral.com\/index.php?rest_route=\/wp\/v2\/posts\/63256"}],"collection":[{"href":"https:\/\/esreviral.com\/index.php?rest_route=\/wp\/v2\/posts"}],"about":[{"href":"https:\/\/esreviral.com\/index.php?rest_route=\/wp\/v2\/types\/post"}],"author":[{"embeddable":true,"href":"https:\/\/esreviral.com\/index.php?rest_route=\/wp\/v2\/users\/2"}],"replies":[{"embeddable":true,"href":"https:\/\/esreviral.com\/index.php?rest_route=%2Fwp%2Fv2%2Fcomments&post=63256"}],"version-history":[{"count":0,"href":"https:\/\/esreviral.com\/index.php?rest_route=\/wp\/v2\/posts\/63256\/revisions"}],"wp:featuredmedia":[{"embeddable":true,"href":"https:\/\/esreviral.com\/index.php?rest_route=\/wp\/v2\/media\/42810"}],"wp:attachment":[{"href":"https:\/\/esreviral.com\/index.php?rest_route=%2Fwp%2Fv2%2Fmedia&parent=63256"}],"wp:term":[{"taxonomy":"category","embeddable":true,"href":"https:\/\/esreviral.com\/index.php?rest_route=%2Fwp%2Fv2%2Fcategories&post=63256"},{"taxonomy":"post_tag","embeddable":true,"href":"https:\/\/esreviral.com\/index.php?rest_route=%2Fwp%2Fv2%2Ftags&post=63256"}],"curies":[{"name":"wp","href":"https:\/\/api.w.org\/{rel}","templated":true}]}}