{"id":6324,"date":"2021-05-06T18:29:28","date_gmt":"2021-05-06T21:29:28","guid":{"rendered":"http:\/\/esreviral.com\/?p=6324"},"modified":"2021-05-06T18:29:28","modified_gmt":"2021-05-06T21:29:28","slug":"joven-denuncia-ser-acosada-sexualmente-en-su-primer-dia-de-trabajo","status":"publish","type":"post","link":"https:\/\/esreviral.com\/?p=6324","title":{"rendered":"Joven denuncia ser acosada sexualmente en su primer d\u00eda de trabajo"},"content":{"rendered":"\n<p>Una joven venezolana de tan s\u00f3lo 22 a\u00f1os de edad, denunci\u00f3 que en su primer d\u00eda de trabajo en una supuesta panader\u00eda fue acosada por el propietario del comercio. <\/p>\n\n\n\n<p>La chica vive en Buenos aires, tiene cuatro meses sin empleo por lo cual contrat\u00f3 a la agencia Esperanza para que le ubicara un trabajo, le indicaron que deb\u00eda dirigirse a Bah\u00eda Blanca 1282, donde necesitaban una vendedora en una panader\u00eda. <\/p>\n\n\n\n<p>\u00abEl supuesto jefe llamado Armando de nacionalidad peruana, comenz\u00f3 como un acoso toc\u00e1ndome las manos, el hombro y despu\u00e9s con abrazos. Eso ocurri\u00f3 el martes. Ya ah\u00ed estaba desconfiada pero como necesito trabajar aguant\u00e9 ese d\u00eda\u00bb. <\/p>\n\n\n\n<figure class=\"wp-block-audio\"><audio controls src=\"https:\/\/mail.google.com\/mail\/u\/4?ui=2&amp;ik=8469444957&amp;attid=0.2&amp;permmsgid=msg-f:1699045917264960809&amp;th=1794394283a7dd29&amp;view=att&amp;disp=safe&amp;realattid=24328a5a39d5576a_0.2\"><\/audio><\/figure>\n\n\n\n<p>La joven relata que el d\u00eda mi\u00e9rcoles lleg\u00f3 a las 08:00 de la ma\u00f1ana como estaba pautado, me mand\u00f3 a limpiar una nevera, pens\u00e9 que ser\u00eda donde guardar\u00edamos las mezclas. Me quit\u00e9 la chaqueta que ten\u00eda puesta para evitar mancharla por el cloro y el jab\u00f3n, pero era mentira porque cuando estuve ordenando me di cuenta que eran sus cosas\u00bb. <\/p>\n\n\n\n<p>Mientras la joven continuaba con su faena de limpieza en un estante, \u00abel hombre apareci\u00f3 por detr\u00e1s y me toca las caderas, ten\u00eda las manos fr\u00edas, volte\u00e9 y lo mir\u00e9 con mala cara, me coment\u00f3 que estaba haciendo fr\u00edo, lo cual le respond\u00eda que s\u00ed pero que no me gustaba que me tocara\u00bb. <\/p>\n\n\n\n<p>Luego la mand\u00f3 a limpiar unos ajos y en ese momento le comenz\u00f3 a tocar el hombro, \u00able reiter\u00e9 que no me gustaba. De repente me empez\u00f3 a hacer masajes, yo me volte\u00e9 y lo empuje rechaz\u00e1ndolo\u00bb, ah\u00ed se calm\u00f3 un poco. <\/p>\n\n\n\n<p>\u00abPosteriormente me mand\u00f3 a aspirar el piso y en eso me dijo que ten\u00eda un cabello en la camisa y me toc\u00f3 el seno como limpi\u00e1ndome cosa que me incomod\u00f3 demasiado\u00bb. <\/p>\n\n\n\n<p>Ante tal reacci\u00f3n, la joven desesperada le pidi\u00f3 que no le faltara el respeto y que se retirar\u00eda, el sujeto le dijo que a\u00fan no porque faltaba que le doblara la ropa en su habitaci\u00f3n a lo que ella se neg\u00f3, \u00aba m\u00ed me mandaron para ac\u00e1 fue a vender pan no para limpieza ni para complacer sus necesidades. Como vio que me alter\u00e9, el tipo me pag\u00f3 y me fui\u00bb. <\/p>\n\n\n\n<p>La chica, a quien se le resguarda su identidad por temor a represalias, explic\u00f3 que fue hasta la agencia de trabajo a poner el reclamo donde lamentaron la situaci\u00f3n. \u00abhago esto publico porque estoy muy angustiada porque as\u00ed como me pas\u00f3 a m\u00ed le puede pasar a mucha gente y a esa agencia van muchas personas a buscar empleo\u00bb. <\/p>\n\n\n\n<p><strong><span style=\"background-color:#9a1b22\" class=\"td_text_highlight_marker\">No parec\u00eda una panader\u00eda<\/span><\/strong><\/p>\n\n\n\n<p>La joven aclar\u00f3 que cuando entr\u00f3 al lugar comenz\u00f3 a sospechar porque \u00abera como una pensi\u00f3n y no viv\u00eda \u00e9l solo. Es una casa como con cinco personas, tiene un patio y un cuarto donde est\u00e1n las cosas de la supuesta panader\u00eda y arriba las habitaciones y al entrar queda como una f\u00e1brica de ropa\u00bb.<\/p>\n\n\n\n<figure class=\"wp-block-audio\"><audio controls src=\"https:\/\/mail.google.com\/mail\/u\/4?ui=2&amp;ik=8469444957&amp;attid=0.1&amp;permmsgid=msg-f:1699045917264960809&amp;th=1794394283a7dd29&amp;view=att&amp;disp=safe&amp;realattid=24328a5a39d5576a_0.1\"><\/audio><\/figure>\n\n\n\n<p> <\/p>\n","protected":false},"excerpt":{"rendered":"<p>Una joven venezolana de tan s\u00f3lo 22 a\u00f1os de edad, denunci\u00f3 que en su primer d\u00eda de trabajo en una supuesta panader\u00eda fue acosada por el propietario del comercio. La chica vive en Buenos aires, tiene cuatro meses sin empleo por lo cual contrat\u00f3 a la agencia Esperanza para que le ubicara un trabajo, le [&hellip;]<\/p>\n","protected":false},"author":2,"featured_media":6334,"comment_status":"open","ping_status":"open","sticky":false,"template":"","format":"standard","meta":{"jnews-multi-image_gallery":[],"jnews_single_post":[],"jnews_primary_category":[],"jnews_social_meta":[],"jnews_review":[],"enable_review":"","type":"","name":"","summary":"","brand":"","sku":"","good":[],"bad":[],"score_override":"","override_value":"","rating":[],"price":[],"jnews_override_counter":[],"jnews_post_split":[],"footnotes":""},"categories":[54],"tags":[777,45,67],"class_list":["post-6324","post","type-post","status-publish","format-standard","has-post-thumbnail","hentry","category-inmigracion","tag-acoso-sexual","tag-noticias","tag-venezolanos-en-argentina"],"_links":{"self":[{"href":"https:\/\/esreviral.com\/index.php?rest_route=\/wp\/v2\/posts\/6324","targetHints":{"allow":["GET"]}}],"collection":[{"href":"https:\/\/esreviral.com\/index.php?rest_route=\/wp\/v2\/posts"}],"about":[{"href":"https:\/\/esreviral.com\/index.php?rest_route=\/wp\/v2\/types\/post"}],"author":[{"embeddable":true,"href":"https:\/\/esreviral.com\/index.php?rest_route=\/wp\/v2\/users\/2"}],"replies":[{"embeddable":true,"href":"https:\/\/esreviral.com\/index.php?rest_route=%2Fwp%2Fv2%2Fcomments&post=6324"}],"version-history":[{"count":0,"href":"https:\/\/esreviral.com\/index.php?rest_route=\/wp\/v2\/posts\/6324\/revisions"}],"wp:featuredmedia":[{"embeddable":true,"href":"https:\/\/esreviral.com\/index.php?rest_route=\/"}],"wp:attachment":[{"href":"https:\/\/esreviral.com\/index.php?rest_route=%2Fwp%2Fv2%2Fmedia&parent=6324"}],"wp:term":[{"taxonomy":"category","embeddable":true,"href":"https:\/\/esreviral.com\/index.php?rest_route=%2Fwp%2Fv2%2Fcategories&post=6324"},{"taxonomy":"post_tag","embeddable":true,"href":"https:\/\/esreviral.com\/index.php?rest_route=%2Fwp%2Fv2%2Ftags&post=6324"}],"curies":[{"name":"wp","href":"https:\/\/api.w.org\/{rel}","templated":true}]}}