{"id":63044,"date":"2024-10-23T11:28:16","date_gmt":"2024-10-23T16:28:16","guid":{"rendered":"https:\/\/esreviral.com\/?p=63044"},"modified":"2024-10-23T11:47:15","modified_gmt":"2024-10-23T16:47:15","slug":"trenes-el-gobierno-de-javier-milei-anuncio-la-privatizacion-de-la-linea-belgrano-cargas","status":"publish","type":"post","link":"https:\/\/esreviral.com\/?p=63044","title":{"rendered":"Trenes: El gobierno de Javier Milei anunci\u00f3 la privatizaci\u00f3n de la l\u00ednea Belgrano Cargas"},"content":{"rendered":"\n<p>El Gobierno anunci\u00f3 que\u00a0<strong>privatizar\u00e1\u00a0<\/strong>la l\u00ednea de tren\u00a0<strong>Belgrano Cargas.<\/strong>\u00a0El vocero presidencial,\u00a0<strong>Manuel Adorni,<\/strong>\u00a0dijo desde Casa Rosada que la firma es\u00a0<strong>deficitaria\u00a0<\/strong>y dejar\u00e1 la \u00f3rbita del Estado para\u00a0<strong>hacerla rentable.<\/strong>\u00a0Adorni dijo: \u201cEl a\u00f1o pasado el Estado puso\u00a0<strong>US$112 millones<\/strong>\u00a0en esta empresa, dinero que sali\u00f3 de cada uno de nosotros, todos los argentinos\u201d. Estuvo acompa\u00f1ado por el titular de la Agencia de Transformaci\u00f3n de Empresas P\u00fablicas (ATEP),\u00a0<strong>Diego Chaher.<\/strong><\/p>\n\n\n\n<p>El vocero presidencial explic\u00f3: \u201cPara dimensionar el deficiente estado del sistema ferroviario argentino de cargas, la distancia media transportada hoy es de 500 kil\u00f3metros, la misma medida que se transportaba hace 50 a\u00f1os en la Rep\u00fablica Argentina, es decir, en medio siglo&nbsp;<strong>no hemos avanzado absolutamente nada\u201d.<\/strong><\/p>\n\n\n\n<p class=\"has-text-align-center\"><em><strong><em><strong><em><strong><em><strong><a href=\"https:\/\/t.me\/esreviral\">\u00daNETE A NUESTRO CANAL DE TELEGRAM PARA ESTAR INFORMADO<\/a><\/strong><\/em><\/strong><\/em><\/strong><\/em><\/strong><\/em><\/p>\n\n\n\n<p>Tras el anuncio el Gobierno dijo en un comunicado: \u201cLa Oficina del Presidente informa que se ha dado inicio al proceso de privatizaci\u00f3n de Trenes Argentinos Cargas, tambi\u00e9n conocida como Belgrano Cargas y Log\u00edstica S.A., mediante el procedimiento aprobado por la&nbsp;<strong>Ley Bases.&nbsp;<\/strong>La empresa opera 7600 kil\u00f3metros de v\u00edas que ahora ser\u00e1n concesionadas a privados, manteniendo rieles y tierras como propiedad del Estado Nacional. Dicho proceso ser\u00e1 liderado por Diego Chaher, titular de la Agencia de Transformaci\u00f3n de Empresas P\u00fablicas, dependiente del Ministerio de Econom\u00eda de la Naci\u00f3n\u201d.<\/p>\n\n\n\n<p><strong><mark style=\"background-color:rgba(0, 0, 0, 0)\" class=\"has-inline-color has-vivid-red-color\">El Gobierno defendi\u00f3 la privatizaci\u00f3n de la l\u00ednea de tren Belgrano Cargas<\/mark><\/strong><\/p>\n\n\n\n<ul class=\"wp-block-list\">\n<li>\u201cEn manos estatales, Belgrano Cargas es\u00a0<strong>obscenamente deficitaria<\/strong>\u00a0y posee una<strong>\u00a0planta sobredimensionada<\/strong>\u00a0de 4429 personas, adem\u00e1s de una estructura jer\u00e1rquica elevada no acorde a sus funciones. Solo el a\u00f1o pasado, el Estado Nacional, es decir, todos los pagadores de impuestos de la Argentina, deben aportar 112 millones de d\u00f3lares para su subsistencia\u201d.<\/li>\n\n\n\n<li>\u201cEn los \u00faltimos 20 a\u00f1os se sextuplic\u00f3 la producci\u00f3n agropecuaria nacional, sin embargo, bajo control estatal, Belgrano Cargas transporta hace 15 a\u00f1os<strong>\u00a0la misma cantidad de toneladas.\u00a0<\/strong>Su privatizaci\u00f3n tiene por objeto\u00a0<strong>eficientizar la competitividad<\/strong>\u00a0del transporte ferroviario de cargas, promover la inversi\u00f3n en el sector e introducir la\u00a0<strong>l\u00f3gica del mercado<\/strong>\u00a0al sector ferroviario\u201d.<\/li>\n\n\n\n<li>\u201cComo se\u00f1al\u00f3 el Presidente Javier Milei, este Gobierno va a\u00a0<strong>privatizar todo lo que se pueda privatizar,\u00a0<\/strong>y va a pasarle al sector privado para que funcione eficazmente todo lo que de pueda pasar al sector privado. Se termin\u00f3 el Estado empresario\u201d.<\/li>\n<\/ul>\n\n\n\n<p class=\"has-text-align-center\"><strong><a href=\"https:\/\/chat.whatsapp.com\/KWkTmakY3I05kNdd2oZl6d\"><em>\u00daNETE A NUESTRO GRUPO DE WHATSAPP PARA ESTAR INFORMADO<\/em><\/a><\/strong><\/p>\n\n\n\n<blockquote class=\"twitter-tweet\"><p lang=\"zxx\" dir=\"ltr\"><a href=\"https:\/\/t.co\/u85p9k5YoB\">pic.twitter.com\/u85p9k5YoB<\/a><\/p>&mdash; Oficina del Presidente (@OPRArgentina) <a href=\"https:\/\/twitter.com\/OPRArgentina\/status\/1849122875380293885?ref_src=twsrc%5Etfw\">October 23, 2024<\/a><\/blockquote> <script async src=\"https:\/\/platform.twitter.com\/widgets.js\" charset=\"utf-8\"><\/script>\n","protected":false},"excerpt":{"rendered":"<p>El vocero presidencial, Manuel Adorni, afirm\u00f3 que la compa\u00f1\u00eda es deficitaria y dejar\u00e1 la \u00f3rbita del Estado para hacerla rentable.<\/p>\n","protected":false},"author":3,"featured_media":63045,"comment_status":"closed","ping_status":"closed","sticky":false,"template":"","format":"standard","meta":{"jnews-multi-image_gallery":[],"jnews_single_post":{"subtitle":"","format":"standard","video":"","gallery":"","source_name":"","source_url":"","via_name":"","via_url":"","override_template":"0","override":[{"template":"4","single_blog_custom":"","parallax":"1","fullscreen":"1","layout":"right-sidebar","sidebar":"new-widget-area","second_sidebar":"default-sidebar","sticky_sidebar":"1","share_position":"top","share_float_style":"share-monocrhome","show_share_counter":"1","show_view_counter":"1","show_featured":"1","show_post_meta":"1","show_post_author":"1","show_post_author_image":"1","show_post_date":"1","post_date_format":"default","post_date_format_custom":"Y\/m\/d","show_post_category":"1","show_post_reading_time":"1","post_reading_time_wpm":"300","show_zoom_button":"1","zoom_button_out_step":"2","zoom_button_in_step":"3","show_post_tag":"1","show_prev_next_post":"1","show_popup_post":"1","number_popup_post":"1","show_author_box":"1","show_post_related":"1","show_inline_post_related":"0"}],"override_image_size":"0","image_override":[{"single_post_thumbnail_size":"crop-500","single_post_gallery_size":"crop-500"}],"trending_post":"0","trending_post_position":"meta","trending_post_label":"Trending","sponsored_post":"0","sponsored_post_label":"Sponsored by","sponsored_post_name":"","sponsored_post_url":"","sponsored_post_logo_enable":"0","sponsored_post_logo":"","sponsored_post_desc":"","disable_ad":"0"},"jnews_primary_category":{"id":"","hide":""},"jnews_social_meta":{"fb_title":"","fb_description":"","fb_image":"","twitter_title":"","twitter_description":"","twitter_image":""},"jnews_review":[],"enable_review":"0","type":"percentage","name":"","summary":"","brand":"","sku":"","good":[{"good_text":""}],"bad":[{"bad_text":""}],"score_override":"","override_value":"","rating":[{"rating_text":"","rating_number":"10"}],"price":[{"shop":"","price":"","link":"","icon":""}],"jnews_override_counter":{"override_view_counter":"0","view_counter_number":"0","override_share_counter":"0","share_counter_number":"0","override_like_counter":"0","like_counter_number":"0","override_dislike_counter":"0","dislike_counter_number":"0"},"jnews_post_split":{"enable_post_split":"0","post_split":[{"template":"1","tag":"h2","numbering":"asc","mode":"normal","first":"0","enable_toc":"0","toc_type":"normal"}]},"footnotes":""},"categories":[58,59],"tags":[44,19226,1158,12936,45,557,12945],"class_list":["post-63044","post","type-post","status-publish","format-standard","has-post-thumbnail","hentry","category-argentina","category-politica","tag-argentina","tag-belgrano-cargas","tag-javier-milei","tag-manuel-adorni","tag-noticias","tag-tren","tag-vocero-presidencial"],"amp_enabled":true,"_links":{"self":[{"href":"https:\/\/esreviral.com\/index.php?rest_route=\/wp\/v2\/posts\/63044"}],"collection":[{"href":"https:\/\/esreviral.com\/index.php?rest_route=\/wp\/v2\/posts"}],"about":[{"href":"https:\/\/esreviral.com\/index.php?rest_route=\/wp\/v2\/types\/post"}],"author":[{"embeddable":true,"href":"https:\/\/esreviral.com\/index.php?rest_route=\/wp\/v2\/users\/3"}],"replies":[{"embeddable":true,"href":"https:\/\/esreviral.com\/index.php?rest_route=%2Fwp%2Fv2%2Fcomments&post=63044"}],"version-history":[{"count":0,"href":"https:\/\/esreviral.com\/index.php?rest_route=\/wp\/v2\/posts\/63044\/revisions"}],"wp:featuredmedia":[{"embeddable":true,"href":"https:\/\/esreviral.com\/index.php?rest_route=\/wp\/v2\/media\/63045"}],"wp:attachment":[{"href":"https:\/\/esreviral.com\/index.php?rest_route=%2Fwp%2Fv2%2Fmedia&parent=63044"}],"wp:term":[{"taxonomy":"category","embeddable":true,"href":"https:\/\/esreviral.com\/index.php?rest_route=%2Fwp%2Fv2%2Fcategories&post=63044"},{"taxonomy":"post_tag","embeddable":true,"href":"https:\/\/esreviral.com\/index.php?rest_route=%2Fwp%2Fv2%2Ftags&post=63044"}],"curies":[{"name":"wp","href":"https:\/\/api.w.org\/{rel}","templated":true}]}}