{"id":63041,"date":"2024-10-23T11:22:09","date_gmt":"2024-10-23T16:22:09","guid":{"rendered":"https:\/\/esreviral.com\/?p=63041"},"modified":"2024-10-23T11:22:10","modified_gmt":"2024-10-23T16:22:10","slug":"por-robarle-el-celular-ladron-ataco-a-mordiscos-a-una-mujer","status":"publish","type":"post","link":"https:\/\/esreviral.com\/?p=63041","title":{"rendered":"Por robarle el celular, ladr\u00f3n atac\u00f3 a mordiscos a una mujer"},"content":{"rendered":"\n<p>Un violento asalto tuvo lugar en la localidad de Kennedy, al sur de Bogot\u00e1, donde una mujer fue brutalmente atacada por un delincuente que intentaba arrebatarle su celular.<\/p>\n\n\n\n<p>Seg\u00fan los informes, el agresor, que se desplazaba en bicicleta, no solo empuj\u00f3 a la v\u00edctima durante el hurto, sino que tambi\u00e9n la mordi\u00f3 en varias ocasiones antes de lograr robarle el dispositivo. El ataque ocurri\u00f3 a plena luz del d\u00eda, aunque las autoridades a\u00fan no han proporcionado detalles sobre este reprobable acto de violencia, al cual la mujer intent\u00f3 resistirse.<\/p>\n\n\n\n<p>A trav\u00e9s de una entrevista con Blu Radio, la v\u00edctima relat\u00f3 que, apenas el hombre la asalt\u00f3, la derrib\u00f3 al suelo y continu\u00f3 golpe\u00e1ndola mientras ella se encontraba indefensa. Las c\u00e1maras de seguridad registraron el violento ataque desde un \u00e1ngulo casi cenital, mostrando claramente c\u00f3mo dej\u00f3 heridas y hematomas en el rostro y los brazos de la mujer. \u201cYo ven\u00eda de all\u00e1 para ac\u00e1, y \u00e9l me peg\u00f3 y me mordi\u00f3. Me bot\u00f3 al suelo y me peg\u00f3, no me dec\u00eda nada, solo me mord\u00eda\u201d, testific\u00f3.<\/p>\n\n\n\n<p class=\"has-text-align-center\"><em><strong><em><strong><em><strong><a href=\"https:\/\/t.me\/esreviral\">\u00daNETE A NUESTRO CANAL DE TELEGRAM PARA ESTAR INFORMADO<\/a><\/strong><\/em><\/strong><\/em><\/strong><\/em><\/p>\n\n\n\n<blockquote class=\"twitter-tweet\"><p lang=\"es\" dir=\"ltr\">\ud83c\udde8\ud83c\uddf4 | Un hombre atac\u00f3 salvajemente a una mujer de 50 a\u00f1os para robarle su celular en el sur de Bogot\u00e1, Colombia. El agresor no solo la golpe\u00f3 brutalmente, sino que tambi\u00e9n la mordi\u00f3 en repetidas ocasiones. <a href=\"https:\/\/t.co\/z4oGrXZx1j\">pic.twitter.com\/z4oGrXZx1j<\/a><\/p>&mdash; ES RE VIRAL (@esreviral) <a href=\"https:\/\/twitter.com\/esreviral\/status\/1849121711066669448?ref_src=twsrc%5Etfw\">October 23, 2024<\/a><\/blockquote> <script async src=\"https:\/\/platform.twitter.com\/widgets.js\" charset=\"utf-8\"><\/script>\n\n\n\n<p>Tras el brutal robo, el delincuente huy\u00f3 del lugar en su bicicleta, dejando a la mujer en el suelo. A pesar de sus esfuerzos por perseguirlo, no logr\u00f3 alcanzarlo. La v\u00edctima, una mujer de aproximadamente 50 a\u00f1os de edad, expres\u00f3 su angustia y describi\u00f3 c\u00f3mo el ladr\u00f3n la atac\u00f3 con una violencia desmedida.<\/p>\n\n\n\n<p>En otro caso, un joven de 14 a\u00f1os de edad se encuentra luchando por su vida tras ser apu\u00f1alado por un asaltante en la misma localidad de Kennedy el 21 de octubre de 2024. El agresor, cuya identidad a\u00fan no ha sido revelada, logr\u00f3 escapar del lugar y permanece pr\u00f3fugo de la justicia. Las autoridades han iniciado una investigaci\u00f3n para esclarecer los motivos detr\u00e1s de este brutal ataque. La Polic\u00eda Metropolitana de Bogot\u00e1 ha solicitado la colaboraci\u00f3n de la ciudadan\u00eda para obtener cualquier informaci\u00f3n que pueda llevar a la captura del responsable.<\/p>\n\n\n\n<p>La comunidad de Kennedy, alarmada por la seguridad de sus hijos que asisten al mismo colegio que el menor agredido, ha expresado su temor y exige una pronta respuesta de las autoridades. La preocupaci\u00f3n ha crecido entre los habitantes de la zona, quienes temen por la seguridad de sus familias. La comunidad espera un comunicado oficial en las pr\u00f3ximas horas con m\u00e1s detalles sobre el caso y los avances en la b\u00fasqueda del agresor.<\/p>\n\n\n\n<figure class=\"wp-block-image size-large\"><img decoding=\"async\" src=\"https:\/\/www.infobae.com\/resizer\/v2\/LZK2OMMWJFGGRGT75SWSKWK5WQ.png?auth=425314a9cad3bef29dfafa7f825b309ddc842f735b1ca8cc846aa9bbb1baec28&amp;smart=true&amp;width=992&amp;height=661&amp;quality=85\" alt=\"\"\/><\/figure>\n\n\n\n<p>En otro incidente, el 15 de octubre de 2024, un robo de una camioneta de alta gama en Engativ\u00e1 desencaden\u00f3 una intensa persecuci\u00f3n policial que culmin\u00f3 en un intercambio de disparos. Uno de los delincuentes result\u00f3 herido de gravedad, mientras que su c\u00f3mplice logr\u00f3 escapar.<\/p>\n\n\n\n<p>El incidente comenz\u00f3 alrededor de las 11 de la noche, cuando un ciudadano en motocicleta alert\u00f3 a las autoridades sobre una camioneta que circulaba a alta velocidad y de manera sospechosa por la avenida Guayacanes. Inmediatamente, dos polic\u00edas en patrullaje, junto con un equipo del Noct\u00e1mbulo de City Noticias, iniciaron la persecuci\u00f3n del veh\u00edculo robado. El teniente coronel Leonardo Bernal, comandante de la Polic\u00eda de Kennedy, explic\u00f3 que la camioneta hab\u00eda sido hurtada en Engativ\u00e1. Tras recibir la alerta, las patrullas de vigilancia en Kennedy verificaron la identificaci\u00f3n del veh\u00edculo a trav\u00e9s de la central de radio.<\/p>\n\n\n\n<p>Al intentar detener el veh\u00edculo, los delincuentes desobedecieron la orden de parar y trataron de atropellar a los oficiales, pero perdieron el control y chocaron contra un bolardo. Uno de los asaltantes descendi\u00f3 del veh\u00edculo y abri\u00f3 fuego contra los polic\u00edas, lo que provoc\u00f3 una respuesta armada por parte de las autoridades. En el tiroteo, uno de los delincuentes recibi\u00f3 un disparo en la cabeza, mientras que el otro logr\u00f3 huir del lugar.<\/p>\n\n\n\n<p class=\"has-text-align-center\"><strong><a href=\"https:\/\/chat.whatsapp.com\/KWkTmakY3I05kNdd2oZl6d\"><em>\u00daNETE A NUESTRO GRUPO DE WHATSAPP PARA ESTAR INFORMADO<\/em><\/a><\/strong><\/p>\n","protected":false},"excerpt":{"rendered":"<p>En plena luz del d\u00eda, el ladr\u00f3n atac\u00f3 brutalmente a la ciudadana para robarle su tel\u00e9fono m\u00f3vil, y luego escapar en su bicicleta<\/p>\n","protected":false},"author":3,"featured_media":63042,"comment_status":"closed","ping_status":"closed","sticky":false,"template":"","format":"standard","meta":{"jnews-multi-image_gallery":[],"jnews_single_post":{"subtitle":"","format":"standard","video":"","gallery":"","source_name":"","source_url":"","via_name":"","via_url":"","override_template":"0","override":[{"template":"4","single_blog_custom":"","parallax":"1","fullscreen":"1","layout":"right-sidebar","sidebar":"new-widget-area","second_sidebar":"default-sidebar","sticky_sidebar":"1","share_position":"top","share_float_style":"share-monocrhome","show_share_counter":"1","show_view_counter":"1","show_featured":"1","show_post_meta":"1","show_post_author":"1","show_post_author_image":"1","show_post_date":"1","post_date_format":"default","post_date_format_custom":"Y\/m\/d","show_post_category":"1","show_post_reading_time":"1","post_reading_time_wpm":"300","show_zoom_button":"1","zoom_button_out_step":"2","zoom_button_in_step":"3","show_post_tag":"1","show_prev_next_post":"1","show_popup_post":"1","number_popup_post":"1","show_author_box":"1","show_post_related":"1","show_inline_post_related":"0"}],"override_image_size":"0","image_override":[{"single_post_thumbnail_size":"crop-500","single_post_gallery_size":"crop-500"}],"trending_post":"0","trending_post_position":"meta","trending_post_label":"Trending","sponsored_post":"0","sponsored_post_label":"Sponsored by","sponsored_post_name":"","sponsored_post_url":"","sponsored_post_logo_enable":"0","sponsored_post_logo":"","sponsored_post_desc":"","disable_ad":"0"},"jnews_primary_category":{"id":"","hide":""},"jnews_social_meta":{"fb_title":"","fb_description":"","fb_image":"","twitter_title":"","twitter_description":"","twitter_image":""},"jnews_review":[],"enable_review":"0","type":"percentage","name":"","summary":"","brand":"","sku":"","good":[{"good_text":""}],"bad":[{"bad_text":""}],"score_override":"","override_value":"","rating":[{"rating_text":"","rating_number":"10"}],"price":[{"shop":"","price":"","link":"","icon":""}],"jnews_override_counter":{"override_view_counter":"0","view_counter_number":"0","override_share_counter":"0","share_counter_number":"0","override_like_counter":"0","like_counter_number":"0","override_dislike_counter":"0","dislike_counter_number":"0"},"jnews_post_split":{"enable_post_split":"0","post_split":[{"template":"1","tag":"h2","numbering":"asc","mode":"normal","first":"0","enable_toc":"0","toc_type":"normal"}]},"footnotes":""},"categories":[88,64],"tags":[6417,6664,629,940,19225,19224],"class_list":["post-63041","post","type-post","status-publish","format-standard","has-post-thumbnail","hentry","category-internacionales","category-sucesos","tag-asalto","tag-bogota","tag-hurto","tag-inseguridad","tag-kennedy","tag-ladron-mordio-a-mujer"],"amp_enabled":true,"_links":{"self":[{"href":"https:\/\/esreviral.com\/index.php?rest_route=\/wp\/v2\/posts\/63041"}],"collection":[{"href":"https:\/\/esreviral.com\/index.php?rest_route=\/wp\/v2\/posts"}],"about":[{"href":"https:\/\/esreviral.com\/index.php?rest_route=\/wp\/v2\/types\/post"}],"author":[{"embeddable":true,"href":"https:\/\/esreviral.com\/index.php?rest_route=\/wp\/v2\/users\/3"}],"replies":[{"embeddable":true,"href":"https:\/\/esreviral.com\/index.php?rest_route=%2Fwp%2Fv2%2Fcomments&post=63041"}],"version-history":[{"count":0,"href":"https:\/\/esreviral.com\/index.php?rest_route=\/wp\/v2\/posts\/63041\/revisions"}],"wp:featuredmedia":[{"embeddable":true,"href":"https:\/\/esreviral.com\/index.php?rest_route=\/wp\/v2\/media\/63042"}],"wp:attachment":[{"href":"https:\/\/esreviral.com\/index.php?rest_route=%2Fwp%2Fv2%2Fmedia&parent=63041"}],"wp:term":[{"taxonomy":"category","embeddable":true,"href":"https:\/\/esreviral.com\/index.php?rest_route=%2Fwp%2Fv2%2Fcategories&post=63041"},{"taxonomy":"post_tag","embeddable":true,"href":"https:\/\/esreviral.com\/index.php?rest_route=%2Fwp%2Fv2%2Ftags&post=63041"}],"curies":[{"name":"wp","href":"https:\/\/api.w.org\/{rel}","templated":true}]}}