{"id":62949,"date":"2024-10-22T10:36:56","date_gmt":"2024-10-22T15:36:56","guid":{"rendered":"https:\/\/esreviral.com\/?p=62949"},"modified":"2024-10-22T10:36:57","modified_gmt":"2024-10-22T15:36:57","slug":"cristina-kirchner-escalo-la-pelea-con-milei-tu-disculpa-culposa-ademas-de-ridicula-no-era-necesaria","status":"publish","type":"post","link":"https:\/\/esreviral.com\/?p=62949","title":{"rendered":"Cristina Kirchner escal\u00f3 la pelea con Milei: \u201cTu disculpa culposa, adem\u00e1s de rid\u00edcula, no era necesaria\u201d"},"content":{"rendered":"\n<p><strong>Cristina Kirchner <\/strong>volvi\u00f3 a responderle a <strong>Javier Milei <\/strong>con fuertes cr\u00edticas: \u201c<strong><em>Tu disculpa culposa, adem\u00e1s de rid\u00edcula, sobre las met\u00e1foras y no s\u00e9 qu\u00e9 otra cosa m\u00e1s, no era necesaria<\/em><\/strong>\u201d, afirm\u00f3 la expresidenta desde su cuenta en X. La l\u00edder de Uni\u00f3n por la Patria reaccion\u00f3 nuevamente a las declaraciones del mandatario, quien hab\u00eda dicho en el programa <em>TN de Noche<\/em>: <strong><a href=\"https:\/\/esreviral.com\/?p=62838\" data-type=\"link\" data-id=\"https:\/\/esreviral.com\/?p=62838\">\u201cMe encantar\u00eda meterle el \u00faltimo clavo al caj\u00f3n del kirchnerismo con Cristina adentro<\/a><\/strong>\u201d. Ante esto, la exmandataria le respondi\u00f3: \u201c<strong><em>\u00bfAs\u00ed que ahora tambi\u00e9n me quer\u00e9s matar?\u201d, a lo que Milei replic\u00f3: \u201cLe cuesta m\u00e1s trabajo entender una simple met\u00e1fora que mostrar su t\u00edtulo de abogada\u201d.<\/em><\/strong><\/p>\n\n\n\n<p>En su \u00faltima publicaci\u00f3n, Cristina expres\u00f3: \u201cAcabo de leer tu largo posteo de anoche, Milei. Para hacerla corta: tu disculpa culposa, adem\u00e1s de rid\u00edcula, sobre las met\u00e1foras y no s\u00e9 qu\u00e9 otra cosa m\u00e1s, no era necesaria. Siempre tomo las cosas seg\u00fan de qui\u00e9n vengan. En tu caso, una persona con una clara disociaci\u00f3n entre lo que hace y dice, y los efectos que sus palabras y pol\u00edticas provocan en la vida cotidiana de millones de argentinos\u201d.<\/p>\n\n\n\n<p class=\"has-text-align-center\"><em><strong><em><strong><em><strong><a href=\"https:\/\/t.me\/esreviral\">\u00daNETE A NUESTRO CANAL DE TELEGRAM PARA ESTAR INFORMADO<\/a><\/strong><\/em><\/strong><\/em><\/strong><\/em><\/p>\n\n\n\n<blockquote class=\"twitter-tweet\"><p lang=\"es\" dir=\"ltr\">Acabo de leer tu largo posteo de anoche, Milei.<br><br>Para hacerla corta. Tu disculpa culposa, adem\u00e1s de rid\u00edcula, sobre las met\u00e1foras y no s\u00e9 qu\u00e9 otra cosa m\u00e1s, no era necesaria. Siempre tomo las cosas como de quien viene. En tu caso, el de una persona que presenta una fuerte y\u2026<\/p>&mdash; Cristina Kirchner (@CFKArgentina) <a href=\"https:\/\/twitter.com\/CFKArgentina\/status\/1848736919817011407?ref_src=twsrc%5Etfw\">October 22, 2024<\/a><\/blockquote> <script async src=\"https:\/\/platform.twitter.com\/widgets.js\" charset=\"utf-8\"><\/script>\n\n\n\n<p>Kirchner tambi\u00e9n critic\u00f3 la gesti\u00f3n del l\u00edder de La Libertad Avanza: \u201c<strong><em>Expresiones como \u2018los salarios y las jubilaciones le ganan a la inflaci\u00f3n\u2019 o \u2018solo vamos a tener buenas noticias\u2019 dichas en el mismo programa del clavo y el caj\u00f3n, revelan un diagn\u00f3stico claro: no hacerse cargo de nada<\/em><\/strong>\u201d. Adem\u00e1s, agreg\u00f3: <strong><em>\u201cLa verdad es que en la Argentina que est\u00e1s construyendo, los \u00fanicos con ganancias extraordinarias son los sectores financieros y energ\u00e9ticos. Cuando termines de destruir el Estado y precarizar el trabajo, aquellos que hoy te aplauden en los coloquios te van a soltar la mano y te van a descartar. \u00bfVes? Eso s\u00ed es una met\u00e1fora\u201d<\/em><\/strong>.<\/p>\n\n\n\n<p>Kirchner tambi\u00e9n mencion\u00f3 su gesti\u00f3n y los logros de su gobierno: \u201c<strong><em>Nos despidi\u00f3 una Plaza de Mayo desbordada, duplicamos la clase media que ahora est\u00e1s haciendo desaparecer. En mi gobierno, los argentinos pod\u00edan ahorrar, hab\u00edamos desendeudado el pa\u00eds y el Riesgo Pa\u00eds era la mitad del actual\u201d.<\/em><\/strong><\/p>\n\n\n\n<p>Finalmente, Kirchner envi\u00f3 un ir\u00f3nico saludo a Milei en el d\u00eda de su cumplea\u00f1os: \u201c<strong><em>S\u00e9 que hoy es tu cumplea\u00f1os n\u00famero 54. Que termines bien el d\u00eda, Milei\u201d.<\/em><\/strong><\/p>\n\n\n\n<p class=\"has-text-align-center\"><strong><a href=\"https:\/\/chat.whatsapp.com\/KWkTmakY3I05kNdd2oZl6d\"><em>\u00daNETE A NUESTRO GRUPO DE WHATSAPP PARA ESTAR INFORMADO<\/em><\/a><\/strong><\/p>\n","protected":false},"excerpt":{"rendered":"<p>Desde su cuenta de X, la l\u00edder de Uni\u00f3n por la Patria volvi\u00f3 a responderle al Presidente. Lo acus\u00f3 de destruir el Estado y hacer desaparecer a la clase media. La ir\u00f3nica dedicatoria por el cumplea\u00f1os del libertario.<\/p>\n","protected":false},"author":3,"featured_media":62950,"comment_status":"closed","ping_status":"closed","sticky":false,"template":"","format":"standard","meta":{"jnews-multi-image_gallery":[],"jnews_single_post":{"subtitle":"","format":"standard","video":"","gallery":"","source_name":"","source_url":"","via_name":"","via_url":"","override_template":"0","override":[{"template":"4","single_blog_custom":"","parallax":"1","fullscreen":"1","layout":"right-sidebar","sidebar":"new-widget-area","second_sidebar":"default-sidebar","sticky_sidebar":"1","share_position":"top","share_float_style":"share-monocrhome","show_share_counter":"1","show_view_counter":"1","show_featured":"1","show_post_meta":"1","show_post_author":"1","show_post_author_image":"1","show_post_date":"1","post_date_format":"default","post_date_format_custom":"Y\/m\/d","show_post_category":"1","show_post_reading_time":"1","post_reading_time_wpm":"300","show_zoom_button":"1","zoom_button_out_step":"2","zoom_button_in_step":"3","show_post_tag":"1","show_prev_next_post":"1","show_popup_post":"1","number_popup_post":"1","show_author_box":"1","show_post_related":"1","show_inline_post_related":"0"}],"override_image_size":"0","image_override":[{"single_post_thumbnail_size":"crop-500","single_post_gallery_size":"crop-500"}],"trending_post":"0","trending_post_position":"meta","trending_post_label":"Trending","sponsored_post":"0","sponsored_post_label":"Sponsored by","sponsored_post_name":"","sponsored_post_url":"","sponsored_post_logo_enable":"0","sponsored_post_logo":"","sponsored_post_desc":"","disable_ad":"0"},"jnews_primary_category":{"id":"","hide":""},"jnews_social_meta":{"fb_title":"","fb_description":"","fb_image":"","twitter_title":"","twitter_description":"","twitter_image":""},"jnews_review":[],"enable_review":"0","type":"percentage","name":"","summary":"","brand":"","sku":"","good":[{"good_text":""}],"bad":[{"bad_text":""}],"score_override":"","override_value":"","rating":[{"rating_text":"","rating_number":"10"}],"price":[{"shop":"","price":"","link":"","icon":""}],"jnews_override_counter":{"override_view_counter":"0","view_counter_number":"0","override_share_counter":"0","share_counter_number":"0","override_like_counter":"0","like_counter_number":"0","override_dislike_counter":"0","dislike_counter_number":"0"},"jnews_post_split":{"enable_post_split":"0","post_split":[{"template":"1","tag":"h2","numbering":"asc","mode":"normal","first":"0","enable_toc":"0","toc_type":"normal"}]},"footnotes":""},"categories":[58,59],"tags":[44,2268,19165,1158,45,1270],"class_list":["post-62949","post","type-post","status-publish","format-standard","has-post-thumbnail","hentry","category-argentina","category-politica","tag-argentina","tag-cristina-kirchner","tag-disculpa-culposa","tag-javier-milei","tag-noticias","tag-pelea"],"_links":{"self":[{"href":"https:\/\/esreviral.com\/index.php?rest_route=\/wp\/v2\/posts\/62949","targetHints":{"allow":["GET"]}}],"collection":[{"href":"https:\/\/esreviral.com\/index.php?rest_route=\/wp\/v2\/posts"}],"about":[{"href":"https:\/\/esreviral.com\/index.php?rest_route=\/wp\/v2\/types\/post"}],"author":[{"embeddable":true,"href":"https:\/\/esreviral.com\/index.php?rest_route=\/wp\/v2\/users\/3"}],"replies":[{"embeddable":true,"href":"https:\/\/esreviral.com\/index.php?rest_route=%2Fwp%2Fv2%2Fcomments&post=62949"}],"version-history":[{"count":0,"href":"https:\/\/esreviral.com\/index.php?rest_route=\/wp\/v2\/posts\/62949\/revisions"}],"wp:featuredmedia":[{"embeddable":true,"href":"https:\/\/esreviral.com\/index.php?rest_route=\/wp\/v2\/media\/62950"}],"wp:attachment":[{"href":"https:\/\/esreviral.com\/index.php?rest_route=%2Fwp%2Fv2%2Fmedia&parent=62949"}],"wp:term":[{"taxonomy":"category","embeddable":true,"href":"https:\/\/esreviral.com\/index.php?rest_route=%2Fwp%2Fv2%2Fcategories&post=62949"},{"taxonomy":"post_tag","embeddable":true,"href":"https:\/\/esreviral.com\/index.php?rest_route=%2Fwp%2Fv2%2Ftags&post=62949"}],"curies":[{"name":"wp","href":"https:\/\/api.w.org\/{rel}","templated":true}]}}