{"id":62925,"date":"2024-10-22T07:41:46","date_gmt":"2024-10-22T12:41:46","guid":{"rendered":"https:\/\/esreviral.com\/?p=62925"},"modified":"2024-10-22T07:41:47","modified_gmt":"2024-10-22T12:41:47","slug":"oscar-dejo-seis-muertos-en-cuba-mientras-avanza-el-restablecimiento-de-la-electricidad","status":"publish","type":"post","link":"https:\/\/esreviral.com\/?p=62925","title":{"rendered":"\u00a1Oscar dej\u00f3 seis muertos en Cuba! Mientras avanza el restablecimiento de la electricidad"},"content":{"rendered":"\n<p><strong>Mientras avanza el restablecimiento de la electricidad, seis personas han perdido la vida a causa del hurac\u00e1n Oscar en Cuba. A pesar de los esfuerzos, a\u00fan hay comunidades que permanecen sin electricidad al entrar en la cuarta noche de un apag\u00f3n nacional, seg\u00fan inform\u00f3 el gobierno este lunes.<\/strong><\/p>\n\n\n\n<p>Oscar, ahora convertido en tormenta tropical, deja tras de s\u00ed graves da\u00f1os materiales. Hasta el momento,<strong> el restablecimiento de la electricidad solo ha llegado al 36% de la poblaci\u00f3n de Cuba, que cuenta con 10 millones de habitantes.<\/strong><\/p>\n\n\n\n<p class=\"has-text-align-center\"><em><strong><em><strong><em><strong><a href=\"https:\/\/t.me\/esreviral\">\u00daNETE A NUESTRO CANAL DE TELEGRAM PARA ESTAR INFORMADO<\/a><\/strong><\/em><\/strong><\/em><\/strong><\/em><\/p>\n\n\n\n<p>\u201cLamentablemente, seg\u00fan informaci\u00f3n preliminar, hemos registrado la p\u00e9rdida de seis vidas en el municipio de San Antonio del Sur\u201d, declar\u00f3 el presidente Miguel D\u00edaz-Canel durante su alocuci\u00f3n en el Noticiero Estelar.<\/p>\n\n\n\n<p>El mandatario agreg\u00f3 que las fuerzas armadas lideran las labores de rescate en las \u00e1reas afectadas, particularmente en San Antonio del Sur e Im\u00edas, donde algunas zonas a\u00fan son inaccesibles debido a \u201cniveles de inundaci\u00f3n sin precedentes\u201d.<\/p>\n\n\n\n<p>Los trabajos de recuperaci\u00f3n contin\u00faan mientras la tormenta Oscar se desplaza hacia los mares al norte de la provincia de Holgu\u00edn, seg\u00fan el \u00faltimo reporte del Instituto de Meteorolog\u00eda de Cuba.<\/p>\n\n\n\n<p>El fen\u00f3meno natural, que entr\u00f3 como hurac\u00e1n de categor\u00eda 1 por la ciudad de Baracoa, caus\u00f3 p\u00e9rdidas totales o parciales de viviendas. Sus vientos intensos derribaron techos y muros, adem\u00e1s de postes y \u00e1rboles, seg\u00fan inform\u00f3 la televisi\u00f3n estatal, aunque sin mostrar im\u00e1genes de los da\u00f1os.<\/p>\n\n\n\n<p class=\"has-text-align-center\"><strong><a href=\"https:\/\/chat.whatsapp.com\/KWkTmakY3I05kNdd2oZl6d\"><em>\u00daNETE A NUESTRO GRUPO DE WHATSAPP PARA ESTAR INFORMADO<\/em><\/a><\/strong><\/p>\n","protected":false},"excerpt":{"rendered":"<p>Mientras avanza el restablecimiento de la electricidad, seis personas han perdido la vida a causa del hurac\u00e1n Oscar en Cuba. A pesar de los esfuerzos, a\u00fan hay comunidades que permanecen sin electricidad al entrar en la cuarta noche de un apag\u00f3n nacional, seg\u00fan inform\u00f3 el gobierno este lunes. Oscar, ahora convertido en tormenta tropical, deja [&hellip;]<\/p>\n","protected":false},"author":3,"featured_media":62926,"comment_status":"closed","ping_status":"closed","sticky":false,"template":"","format":"standard","meta":{"jnews-multi-image_gallery":[],"jnews_single_post":{"subtitle":"","format":"standard","video":"","gallery":"","source_name":"","source_url":"","via_name":"","via_url":"","override_template":"0","override":[{"template":"4","single_blog_custom":"","parallax":"1","fullscreen":"1","layout":"right-sidebar","sidebar":"new-widget-area","second_sidebar":"default-sidebar","sticky_sidebar":"1","share_position":"top","share_float_style":"share-monocrhome","show_share_counter":"1","show_view_counter":"1","show_featured":"1","show_post_meta":"1","show_post_author":"1","show_post_author_image":"1","show_post_date":"1","post_date_format":"default","post_date_format_custom":"Y\/m\/d","show_post_category":"1","show_post_reading_time":"1","post_reading_time_wpm":"300","show_zoom_button":"1","zoom_button_out_step":"2","zoom_button_in_step":"3","show_post_tag":"1","show_prev_next_post":"1","show_popup_post":"1","number_popup_post":"1","show_author_box":"1","show_post_related":"1","show_inline_post_related":"0"}],"override_image_size":"0","image_override":[{"single_post_thumbnail_size":"crop-500","single_post_gallery_size":"crop-500"}],"trending_post":"0","trending_post_position":"meta","trending_post_label":"Trending","sponsored_post":"0","sponsored_post_label":"Sponsored by","sponsored_post_name":"","sponsored_post_url":"","sponsored_post_logo_enable":"0","sponsored_post_logo":"","sponsored_post_desc":"","disable_ad":"0"},"jnews_primary_category":{"id":"","hide":""},"jnews_social_meta":{"fb_title":"","fb_description":"","fb_image":"","twitter_title":"","twitter_description":"","twitter_image":""},"jnews_review":[],"enable_review":"0","type":"percentage","name":"","summary":"","brand":"","sku":"","good":[{"good_text":""}],"bad":[{"bad_text":""}],"score_override":"","override_value":"","rating":[{"rating_text":"","rating_number":"10"}],"price":[{"shop":"","price":"","link":"","icon":""}],"jnews_override_counter":{"override_view_counter":"0","view_counter_number":"0","override_share_counter":"0","share_counter_number":"0","override_like_counter":"0","like_counter_number":"0","override_dislike_counter":"0","dislike_counter_number":"0"},"jnews_post_split":{"enable_post_split":"0","post_split":[{"template":"1","tag":"h2","numbering":"asc","mode":"normal","first":"0","enable_toc":"0","toc_type":"normal"}]},"footnotes":""},"categories":[88],"tags":[957,2091,4354,19158,2913,45,17755,19159],"class_list":["post-62925","post","type-post","status-publish","format-standard","has-post-thumbnail","hentry","category-internacionales","tag-cuba","tag-electricidad","tag-huracan","tag-huracan-oscar","tag-muertos","tag-noticias","tag-restablecimiento-de-la-electricidad","tag-san-antonio-del-sur"],"amp_enabled":true,"_links":{"self":[{"href":"https:\/\/esreviral.com\/index.php?rest_route=\/wp\/v2\/posts\/62925"}],"collection":[{"href":"https:\/\/esreviral.com\/index.php?rest_route=\/wp\/v2\/posts"}],"about":[{"href":"https:\/\/esreviral.com\/index.php?rest_route=\/wp\/v2\/types\/post"}],"author":[{"embeddable":true,"href":"https:\/\/esreviral.com\/index.php?rest_route=\/wp\/v2\/users\/3"}],"replies":[{"embeddable":true,"href":"https:\/\/esreviral.com\/index.php?rest_route=%2Fwp%2Fv2%2Fcomments&post=62925"}],"version-history":[{"count":0,"href":"https:\/\/esreviral.com\/index.php?rest_route=\/wp\/v2\/posts\/62925\/revisions"}],"wp:featuredmedia":[{"embeddable":true,"href":"https:\/\/esreviral.com\/index.php?rest_route=\/wp\/v2\/media\/62926"}],"wp:attachment":[{"href":"https:\/\/esreviral.com\/index.php?rest_route=%2Fwp%2Fv2%2Fmedia&parent=62925"}],"wp:term":[{"taxonomy":"category","embeddable":true,"href":"https:\/\/esreviral.com\/index.php?rest_route=%2Fwp%2Fv2%2Fcategories&post=62925"},{"taxonomy":"post_tag","embeddable":true,"href":"https:\/\/esreviral.com\/index.php?rest_route=%2Fwp%2Fv2%2Ftags&post=62925"}],"curies":[{"name":"wp","href":"https:\/\/api.w.org\/{rel}","templated":true}]}}