{"id":62826,"date":"2024-10-21T07:25:03","date_gmt":"2024-10-21T12:25:03","guid":{"rendered":"https:\/\/esreviral.com\/?p=62826"},"modified":"2024-10-21T07:25:04","modified_gmt":"2024-10-21T12:25:04","slug":"avanza-la-obra-para-poder-ver-la-ciudad-desde-el-mirador-panoramico-del-obelisco","status":"publish","type":"post","link":"https:\/\/esreviral.com\/?p=62826","title":{"rendered":"Avanza la obra para poder ver la Ciudad desde el mirador panor\u00e1mico del Obelisco"},"content":{"rendered":"\n<p>En poco tiempo, miles de personas podr\u00e1n acceder a las cuatro ventanas en la cima del Obelisco, a 62 metros de altura, y disfrutar de una vista incomparable. Este ser\u00e1 el<strong> mirador panor\u00e1mico<\/strong> m\u00e1s importante de la Ciudad, y ya se est\u00e1 instalando la estructura met\u00e1lica del ascensor que lo har\u00e1 posible.<\/p>\n\n\n\n<p>\u00abEstamos ante un gran proyecto de ingenier\u00eda que revalorizar\u00e1 uno de los s\u00edmbolos porte\u00f1os. El mirador panor\u00e1mico ser\u00e1 un nuevo atractivo tur\u00edstico que cambiar\u00e1 la forma en que vemos nuestra Ciudad y su patrimonio, al estilo de las grandes metr\u00f3polis del mundo\u00bb, afirm\u00f3 Jorge Macri esta ma\u00f1ana, mientras supervisaba las obras junto al ministro de Espacio P\u00fablico e Higiene Urbana, Ignacio Baistrocchi.<\/p>\n\n\n\n<p>Desde julio, un equipo compuesto por ingenieros, arquitectos, especialistas en seguridad y operarios t\u00e9cnicos ha estado ejecutando el plan de obra, cuyo plazo estimado es de ocho meses. Los trabajos abarcan 160 metros cuadrados, incluyendo la base, las cuatro columnas met\u00e1licas que sostendr\u00e1n las gu\u00edas del ascensor, una escalera de emergencia y el propio mirador.<\/p>\n\n\n\n<p class=\"has-text-align-center\"><em><strong><em><strong><em><strong><a href=\"https:\/\/t.me\/esreviral\">\u00daNETE A NUESTRO CANAL DE TELEGRAM PARA ESTAR INFORMADO<\/a><\/strong><\/em><\/strong><\/em><\/strong><\/em><\/p>\n\n\n\n<figure class=\"wp-block-image size-large\"><img decoding=\"async\" src=\"https:\/\/buenosaires.gob.ar\/sites\/default\/files\/inline-images\/WhatsApp%20Image%202024-10-19%20at%2013.31.44.jpeg\" alt=\"\"\/><\/figure>\n\n\n\n<p>El ascensor llegar\u00e1 hasta los 55 metros de altura, y desde all\u00ed los visitantes podr\u00e1n subir al mirador mediante una escalera caracol de 35 escalones. Este espacio, con capacidad para cuatro personas, contar\u00e1 con tres caras vidriadas, ofreciendo una vista espectacular.<\/p>\n\n\n\n<p>Hasta ahora, solo era posible llegar a la c\u00faspide del Obelisco mediante siete tramos de escalera marinera con un total de 206 escalones, usando casco, guantes de amianto, arneses y bajo la asistencia de Defensa Civil.<\/p>\n\n\n\n<p>\u00abQueremos potenciar el atractivo tur\u00edstico que ya tiene el Obelisco. La Ciudad cuenta con m\u00e1s de 2.400 monumentos y obras de arte, es un verdadero museo a cielo abierto. Seguiremos trabajando todos los d\u00edas para mantenerlos y mejorar la experiencia de vecinos y turistas\u00bb, a\u00f1adi\u00f3 Baistrocchi.<\/p>\n\n\n\n<figure class=\"wp-block-image size-large\"><img decoding=\"async\" src=\"https:\/\/buenosaires.gob.ar\/sites\/default\/files\/inline-images\/WhatsApp%20Image%202024-10-19%20at%2013.31.43.jpeg\" alt=\"\"\/><\/figure>\n\n\n\n<p>El Obelisco es un Monumento Hist\u00f3rico Nacional, lo que exige la preservaci\u00f3n y protecci\u00f3n de su estructura. Todo lo que se instale debe ser reversible, y como la obra no afecta ni la fachada ni la c\u00faspide del monumento, fue aprobada por la Comisi\u00f3n Nacional de Monumentos.<\/p>\n\n\n\n<p>La coordinaci\u00f3n de la propuesta tur\u00edstica del lugar estar\u00e1 a cargo del Ente de Turismo de la Ciudad. La creaci\u00f3n del Mirador Obelisco, junto con la reciente reapertura de la Torre Monumental, que tambi\u00e9n ofrece una vista panor\u00e1mica privilegiada en el barrio de Retiro, desarrollar\u00e1 nuevos circuitos en la agenda tur\u00edstica porte\u00f1a.<\/p>\n\n\n\n<p>El Obelisco, dise\u00f1ado por el arquitecto Alberto Prebisch, fue inaugurado el 23 de mayo de 1936 para conmemorar los 400 a\u00f1os de la primera fundaci\u00f3n de Buenos Aires. Se erigi\u00f3 en la Plaza de la Rep\u00fablica en un tiempo r\u00e9cord de apenas 31 d\u00edas, con el trabajo de 157 operarios. Mide 67,5 metros de altura y su base tiene 6,8 metros por lado. Su construcci\u00f3n form\u00f3 parte de un plan de modernizaci\u00f3n que tambi\u00e9n incluy\u00f3 el ensanchamiento de la Avenida Corrientes y la apertura de la Avenida 9 de Julio.<\/p>\n\n\n\n<p class=\"has-text-align-center\"><strong><a href=\"https:\/\/chat.whatsapp.com\/KWkTmakY3I05kNdd2oZl6d\"><em>\u00daNETE A NUESTRO GRUPO DE WHATSAPP PARA ESTAR INFORMADO<\/em><\/a><\/strong><\/p>\n\n\n\n<p class=\"has-text-align-right\"><em>\u00a0<strong>Prensa GCBA<\/strong>.-<\/em><\/p>\n","protected":false},"excerpt":{"rendered":"<p>Estamos ante un gran proyecto de ingenier\u00eda que va a revalorizar uno de los s\u00edmbolos porte\u00f1os\u00bb, dijo el Jefe de Gobierno, Jorge Macri, quien supervis\u00f3 los trabajos en el monumento.<\/p>\n","protected":false},"author":3,"featured_media":62827,"comment_status":"closed","ping_status":"closed","sticky":false,"template":"","format":"standard","meta":{"jnews-multi-image_gallery":[],"jnews_single_post":{"subtitle":"","format":"standard","video":"","gallery":"","source_name":"","source_url":"","via_name":"","via_url":"","override_template":"0","override":[{"template":"4","single_blog_custom":"","parallax":"1","fullscreen":"1","layout":"right-sidebar","sidebar":"new-widget-area","second_sidebar":"default-sidebar","sticky_sidebar":"1","share_position":"top","share_float_style":"share-monocrhome","show_share_counter":"1","show_view_counter":"1","show_featured":"1","show_post_meta":"1","show_post_author":"1","show_post_author_image":"1","show_post_date":"1","post_date_format":"default","post_date_format_custom":"Y\/m\/d","show_post_category":"1","show_post_reading_time":"1","post_reading_time_wpm":"300","show_zoom_button":"1","zoom_button_out_step":"2","zoom_button_in_step":"3","show_post_tag":"1","show_prev_next_post":"1","show_popup_post":"1","number_popup_post":"1","show_author_box":"1","show_post_related":"1","show_inline_post_related":"0"}],"override_image_size":"0","image_override":[{"single_post_thumbnail_size":"crop-500","single_post_gallery_size":"crop-500"}],"trending_post":"0","trending_post_position":"meta","trending_post_label":"Trending","sponsored_post":"0","sponsored_post_label":"Sponsored by","sponsored_post_name":"","sponsored_post_url":"","sponsored_post_logo_enable":"0","sponsored_post_logo":"","sponsored_post_desc":"","disable_ad":"0"},"jnews_primary_category":{"id":"","hide":""},"jnews_social_meta":{"fb_title":"","fb_description":"","fb_image":"","twitter_title":"","twitter_description":"","twitter_image":""},"jnews_review":[],"enable_review":"0","type":"percentage","name":"","summary":"","brand":"","sku":"","good":[{"good_text":""}],"bad":[{"bad_text":""}],"score_override":"","override_value":"","rating":[{"rating_text":"","rating_number":"10"}],"price":[{"shop":"","price":"","link":"","icon":""}],"jnews_override_counter":{"override_view_counter":"0","view_counter_number":"0","override_share_counter":"0","share_counter_number":"0","override_like_counter":"0","like_counter_number":"0","override_dislike_counter":"0","dislike_counter_number":"0"},"jnews_post_split":{"enable_post_split":"0","post_split":[{"template":"1","tag":"h2","numbering":"asc","mode":"normal","first":"0","enable_toc":"0","toc_type":"normal"}]},"footnotes":""},"categories":[58],"tags":[44,1327,19116,45,845],"class_list":["post-62826","post","type-post","status-publish","format-standard","has-post-thumbnail","hentry","category-argentina","tag-argentina","tag-jorge-macri","tag-mirador-panoramico","tag-noticias","tag-obelisco"],"amp_enabled":true,"_links":{"self":[{"href":"https:\/\/esreviral.com\/index.php?rest_route=\/wp\/v2\/posts\/62826"}],"collection":[{"href":"https:\/\/esreviral.com\/index.php?rest_route=\/wp\/v2\/posts"}],"about":[{"href":"https:\/\/esreviral.com\/index.php?rest_route=\/wp\/v2\/types\/post"}],"author":[{"embeddable":true,"href":"https:\/\/esreviral.com\/index.php?rest_route=\/wp\/v2\/users\/3"}],"replies":[{"embeddable":true,"href":"https:\/\/esreviral.com\/index.php?rest_route=%2Fwp%2Fv2%2Fcomments&post=62826"}],"version-history":[{"count":0,"href":"https:\/\/esreviral.com\/index.php?rest_route=\/wp\/v2\/posts\/62826\/revisions"}],"wp:featuredmedia":[{"embeddable":true,"href":"https:\/\/esreviral.com\/index.php?rest_route=\/wp\/v2\/media\/62827"}],"wp:attachment":[{"href":"https:\/\/esreviral.com\/index.php?rest_route=%2Fwp%2Fv2%2Fmedia&parent=62826"}],"wp:term":[{"taxonomy":"category","embeddable":true,"href":"https:\/\/esreviral.com\/index.php?rest_route=%2Fwp%2Fv2%2Fcategories&post=62826"},{"taxonomy":"post_tag","embeddable":true,"href":"https:\/\/esreviral.com\/index.php?rest_route=%2Fwp%2Fv2%2Ftags&post=62826"}],"curies":[{"name":"wp","href":"https:\/\/api.w.org\/{rel}","templated":true}]}}