{"id":62814,"date":"2024-10-21T06:54:25","date_gmt":"2024-10-21T11:54:25","guid":{"rendered":"https:\/\/esreviral.com\/?p=62814"},"modified":"2024-10-21T06:54:26","modified_gmt":"2024-10-21T11:54:26","slug":"el-motivo-por-el-que-shakira-cancelo-sus-shows-programados-en-norteamerica-a-dos-semanas-del-comienzo-del-tour","status":"publish","type":"post","link":"https:\/\/esreviral.com\/?p=62814","title":{"rendered":"El motivo por el que Shakira cancel\u00f3 sus shows programados en Norteam\u00e9rica a dos semanas del comienzo del tour"},"content":{"rendered":"\n<p>\u201c<strong><em>A mis queridos fans: quiero darles las gracias por el incre\u00edble apoyo que me han brindado desde el anuncio de mi gira. Gracias a ustedes, esta ya se est\u00e1 convirtiendo en la m\u00e1s importante de mi carrera. Tal como lo comunic\u00f3 Live Nation, la producci\u00f3n ha crecido enormemente, al igual que la demanda de entradas y nuevos shows, superando todas las expectativas. Debido a esto, la gira en Norteam\u00e9rica se ha trasladado a estadios y se a\u00f1adir\u00e1n m\u00e1s fechas para poder llegar a m\u00e1s de ustedes. Por ello, las presentaciones se han reprogramado para mayo de 2025. Este lunes se anunciar\u00e1n las nuevas fechas<\/em><\/strong>\u00ab, escribi\u00f3 Shakira en sus redes sociales.<\/p>\n\n\n\n<p>\u201cGracias de coraz\u00f3n por su apoyo en este momento tan especial de mi carrera. S\u00e9 que muchos de ustedes han hecho grandes esfuerzos para asistir a los conciertos, y su comprensi\u00f3n y cari\u00f1o significan much\u00edsimo para m\u00ed. Me ayudan a seguir rompiendo barreras. Los espero con ansias para celebrar juntos. Les prometo el show m\u00e1s especial de mi vida, \u00a1el que se merecen!\u201d, a\u00f1adi\u00f3 la cantante colombiana.<\/p>\n\n\n\n<p class=\"has-text-align-center\"><em><strong><em><strong><em><strong><a href=\"https:\/\/t.me\/esreviral\">\u00daNETE A NUESTRO CANAL DE TELEGRAM PARA ESTAR INFORMADO<\/a><\/strong><\/em><\/strong><\/em><\/strong><\/em><\/p>\n\n\n\n<figure class=\"wp-block-image size-large\"><img decoding=\"async\" src=\"https:\/\/resizer.glanacion.com\/resizer\/v2\/el-comunicado-de-shakira-sobre-la-reprogramacion-3PBMBUNCFBCZJMI4RUIKKNIPHQ.jpg?auth=c2e6e9495cce96de85346cd4288f90faecfb6926e6f7fb5dc96aef44449b8cf8&amp;width=780&amp;height=1170&amp;quality=70&amp;smart=true\" alt=\"\"\/><\/figure>\n\n\n\n<p>Esta noticia sorprende, ya que llega apenas 12 d\u00edas antes del inicio de la gira por Estados Unidos y Canad\u00e1, que deb\u00eda comenzar el 2 de noviembre en Palm Desert, California. Mucho antes de su tramo en Latinoam\u00e9rica, Shakira hab\u00eda presentado en abril el itinerario de su \u00ab<strong><em>Las mujeres ya no lloran World Tour\u00bb<\/em><\/strong>, que inclu\u00eda 14 actuaciones programadas hasta el 15 de diciembre en Detroit, Michigan. Las entradas para estos shows se pusieron a la venta dos d\u00edas despu\u00e9s del anuncio, y las ciudades incluidas en este tramo norteamericano eran Phoenix, Los \u00c1ngeles, San Antonio, Dallas, Miami, Washington, Boston, Brooklyn, Chicago, Detroit, Toronto y Montreal. No obstante, la gira en esta regi\u00f3n ha sido pospuesta hasta el pr\u00f3ximo a\u00f1o.<\/p>\n\n\n\n<p>Mientras tanto, Shakira sigue<strong> agregando fechas en Latinoam\u00e9rica. La diferencia es que sus conciertos en pa\u00edses como M\u00e9xico, Brasil, Colombia, Chile y Argentina han sido planeados desde el inicio para llevarse a cabo en grandes estadios al aire libre.<\/strong><\/p>\n\n\n\n<p>\u201cLatinoam\u00e9rica, los extra\u00f1o&#8230; \u00bfMe acompa\u00f1an otra vez?\u201d, coment\u00f3 meses atr\u00e1s, alimentando la ilusi\u00f3n de sus fans. La \u00faltima vez que Shakira se present\u00f3 en <strong>Argentina fue en 2018, en el Estadio de V\u00e9lez.<\/strong> Actualmente, su gira en el pa\u00eds tiene dos fechas programadas: el 7 de marzo de 2025 en el Campo Argentino de Polo y, debido a que se agotaron todas las localidades en menos de tres horas, se sum\u00f3 un segundo show para el 8 de marzo. \u201c\u00a1Mi gente, nos vemos pronto!\u201d, expres\u00f3 emocionada en redes sociales.<\/p>\n\n\n\n<p>El tramo latinoamericano de la gira comenzar\u00e1 en Brasil el 1 de febrero en R\u00edo de Janeiro, seguido de un show el 13 en S\u00e3o Paulo. Luego, Shakira actuar\u00e1 el 16 en Lima, Per\u00fa, antes de regresar a su Colombia natal para presentarse el 21 en Barranquilla, el 23 en Medell\u00edn y el 26 en Bogot\u00e1. Marzo lo iniciar\u00e1 en Santiago de Chile el 2, antes de viajar a Argentina para sus dos <strong>esperados conciertos en el Campo de Polo.<\/strong><\/p>\n\n\n<div class=\"wp-block-image\">\n<figure class=\"aligncenter size-large\"><img decoding=\"async\" src=\"https:\/\/www.lavanguardia.com\/files\/content_image_desktop_filter\/uploads\/2024\/10\/02\/66fdbfb71a898.jpeg\" alt=\"\"\/><\/figure><\/div>\n\n\n<p>M\u00e1s adelante, ofrecer\u00e1 m\u00faltiples funciones en M\u00e9xico, donde actuar\u00e1 en Monterrey, Guadalajara y Ciudad de M\u00e9xico, con un total de nueve grandes conciertos programados en el pa\u00eds.<\/p>\n\n\n\n<p>El recital promete ser una experiencia inolvidable, con una producci\u00f3n de alta tecnolog\u00eda que ofrecer\u00e1 un espect\u00e1culo visual y musical impresionante, seg\u00fan el comunicado de prensa oficial.<\/p>\n\n\n\n<p>Adem\u00e1s, Shakira acaba de estrenar el videoclip de su tema \u201cSoltera\u201d, grabado en Miami y con la participaci\u00f3n de Winnie Harlow, Anitta, Danna Paola y Lele Pons. El lanzamiento llega tras sus tres nominaciones a los Latin Grammy: \u00c1lbum del A\u00f1o por <em>Las mujeres ya no lloran<\/em>, Canci\u00f3n del A\u00f1o por \u00abEntre par\u00e9ntesis\u00bb y Mejor Interpretaci\u00f3n de M\u00fasica Electr\u00f3nica Latina por <em>Bzrp Music Sessions, Vol. 53 (Ti\u00ebsto Remix)<\/em>.<\/p>\n\n\n\n<p class=\"has-text-align-center\"><strong><a href=\"https:\/\/chat.whatsapp.com\/KWkTmakY3I05kNdd2oZl6d\"><em>\u00daNETE A NUESTRO GRUPO DE WHATSAPP PARA ESTAR INFORMADO<\/em><\/a><\/strong><\/p>\n","protected":false},"excerpt":{"rendered":"<p>El tour, que iba a empezar en dos semanas, se traslada a mayo de 2025 para mudar las fechas a estadios m\u00e1s grandes<\/p>\n","protected":false},"author":3,"featured_media":62815,"comment_status":"closed","ping_status":"closed","sticky":false,"template":"","format":"standard","meta":{"jnews-multi-image_gallery":[],"jnews_single_post":{"subtitle":"","format":"standard","video":"","gallery":"","source_name":"","source_url":"","via_name":"","via_url":"","override_template":"0","override":[{"template":"4","single_blog_custom":"","parallax":"1","fullscreen":"1","layout":"right-sidebar","sidebar":"new-widget-area","second_sidebar":"default-sidebar","sticky_sidebar":"1","share_position":"top","share_float_style":"share-monocrhome","show_share_counter":"1","show_view_counter":"1","show_featured":"1","show_post_meta":"1","show_post_author":"1","show_post_author_image":"1","show_post_date":"1","post_date_format":"default","post_date_format_custom":"Y\/m\/d","show_post_category":"1","show_post_reading_time":"1","post_reading_time_wpm":"300","show_zoom_button":"1","zoom_button_out_step":"2","zoom_button_in_step":"3","show_post_tag":"1","show_prev_next_post":"1","show_popup_post":"1","number_popup_post":"1","show_author_box":"1","show_post_related":"1","show_inline_post_related":"0"}],"override_image_size":"0","image_override":[{"single_post_thumbnail_size":"crop-500","single_post_gallery_size":"crop-500"}],"trending_post":"0","trending_post_position":"meta","trending_post_label":"Trending","sponsored_post":"0","sponsored_post_label":"Sponsored by","sponsored_post_name":"","sponsored_post_url":"","sponsored_post_logo_enable":"0","sponsored_post_logo":"","sponsored_post_desc":"","disable_ad":"0"},"jnews_primary_category":{"id":"","hide":""},"jnews_social_meta":{"fb_title":"","fb_description":"","fb_image":"","twitter_title":"","twitter_description":"","twitter_image":""},"jnews_review":[],"enable_review":"0","type":"percentage","name":"","summary":"","brand":"","sku":"","good":[{"good_text":""}],"bad":[{"bad_text":""}],"score_override":"","override_value":"","rating":[{"rating_text":"","rating_number":"10"}],"price":[{"shop":"","price":"","link":"","icon":""}],"jnews_override_counter":{"override_view_counter":"0","view_counter_number":"0","override_share_counter":"0","share_counter_number":"0","override_like_counter":"0","like_counter_number":"0","override_dislike_counter":"0","dislike_counter_number":"0"},"jnews_post_split":{"enable_post_split":"0","post_split":[{"template":"1","tag":"h2","numbering":"asc","mode":"normal","first":"0","enable_toc":"0","toc_type":"normal"}]},"footnotes":""},"categories":[50],"tags":[233,8691,136,18782,19112,1714,537,4146],"class_list":["post-62814","post","type-post","status-publish","format-standard","has-post-thumbnail","hentry","category-entretenimiento","tag-cantante","tag-cantante-colombiana","tag-estados-unidos","tag-las-mujeres-ya-no-lloran-world-tour","tag-nuevos-shows","tag-redes-sociales","tag-shakira","tag-shows"],"amp_enabled":true,"_links":{"self":[{"href":"https:\/\/esreviral.com\/index.php?rest_route=\/wp\/v2\/posts\/62814"}],"collection":[{"href":"https:\/\/esreviral.com\/index.php?rest_route=\/wp\/v2\/posts"}],"about":[{"href":"https:\/\/esreviral.com\/index.php?rest_route=\/wp\/v2\/types\/post"}],"author":[{"embeddable":true,"href":"https:\/\/esreviral.com\/index.php?rest_route=\/wp\/v2\/users\/3"}],"replies":[{"embeddable":true,"href":"https:\/\/esreviral.com\/index.php?rest_route=%2Fwp%2Fv2%2Fcomments&post=62814"}],"version-history":[{"count":0,"href":"https:\/\/esreviral.com\/index.php?rest_route=\/wp\/v2\/posts\/62814\/revisions"}],"wp:featuredmedia":[{"embeddable":true,"href":"https:\/\/esreviral.com\/index.php?rest_route=\/wp\/v2\/media\/62815"}],"wp:attachment":[{"href":"https:\/\/esreviral.com\/index.php?rest_route=%2Fwp%2Fv2%2Fmedia&parent=62814"}],"wp:term":[{"taxonomy":"category","embeddable":true,"href":"https:\/\/esreviral.com\/index.php?rest_route=%2Fwp%2Fv2%2Fcategories&post=62814"},{"taxonomy":"post_tag","embeddable":true,"href":"https:\/\/esreviral.com\/index.php?rest_route=%2Fwp%2Fv2%2Ftags&post=62814"}],"curies":[{"name":"wp","href":"https:\/\/api.w.org\/{rel}","templated":true}]}}