{"id":6274,"date":"2021-05-05T10:02:06","date_gmt":"2021-05-05T13:02:06","guid":{"rendered":"http:\/\/esreviral.com\/?p=6274"},"modified":"2021-05-05T10:02:06","modified_gmt":"2021-05-05T13:02:06","slug":"el-beato-jose-gregorio-hernandez-aparecio-en-el-cristal-de-la-virgen-de-coromoto","status":"publish","type":"post","link":"https:\/\/esreviral.com\/?p=6274","title":{"rendered":"El beato Jos\u00e9 Gregorio Hern\u00e1ndez apareci\u00f3 en el cristal de la virgen de Coromoto"},"content":{"rendered":"\n<p><strong><em>CIS &#8211; Fotos: Enmanuel Sereno.- <\/em><\/strong>Sorprendidos y at\u00f3nitos quedaron los habitantes de Guanare en el estado Portuguesa, luego que este martes por la tarde se conoci\u00f3 de la aparici\u00f3n de la imagen del beato Jos\u00e9 Gregorio Hern\u00e1ndez, cuyo rostro se vio reflejado en el cristal que cubre a la Virgen de Coromoto. <\/p>\n\n\n\n<p>El rostro del beato se ve justo encima de la corona de la virgen, a tan s\u00f3lo d\u00edas de su beatificaci\u00f3n y casualmente, junto a la Coromoto est\u00e1 la reliquia que fue llevada al acto de Caracas de la beatificaci\u00f3n. <\/p>\n\n\n\n<p>Los creyentes se sintieron satisfechos con la aparici\u00f3n y creen que se trata de una muestra de agradecimiento por parte del Siervo de Dios. <\/p>\n\n\n\n<figure class=\"wp-block-embed-twitter wp-block-embed is-type-rich is-provider-twitter\"><div class=\"wp-block-embed__wrapper\">\n<blockquote class=\"twitter-tweet\" data-width=\"500\" data-dnt=\"true\"><p lang=\"es\" dir=\"ltr\"><a href=\"https:\/\/twitter.com\/hashtag\/4May?src=hash&amp;ref_src=twsrc%5Etfw\">#4May<\/a> <a href=\"https:\/\/twitter.com\/hashtag\/Venezuela?src=hash&amp;ref_src=twsrc%5Etfw\">#Venezuela<\/a> \u00a1Aparici\u00f3n de Jos\u00e9 Gregorio Hern\u00e1ndez! El rostro del <a href=\"https:\/\/twitter.com\/hashtag\/Beato?src=hash&amp;ref_src=twsrc%5Etfw\">#Beato<\/a> Dr. Jos\u00e9 Gregorio Hern\u00e1ndez apareci\u00f3 reflejado en el techo donde est\u00e1 la imagen de la Virgen de Coromoto en la Catedral de <a href=\"https:\/\/twitter.com\/hashtag\/Guanare?src=hash&amp;ref_src=twsrc%5Etfw\">#Guanare<\/a>, estado Portuguesa. El periodista <a href=\"https:\/\/twitter.com\/Enmanuelserenop?ref_src=twsrc%5Etfw\">@Enmanuelserenop<\/a> capt\u00f3 este momento. <a href=\"https:\/\/t.co\/B8lhg3R8FT\">pic.twitter.com\/B8lhg3R8FT<\/a><\/p>&mdash; Te Lo Cuento News Venezuela (@TeLoCuentoNewsV) <a href=\"https:\/\/twitter.com\/TeLoCuentoNewsV\/status\/1389732127948910592?ref_src=twsrc%5Etfw\">May 5, 2021<\/a><\/blockquote><script async src=\"https:\/\/platform.twitter.com\/widgets.js\" charset=\"utf-8\"><\/script>\n<\/div><\/figure>\n\n\n\n<figure class=\"wp-block-image size-large\"><img decoding=\"async\" src=\"http:\/\/esreviral.com\/wp-content\/uploads\/2021\/05\/WhatsApp-Image-2021-05-04-at-20.34.05-1-460x1024.jpeg\" alt=\"\" class=\"wp-image-6275\"\/><\/figure>\n\n\n\n<figure class=\"wp-block-embed-twitter wp-block-embed is-type-rich is-provider-twitter\"><div class=\"wp-block-embed__wrapper\">\n<blockquote class=\"twitter-tweet\" data-width=\"500\" data-dnt=\"true\"><p lang=\"es\" dir=\"ltr\"><a href=\"https:\/\/twitter.com\/hashtag\/5may?src=hash&amp;ref_src=twsrc%5Etfw\">#5may<\/a> <a href=\"https:\/\/twitter.com\/hashtag\/5may?src=hash&amp;ref_src=twsrc%5Etfw\">#5may<\/a> El padre Joel Brice\u00f1o, p\u00e1rroco de la bas\u00edlica menor de Guanare, certifica la aparici\u00f3n del rostro del beato Jos\u00e9 Gregorio Hern\u00e1ndez en el cristal de la virgen de Coromoto. V\u00eda <a href=\"https:\/\/twitter.com\/prensakike?ref_src=twsrc%5Etfw\">@prensakike<\/a> <a href=\"https:\/\/t.co\/pWMFLZze38\">pic.twitter.com\/pWMFLZze38<\/a><\/p>&mdash; ES RE VIRAL (@esreviral) <a href=\"https:\/\/twitter.com\/esreviral\/status\/1389955056745820165?ref_src=twsrc%5Etfw\">May 5, 2021<\/a><\/blockquote><script async src=\"https:\/\/platform.twitter.com\/widgets.js\" charset=\"utf-8\"><\/script>\n<\/div><\/figure>\n","protected":false},"excerpt":{"rendered":"<p>CIS &#8211; Fotos: Enmanuel Sereno.- Sorprendidos y at\u00f3nitos quedaron los habitantes de Guanare en el estado Portuguesa, luego que este martes por la tarde se conoci\u00f3 de la aparici\u00f3n de la imagen del beato Jos\u00e9 Gregorio Hern\u00e1ndez, cuyo rostro se vio reflejado en el cristal que cubre a la Virgen de Coromoto. El rostro del [&hellip;]<\/p>\n","protected":false},"author":2,"featured_media":6276,"comment_status":"open","ping_status":"open","sticky":false,"template":"","format":"standard","meta":{"jnews-multi-image_gallery":[],"jnews_single_post":[],"jnews_primary_category":[],"jnews_social_meta":[],"jnews_review":[],"enable_review":"","type":"","name":"","summary":"","brand":"","sku":"","good":[],"bad":[],"score_override":"","override_value":"","rating":[],"price":[],"jnews_override_counter":[],"jnews_post_split":[],"footnotes":""},"categories":[66],"tags":[120,771,713,748,772],"class_list":["post-6274","post","type-post","status-publish","format-standard","has-post-thumbnail","hentry","category-venezuela","tag-beato","tag-beato-jose-gregorio-hernandez","tag-guanare","tag-jose-gregorio-hernandez-2","tag-virgen-de-coromoto"],"amp_enabled":true,"_links":{"self":[{"href":"https:\/\/esreviral.com\/index.php?rest_route=\/wp\/v2\/posts\/6274"}],"collection":[{"href":"https:\/\/esreviral.com\/index.php?rest_route=\/wp\/v2\/posts"}],"about":[{"href":"https:\/\/esreviral.com\/index.php?rest_route=\/wp\/v2\/types\/post"}],"author":[{"embeddable":true,"href":"https:\/\/esreviral.com\/index.php?rest_route=\/wp\/v2\/users\/2"}],"replies":[{"embeddable":true,"href":"https:\/\/esreviral.com\/index.php?rest_route=%2Fwp%2Fv2%2Fcomments&post=6274"}],"version-history":[{"count":0,"href":"https:\/\/esreviral.com\/index.php?rest_route=\/wp\/v2\/posts\/6274\/revisions"}],"wp:featuredmedia":[{"embeddable":true,"href":"https:\/\/esreviral.com\/index.php?rest_route=\/"}],"wp:attachment":[{"href":"https:\/\/esreviral.com\/index.php?rest_route=%2Fwp%2Fv2%2Fmedia&parent=6274"}],"wp:term":[{"taxonomy":"category","embeddable":true,"href":"https:\/\/esreviral.com\/index.php?rest_route=%2Fwp%2Fv2%2Fcategories&post=6274"},{"taxonomy":"post_tag","embeddable":true,"href":"https:\/\/esreviral.com\/index.php?rest_route=%2Fwp%2Fv2%2Ftags&post=6274"}],"curies":[{"name":"wp","href":"https:\/\/api.w.org\/{rel}","templated":true}]}}