{"id":6268,"date":"2021-05-04T19:24:25","date_gmt":"2021-05-04T22:24:25","guid":{"rendered":"http:\/\/esreviral.com\/?p=6268"},"modified":"2021-05-04T19:24:25","modified_gmt":"2021-05-04T22:24:25","slug":"estos-son-los-nuevos-rectores-el-cne-escogidos-por-la-an-madurista","status":"publish","type":"post","link":"https:\/\/esreviral.com\/?p=6268","title":{"rendered":"Estos son los nuevos rectores el CNE escogidos por la AN madurista"},"content":{"rendered":"\n<p>La cuestionada Asamblea Nacional del madurismo en Venezuela escogi\u00f3 a los nuevos rectores del Consejo Nacional Electoral (CNE), quienes r\u00e1pidamente han sido rechazados por la oposici\u00f3n. <\/p>\n\n\n\n<p>La mayor\u00eda de estos personajes han sido ligados al chavismo y otros a los llamados \u00abtraidores\u00bb de la oposici\u00f3n. <\/p>\n\n\n\n<p><strong><span style=\"background-color:#9a1b22\" class=\"td_text_highlight_marker\">\u00bfQui\u00e9nes integran la nueva junta directiva?<\/span><\/strong><\/p>\n\n\n\n<ul class=\"wp-block-list\"><li><strong>Pedro Calzadilla<\/strong>: exministro de Cultura (2011-2014) y de Educaci\u00f3n Universitaria (2011-2014). Es historiador e investigador, y actualmente se desempe\u00f1a como presidente del Centro de Estudios Sim\u00f3n Bol\u00edvar. Tambi\u00e9n fue coordinador de la Red de Intelectuales en Defensa de la Humanidad y uno de los fundadores del Centro Nacional de Historia (CNH), en 2007.<\/li><li><strong>Enrique M\u00e1rquez<\/strong>: ingeniero electricista y diputado de la oposici\u00f3n, entre los periodos de 2000 y 2006, y 2011 y 2021. Fue designado por la AN\u00a0anterior como primer vicepresidente del Parlamento entre 2016-2017.<\/li><li><strong>Tania D&#8217;Amelio<\/strong>: rectora del CNE desde 2009. Fue diputada entre 2001 y 2009, por el entonces partido\u00a0de Gobierno\u00a0Movimiento V Rep\u00fablica.<\/li><li><strong>Roberto Pic\u00f3n<\/strong>: empresario y asesor pol\u00edtico de la oposici\u00f3n. Fue detenido en junio de 2017 por su presunta participaci\u00f3n\u00a0en planes conspirativos para impedir\u00a0la elecci\u00f3n de la Asamblea Nacional Constituyente (ANC), en medio de protestas que dejaron al\u00a0menos 100 fallecidos. En diciembre de ese a\u00f1o fue liberado por recomendaci\u00f3n de la Comisi\u00f3n de la Verdad, en el contexto del proceso de di\u00e1logo entre el Gobierno y la oposici\u00f3n.<\/li><li><strong>Alexis Corredor<\/strong>: Form\u00f3 parte de la Asamblea Nacional Constituyente, que culmin\u00f3 funciones tras la elecci\u00f3n de la nueva AN.<\/li><\/ul>\n\n\n\n<figure class=\"wp-block-embed-twitter wp-block-embed is-type-rich is-provider-twitter\"><div class=\"wp-block-embed__wrapper\">\nhttps:\/\/twitter.com\/VTVcanal8\/status\/1389702142420819974\n<\/div><\/figure>\n\n\n\n<p><strong><span style=\"background-color:#9a1b22\" class=\"td_text_highlight_marker\">Reacciones<\/span><\/strong><\/p>\n\n\n\n<p>Desde la oposici\u00f3n sacaron un r\u00e1pido comunicado en el que expresan lo siguiente: <\/p>\n\n\n\n<p>Los partidos pol\u00edticos de la plataforma unitaria venezolana, reiteramos que, ante la grav\u00edsima tragedia humanitaria y el sufrimiento del pueblo venezolano, la verdadera soluci\u00f3n de fondo, consiste en construir un Acuerdo Pol\u00edtico, Social y Humanitario que sea producto de una negociaci\u00f3n integral con facilitaci\u00f3n y mediaci\u00f3n internacional.<\/p>\n\n\n\n<p>No debe imponerse unilateralmente al \u00e1rbitro electoral. El CNE, as\u00ed como el resto de las condiciones electorales, deben acordarse para que todos podamos tener elecciones libres, justas y competitivas.<\/p>\n\n\n\n<p>Reiteramos nuestra total disposici\u00f3n para, con el apoyo de la comunidad internacional, avanzar en un gran Acuerdo integral que le brinde las salidas que requiere nuestro pueblo, se retorne a la democracia y se tengan las garant\u00edas necesarias para hacerlo sostenible en el tiempo.<\/p>\n\n\n\n<p>Ninguna negociaci\u00f3n parcial, que no aborde los problemas de fondo, y sea hecha de espaldas y sin la participaci\u00f3n de la gran mayor\u00eda de los factores leg\u00edtimos democr\u00e1ticos, ser\u00e1 capaz de producir el necesario acuerdo para lograr una soluci\u00f3n para el pa\u00eds. Por el contrario, negociaciones parciales responden a la estrategia de Maduro de tratar de producir fracturas en las filas democr\u00e1ticas y en la comunidad internacional.<\/p>\n\n\n\n<p>Por ello, instamos al pueblo de Venezuela, a todos los factores pol\u00edticos y sociales del pa\u00eds y a la toda la comunidad internacional a apoyar abierta y activamente la construcci\u00f3n de un acuerdo nacional con respaldo internacional que permita lograr todas las condiciones electorales, el cronograma de elecciones, la ayuda humanitaria, la libertad de todos los presos pol\u00edtocos y el resto de hechos relevantes que son necesarios para que Venezuela tenga, a futuro, un sistema democr\u00e1tico, garantista, de libertades, con plena vigencia de los Derechos Humanos y el restablecimiento del Estado de Derecho.<\/p>\n","protected":false},"excerpt":{"rendered":"<p>La cuestionada Asamblea Nacional del madurismo en Venezuela escogi\u00f3 a los nuevos rectores del Consejo Nacional Electoral (CNE), quienes r\u00e1pidamente han sido rechazados por la oposici\u00f3n. La mayor\u00eda de estos personajes han sido ligados al chavismo y otros a los llamados \u00abtraidores\u00bb de la oposici\u00f3n. \u00bfQui\u00e9nes integran la nueva junta directiva? Pedro Calzadilla: exministro de [&hellip;]<\/p>\n","protected":false},"author":2,"featured_media":6269,"comment_status":"open","ping_status":"open","sticky":false,"template":"","format":"standard","meta":{"jnews-multi-image_gallery":[],"jnews_single_post":[],"jnews_primary_category":[],"jnews_social_meta":[],"jnews_review":[],"enable_review":"","type":"","name":"","summary":"","brand":"","sku":"","good":[],"bad":[],"score_override":"","override_value":"","rating":[],"price":[],"jnews_override_counter":[],"jnews_post_split":[],"footnotes":""},"categories":[59,66],"tags":[770,56],"class_list":["post-6268","post","type-post","status-publish","format-standard","has-post-thumbnail","hentry","category-politica","category-venezuela","tag-cne","tag-venezuela"],"amp_enabled":true,"_links":{"self":[{"href":"https:\/\/esreviral.com\/index.php?rest_route=\/wp\/v2\/posts\/6268"}],"collection":[{"href":"https:\/\/esreviral.com\/index.php?rest_route=\/wp\/v2\/posts"}],"about":[{"href":"https:\/\/esreviral.com\/index.php?rest_route=\/wp\/v2\/types\/post"}],"author":[{"embeddable":true,"href":"https:\/\/esreviral.com\/index.php?rest_route=\/wp\/v2\/users\/2"}],"replies":[{"embeddable":true,"href":"https:\/\/esreviral.com\/index.php?rest_route=%2Fwp%2Fv2%2Fcomments&post=6268"}],"version-history":[{"count":0,"href":"https:\/\/esreviral.com\/index.php?rest_route=\/wp\/v2\/posts\/6268\/revisions"}],"wp:featuredmedia":[{"embeddable":true,"href":"https:\/\/esreviral.com\/index.php?rest_route=\/"}],"wp:attachment":[{"href":"https:\/\/esreviral.com\/index.php?rest_route=%2Fwp%2Fv2%2Fmedia&parent=6268"}],"wp:term":[{"taxonomy":"category","embeddable":true,"href":"https:\/\/esreviral.com\/index.php?rest_route=%2Fwp%2Fv2%2Fcategories&post=6268"},{"taxonomy":"post_tag","embeddable":true,"href":"https:\/\/esreviral.com\/index.php?rest_route=%2Fwp%2Fv2%2Ftags&post=6268"}],"curies":[{"name":"wp","href":"https:\/\/api.w.org\/{rel}","templated":true}]}}