{"id":62645,"date":"2024-10-17T06:55:05","date_gmt":"2024-10-17T11:55:05","guid":{"rendered":"https:\/\/esreviral.com\/?p=62645"},"modified":"2024-10-17T06:55:06","modified_gmt":"2024-10-17T11:55:06","slug":"el-video-del-momento-en-que-tres-encapuchados-intentaron-secuestrar-a-un-hombre-en-plena-calle","status":"publish","type":"post","link":"https:\/\/esreviral.com\/?p=62645","title":{"rendered":"El video del momento en que tres encapuchados intentaron secuestrar a un hombre en plena calle"},"content":{"rendered":"\n<p><strong>Un vecino de Neuqu\u00e9n<\/strong> logr\u00f3 capturar con su celular el momento en que <strong>un grupo de personas atacaba a golpes e intentaba secuestrar a un hombre en plena luz del d\u00eda, en medio de la calle y a la vista de todos.<\/strong><\/p>\n\n\n\n<p>El violento episodio tuvo lugar la ma\u00f1ana de este mi\u00e9rcoles en la intersecci\u00f3n de las calles F\u00e9lix San Mart\u00edn y Carmen de Patagones, a pocos metros de un conocido supermercado mayorista. Tras la viralizaci\u00f3n de las im\u00e1genes, la Justicia intervino de oficio y abri\u00f3 una investigaci\u00f3n.<\/p>\n\n\n\n<p class=\"has-text-align-center\"><em><strong><em><strong><em><strong><a href=\"https:\/\/t.me\/esreviral\">\u00daNETE A NUESTRO CANAL DE TELEGRAM PARA ESTAR INFORMADO<\/a><\/strong><\/em><\/strong><\/em><\/strong><\/em><\/p>\n\n\n\n<blockquote class=\"twitter-tweet\"><p lang=\"es\" dir=\"ltr\">\u26a0\ufe0f As\u00ed intentaron secuestrar un hombre en Neuqu\u00e9n<br><br>\ud83d\udc49 Cuando lleg\u00f3 la Polic\u00eda ya no hab\u00eda nadie.<br><br>Los sospechosos son tres personas encapuchadas. <a href=\"https:\/\/t.co\/aN9w8NeXan\">pic.twitter.com\/aN9w8NeXan<\/a><\/p>&mdash; ES RE VIRAL (@esreviral) <a href=\"https:\/\/twitter.com\/esreviral\/status\/1846878076195446794?ref_src=twsrc%5Etfw\">October 17, 2024<\/a><\/blockquote> <script async src=\"https:\/\/platform.twitter.com\/widgets.js\" charset=\"utf-8\"><\/script>\n\n\n\n<p><strong><mark style=\"background-color:rgba(0, 0, 0, 0)\" class=\"has-inline-color has-vivid-red-color\">El video, clave en la investigaci\u00f3n<\/mark><\/strong><\/p>\n\n\n\n<p>En la grabaci\u00f3n se puede ver a tres atacantes. Uno lleva capucha, otro gorra y el tercero tiene el rostro cubierto. Al llegar a la esquina mencionada, se abalanzan sobre la v\u00edctima, quien,<strong> entre gritos desesperados, pide ayuda, aunque nadie interviene.<\/strong><\/p>\n\n\n\n<p>Los agresores intentan reducirlo con golpes de pu\u00f1o, patadas y palazos, intentando forzarlo a subir a una camioneta roja. Sin embargo, tras un forcejeo, desisten de su intento y huyen del lugar.<\/p>\n\n\n\n<p><strong><mark style=\"background-color:rgba(0, 0, 0, 0)\" class=\"has-inline-color has-vivid-red-color\">Un detalle clave<\/mark><\/strong><\/p>\n\n\n\n<p>Los investigadores sospechan que el ataque podr\u00eda estar vinculado <strong>a una disputa territorial entre limpiavidrios<\/strong>. Esta teor\u00eda surge del video, donde se observa que uno de los atacantes utiliza un limpia cristales como arma para golpear a la v\u00edctima. \u00abH<strong><em>emos tenido antecedentes de situaciones similares donde se hace justicia por mano propia<\/em><\/strong>\u00ab, coment\u00f3 el comisario Claudio Guevara en una entrevista con Noticias 7.<\/p>\n\n\n\n<p>Guevara tambi\u00e9n inform\u00f3 que revisaron las c\u00e1maras de seguridad de la zona, pero no hay dispositivos en el \u00e1rea exacta donde ocurri\u00f3 el ataque, lo que complica la reconstrucci\u00f3n de la ruta de escape de los agresores y la identificaci\u00f3n de la v\u00edctima.<\/p>\n\n\n\n<p class=\"has-text-align-center\"><strong><a href=\"https:\/\/chat.whatsapp.com\/KWkTmakY3I05kNdd2oZl6d\"><em>\u00daNETE A NUESTRO GRUPO DE WHATSAPP PARA ESTAR INFORMADO<\/em><\/a><\/strong><\/p>\n","protected":false},"excerpt":{"rendered":"<p>En el video se ve cuando un grupo de personas golpea a la v\u00edctima, la tiran al piso e intentan subirla despu\u00e9s a una camioneta roja. Cu\u00e1l es la hip\u00f3tesis que se investiga.<\/p>\n","protected":false},"author":3,"featured_media":62646,"comment_status":"closed","ping_status":"closed","sticky":false,"template":"","format":"standard","meta":{"jnews-multi-image_gallery":[],"jnews_single_post":{"subtitle":"","format":"standard","video":"","gallery":"","source_name":"","source_url":"","via_name":"","via_url":"","override_template":"0","override":[{"template":"4","single_blog_custom":"","parallax":"1","fullscreen":"1","layout":"right-sidebar","sidebar":"new-widget-area","second_sidebar":"default-sidebar","sticky_sidebar":"1","share_position":"top","share_float_style":"share-monocrhome","show_share_counter":"1","show_view_counter":"1","show_featured":"1","show_post_meta":"1","show_post_author":"1","show_post_author_image":"1","show_post_date":"1","post_date_format":"default","post_date_format_custom":"Y\/m\/d","show_post_category":"1","show_post_reading_time":"1","post_reading_time_wpm":"300","show_zoom_button":"1","zoom_button_out_step":"2","zoom_button_in_step":"3","show_post_tag":"1","show_prev_next_post":"1","show_popup_post":"1","number_popup_post":"1","show_author_box":"1","show_post_related":"1","show_inline_post_related":"0"}],"override_image_size":"0","image_override":[{"single_post_thumbnail_size":"crop-500","single_post_gallery_size":"crop-500"}],"trending_post":"0","trending_post_position":"meta","trending_post_label":"Trending","sponsored_post":"0","sponsored_post_label":"Sponsored by","sponsored_post_name":"","sponsored_post_url":"","sponsored_post_logo_enable":"0","sponsored_post_logo":"","sponsored_post_desc":"","disable_ad":"0"},"jnews_primary_category":{"id":"","hide":""},"jnews_social_meta":{"fb_title":"","fb_description":"","fb_image":"","twitter_title":"","twitter_description":"","twitter_image":""},"jnews_review":[],"enable_review":"0","type":"percentage","name":"","summary":"","brand":"","sku":"","good":[{"good_text":""}],"bad":[{"bad_text":""}],"score_override":"","override_value":"","rating":[{"rating_text":"","rating_number":"10"}],"price":[{"shop":"","price":"","link":"","icon":""}],"jnews_override_counter":{"override_view_counter":"0","view_counter_number":"0","override_share_counter":"0","share_counter_number":"0","override_like_counter":"0","like_counter_number":"0","override_dislike_counter":"0","dislike_counter_number":"0"},"jnews_post_split":{"enable_post_split":"0","post_split":[{"template":"1","tag":"h2","numbering":"asc","mode":"normal","first":"0","enable_toc":"0","toc_type":"normal"}]},"footnotes":""},"categories":[58,64],"tags":[44,8913,45,125,596,175],"class_list":["post-62645","post","type-post","status-publish","format-standard","has-post-thumbnail","hentry","category-argentina","category-sucesos","tag-argentina","tag-neuquen-2","tag-noticias","tag-policiales","tag-secuestro","tag-seguridad"],"amp_enabled":true,"_links":{"self":[{"href":"https:\/\/esreviral.com\/index.php?rest_route=\/wp\/v2\/posts\/62645"}],"collection":[{"href":"https:\/\/esreviral.com\/index.php?rest_route=\/wp\/v2\/posts"}],"about":[{"href":"https:\/\/esreviral.com\/index.php?rest_route=\/wp\/v2\/types\/post"}],"author":[{"embeddable":true,"href":"https:\/\/esreviral.com\/index.php?rest_route=\/wp\/v2\/users\/3"}],"replies":[{"embeddable":true,"href":"https:\/\/esreviral.com\/index.php?rest_route=%2Fwp%2Fv2%2Fcomments&post=62645"}],"version-history":[{"count":0,"href":"https:\/\/esreviral.com\/index.php?rest_route=\/wp\/v2\/posts\/62645\/revisions"}],"wp:featuredmedia":[{"embeddable":true,"href":"https:\/\/esreviral.com\/index.php?rest_route=\/wp\/v2\/media\/62646"}],"wp:attachment":[{"href":"https:\/\/esreviral.com\/index.php?rest_route=%2Fwp%2Fv2%2Fmedia&parent=62645"}],"wp:term":[{"taxonomy":"category","embeddable":true,"href":"https:\/\/esreviral.com\/index.php?rest_route=%2Fwp%2Fv2%2Fcategories&post=62645"},{"taxonomy":"post_tag","embeddable":true,"href":"https:\/\/esreviral.com\/index.php?rest_route=%2Fwp%2Fv2%2Ftags&post=62645"}],"curies":[{"name":"wp","href":"https:\/\/api.w.org\/{rel}","templated":true}]}}