{"id":62558,"date":"2024-10-16T08:35:17","date_gmt":"2024-10-16T13:35:17","guid":{"rendered":"https:\/\/esreviral.com\/?p=62558"},"modified":"2024-10-16T08:35:18","modified_gmt":"2024-10-16T13:35:18","slug":"cuales-fueron-los-millonarios-gastos-insolitos-en-aysa-que-denuncio-el-vocero-presidencial","status":"publish","type":"post","link":"https:\/\/esreviral.com\/?p=62558","title":{"rendered":"Cu\u00e1les fueron los millonarios gastos ins\u00f3litos en AySA que denunci\u00f3 el vocero presidencial"},"content":{"rendered":"\n<p>El Gobierno denunci\u00f3 que se detectaron \u00ab<strong>gastos innecesarios\u00bb en la empresa AySA, ascendiendo a 4.800 millones de d\u00f3lares<\/strong>. Con alusiones indirectas a <strong>Sergio Massa<\/strong>, el<strong> vocero presidencial, Manuel Adorni<\/strong>, afirm\u00f3 que la empresa estatal, una de las que el <strong>gobierno de Javier Milei busca privatizar, fue utilizada como \u00abplataforma de campa\u00f1a\u00bb<\/strong>. Tambi\u00e9n insinu\u00f3 la posibilidad de llevar a la ex presidenta de la compa\u00f1\u00eda, Malena Galmarini, esposa del ex candidato presidencial de Uni\u00f3n por la Patria, ante la Justicia.<\/p>\n\n\n\n<p>Seg\u00fan Adorni, los fondos fueron destinados a financiar eventos deportivos y sociales en municipios alineados pol\u00edticamente con la gesti\u00f3n anterior, liderada por Galmarini. \u00ab<strong><em>Se detectaron gastos innecesarios por m\u00e1s de 4.800 millones de d\u00f3lares durante la gesti\u00f3n anterior<\/em><\/strong>\u00ab, se\u00f1al\u00f3 el vocero, y a\u00f1adi\u00f3: \u00ab<strong><em>En lugar de enfocarse en brindar un servicio de calidad, la empresa se convirti\u00f3 en una plataforma de campa\u00f1a para los funcionarios de turno\u00bb<\/em><\/strong>.<\/p>\n\n\n\n<p><strong>AySA<\/strong> es una de las ocho empresas que, bajo la Ley Bases sancionada en julio, est\u00e1n sujetas a privatizaci\u00f3n, junto con Enarsa, Intercargo, Belgrano Cargas, Trenes Argentinos (Sofse), Corredores Viales, Nucleoel\u00e9ctrica Argentina (NASA) y Yacimientos Carbon\u00edferos R\u00edo Turbio. La denuncia sobre los \u00ab<strong>gastos innecesarios<\/strong>\u00bb coincide con las recientes declaraciones del Presidente, quien ratific\u00f3 su plan de privatizar Aerol\u00edneas Argentinas, pese a que no fue incluida en la ley aprobada por el Congreso.<\/p>\n\n\n\n<p class=\"has-text-align-center\"><em><strong><em><strong><em><strong><a href=\"https:\/\/t.me\/esreviral\">\u00daNETE A NUESTRO CANAL DE TELEGRAM PARA ESTAR INFORMADO<\/a><\/strong><\/em><\/strong><\/em><\/strong><\/em><\/p>\n\n\n\n<blockquote class=\"twitter-tweet\"><p lang=\"es\" dir=\"ltr\">El vocero presidencial, Manuel Adorni, denunci\u00f3 gastos excesivos por 4.800 millones de d\u00f3lares en la empresa Aysa durante la gesti\u00f3n de Malena Galmarini.<br><br>Asegur\u00f3 que se trat\u00f3 de \u201cuna plataforma de campa\u00f1a\u201d del excandidato a presidente Sergio Massa. <a href=\"https:\/\/t.co\/AFeELDkUdq\">pic.twitter.com\/AFeELDkUdq<\/a><\/p>&mdash; ES RE VIRAL (@esreviral) <a href=\"https:\/\/twitter.com\/esreviral\/status\/1846259639161151596?ref_src=twsrc%5Etfw\">October 15, 2024<\/a><\/blockquote> <script async src=\"https:\/\/platform.twitter.com\/widgets.js\" charset=\"utf-8\"><\/script>\n\n\n\n<p>Al desglosar los gastos, Adorni indic\u00f3: \u00ab<strong><em>Se asignaron 200 millones de d\u00f3lares a obras, de los cuales el 25% fue destinado a Tigre y Malvinas Argentinas. Saquen sus propias conclusiones sobre por qu\u00e9 fue as\u00ed<\/em><\/strong>\u00ab.<\/p>\n\n\n\n<p>\u00ab<strong><em>AySA tambi\u00e9n financi\u00f3 eventos deportivos y sociales en distritos pol\u00edticamente alineados con los funcionarios de la gesti\u00f3n anterior, como el Triatl\u00f3n IronMan y el Challenger de Tigre, un torneo de tenis ATP que, casualmente, se realizaba en ese distrito<\/em><\/strong>\u00ab, explic\u00f3.<\/p>\n\n\n\n<p>Adorni tambi\u00e9n mencion\u00f3 eventos como el Carnaval de San Fernando, donde, seg\u00fan \u00e9l, \u00ab<strong><em>hubo un derroche de fondos p\u00fablicos, incluyendo horas extras para el personal y el uso de camiones cisterna que fueron desviados de sus actividades principales para participar en estos coloridos carnavales<\/em><\/strong>\u00ab. A\u00f1adi\u00f3 que \u00abse gastaron 1,3 millones de d\u00f3lares entre 2022 y 2023 en patrocinios de AySA para estos eventos, en un pa\u00eds empobrecido, esto es importante remarcarlo\u00bb.<\/p>\n\n\n\n<p>Cuando se le pregunt\u00f3 si el Gobierno avanzar\u00e1 con una denuncia contra Malena Galmarini tras detectar irregularidades en la gesti\u00f3n de AySA, Adorni dej\u00f3 abierta la posibilidad: \u00ab<strong><em>Todo lo que implique presunci\u00f3n de corrupci\u00f3n o mal uso de fondos p\u00fablicos que tenga los elementos necesarios ser\u00e1 judicializado\u00bb.<\/em><\/strong><\/p>\n\n\n\n<p>Adorni tambi\u00e9n se\u00f1al\u00f3 que la empresa estatal \u00ab<strong><em>no escatim\u00f3 en la compra de inmuebles y veh\u00edculos<\/em><\/strong>\u00ab. Durante la pandemia, adquiri\u00f3 \u00ab<strong><em>un edificio en la calle Tucum\u00e1n por 31,6 millones de d\u00f3lares\u00bb<\/em><\/strong> y gast\u00f3 \u00ab9,6 millones de d\u00f3lares en reparaciones\u00bb, obra que nunca fue finalizada. Adem\u00e1s, destac\u00f3 que \u00abestaba previsto construir varios pisos adicionales en ese edificio para el uso exclusivo de la presidenta de AySA\u00bb.<\/p>\n\n\n\n<p>Sobre la compra de veh\u00edculos oficiales, mencion\u00f3: \u00abEn septiembre de 2023 se compraron 613 camionetas Renault Kangoo por 25,7 millones de d\u00f3lares, es decir, 42.000 d\u00f3lares por cada una, el triple de su valor real en la fecha de compra\u00bb.<\/p>\n\n\n\n<figure class=\"wp-block-image size-large\"><img fetchpriority=\"high\" decoding=\"async\" width=\"1024\" height=\"505\" src=\"https:\/\/esreviral.com\/wp-content\/uploads\/2024\/10\/AnyConv.com__4FatS_hBl_1256x620__1-1024x505.webp\" alt=\"\" class=\"wp-image-62561\" srcset=\"https:\/\/esreviral.com\/wp-content\/uploads\/2024\/10\/AnyConv.com__4FatS_hBl_1256x620__1-1024x505.webp 1024w, https:\/\/esreviral.com\/wp-content\/uploads\/2024\/10\/AnyConv.com__4FatS_hBl_1256x620__1-300x148.webp 300w, https:\/\/esreviral.com\/wp-content\/uploads\/2024\/10\/AnyConv.com__4FatS_hBl_1256x620__1-768x379.webp 768w, https:\/\/esreviral.com\/wp-content\/uploads\/2024\/10\/AnyConv.com__4FatS_hBl_1256x620__1-750x370.webp 750w, https:\/\/esreviral.com\/wp-content\/uploads\/2024\/10\/AnyConv.com__4FatS_hBl_1256x620__1-1140x563.webp 1140w, https:\/\/esreviral.com\/wp-content\/uploads\/2024\/10\/AnyConv.com__4FatS_hBl_1256x620__1.webp 1256w\" sizes=\"(max-width: 1024px) 100vw, 1024px\" \/><\/figure>\n\n\n\n<p><strong><mark style=\"background-color:rgba(0, 0, 0, 0)\" class=\"has-inline-color has-vivid-red-color\">\u00abEl \u00faltimo d\u00eda de gobierno ser\u00e1 con motosierra en mano\u00bb<\/mark><\/strong><\/p>\n\n\n\n<p>El vocero presidencial explic\u00f3 los planes del Gobierno para eliminar el cepo cambiario y asegur\u00f3 que \u00abel \u00faltimo d\u00eda de gobierno ser\u00e1 con motosierra en mano\u00bb, ya que es necesario \u00abir profundo en las \u00e1reas\u00bb. Citando al ministro de Desregulaci\u00f3n y Transformaci\u00f3n del Estado, Federico Sturzenegger, quien habl\u00f3 de una \u00abmotosierra profunda\u00bb, Adorni dijo que \u00abtodos los meses hay reducci\u00f3n de personal\u00bb en la administraci\u00f3n p\u00fablica.<\/p>\n\n\n\n<p>\u00abSturzenegger coment\u00f3 que deb\u00edamos empezar desmalezando lo m\u00e1s visible y luego profundizar en cada \u00e1rea. Existen capas de ineficiencias en el Estado, y el contribuyente no tiene por qu\u00e9 cargar con ello\u00bb, explic\u00f3.<\/p>\n\n\n\n<p>Adorni tambi\u00e9n anticip\u00f3: \u00abEl \u00faltimo d\u00eda de gobierno, ya sea en tres a\u00f1os y medio o en siete a\u00f1os y medio, ser\u00e1 con motosierra en mano. Parte de la campa\u00f1a consisti\u00f3 en explicar c\u00f3mo el Estado se convirti\u00f3 en un elefante que los contribuyentes financian, lo cual es insostenible en un pa\u00eds pobre. El Estado debe ser mucho m\u00e1s eficiente\u00bb. Afirm\u00f3 que \u00abhay un c\u00edrculo virtuoso en la reducci\u00f3n del tama\u00f1o del Estado\u00bb, argumentando que \u00aben los \u00faltimos 20 a\u00f1os duplicamos el Estado, pero triplicamos la pobreza. Un Estado grande no se traduce en un bienestar mayor para la gente\u00bb.<\/p>\n\n\n\n<p>Sobre el fin del cepo cambiario, Adorni aclar\u00f3 que \u00abno se dar\u00e1n pasos en falso\u00bb. \u00abEl cepo se levantar\u00e1 cuando sea el momento adecuado y no genere traumas. Cuando llegue ese momento, ser\u00e1 casi una noticia menor\u00bb, a\u00f1adi\u00f3.<\/p>\n\n\n\n<p>Finalmente, se\u00f1al\u00f3: \u00ab<strong><em>No damos plazos, pero ya hemos dicho que lo levantaremos en el corto plazo. El cepo no evitar\u00e1 una crisis ni la generar\u00e1. El Presidente explic\u00f3 que, cuando la inflaci\u00f3n inducida sea igual a la medida, ser\u00e1 el momento de eliminar el cepo. Ah\u00ed ser\u00e1 cuando demos el golpe final\u00bb.<\/em><\/strong><\/p>\n\n\n\n<p class=\"has-text-align-center\"><strong><a href=\"https:\/\/chat.whatsapp.com\/KWkTmakY3I05kNdd2oZl6d\"><em>\u00daNETE A NUESTRO GRUPO DE WHATSAPP PARA ESTAR INFORMADO<\/em><\/a><\/strong><\/p>\n","protected":false},"excerpt":{"rendered":"<p>El vocero presidencial Manuel Adorni afirm\u00f3 que los fondos fueron usados en sponsoreo y obras edilicias que no se terminaron.<br \/>\nAdem\u00e1s, dej\u00f3 abierta la posibilidad de llevar a la Justicia a la expresidenta de la compa\u00f1\u00eda, Malena Galmarini.<\/p>\n","protected":false},"author":3,"featured_media":62559,"comment_status":"closed","ping_status":"closed","sticky":false,"template":"","format":"standard","meta":{"jnews-multi-image_gallery":[],"jnews_single_post":{"subtitle":"","format":"standard","video":"","gallery":"","source_name":"","source_url":"","via_name":"","via_url":"","override_template":"0","override":[{"template":"4","single_blog_custom":"","parallax":"1","fullscreen":"1","layout":"right-sidebar","sidebar":"new-widget-area","second_sidebar":"default-sidebar","sticky_sidebar":"1","share_position":"top","share_float_style":"share-monocrhome","show_share_counter":"1","show_view_counter":"1","show_featured":"1","show_post_meta":"1","show_post_author":"1","show_post_author_image":"1","show_post_date":"1","post_date_format":"default","post_date_format_custom":"Y\/m\/d","show_post_category":"1","show_post_reading_time":"1","post_reading_time_wpm":"300","show_zoom_button":"1","zoom_button_out_step":"2","zoom_button_in_step":"3","show_post_tag":"1","show_prev_next_post":"1","show_popup_post":"1","number_popup_post":"1","show_author_box":"1","show_post_related":"1","show_inline_post_related":"0"}],"override_image_size":"0","image_override":[{"single_post_thumbnail_size":"crop-500","single_post_gallery_size":"crop-500"}],"trending_post":"0","trending_post_position":"meta","trending_post_label":"Trending","sponsored_post":"0","sponsored_post_label":"Sponsored by","sponsored_post_name":"","sponsored_post_url":"","sponsored_post_logo_enable":"0","sponsored_post_logo":"","sponsored_post_desc":"","disable_ad":"0"},"jnews_primary_category":{"id":"","hide":""},"jnews_social_meta":{"fb_title":"","fb_description":"","fb_image":"","twitter_title":"","twitter_description":"","twitter_image":""},"jnews_review":[],"enable_review":"0","type":"percentage","name":"","summary":"","brand":"","sku":"","good":[{"good_text":""}],"bad":[{"bad_text":""}],"score_override":"","override_value":"","rating":[{"rating_text":"","rating_number":"10"}],"price":[{"shop":"","price":"","link":"","icon":""}],"jnews_override_counter":{"override_view_counter":"0","view_counter_number":"0","override_share_counter":"0","share_counter_number":"0","override_like_counter":"0","like_counter_number":"0","override_dislike_counter":"0","dislike_counter_number":"0"},"jnews_post_split":{"enable_post_split":"0","post_split":[{"template":"1","tag":"h2","numbering":"asc","mode":"normal","first":"0","enable_toc":"0","toc_type":"normal"}]},"footnotes":""},"categories":[58,59],"tags":[44,14459,19004,12936,45,3516,12945],"class_list":["post-62558","post","type-post","status-publish","format-standard","has-post-thumbnail","hentry","category-argentina","category-politica","tag-argentina","tag-aysa","tag-gastos-innecesarios","tag-manuel-adorni","tag-noticias","tag-sergio-massa","tag-vocero-presidencial"],"amp_enabled":true,"_links":{"self":[{"href":"https:\/\/esreviral.com\/index.php?rest_route=\/wp\/v2\/posts\/62558"}],"collection":[{"href":"https:\/\/esreviral.com\/index.php?rest_route=\/wp\/v2\/posts"}],"about":[{"href":"https:\/\/esreviral.com\/index.php?rest_route=\/wp\/v2\/types\/post"}],"author":[{"embeddable":true,"href":"https:\/\/esreviral.com\/index.php?rest_route=\/wp\/v2\/users\/3"}],"replies":[{"embeddable":true,"href":"https:\/\/esreviral.com\/index.php?rest_route=%2Fwp%2Fv2%2Fcomments&post=62558"}],"version-history":[{"count":0,"href":"https:\/\/esreviral.com\/index.php?rest_route=\/wp\/v2\/posts\/62558\/revisions"}],"wp:featuredmedia":[{"embeddable":true,"href":"https:\/\/esreviral.com\/index.php?rest_route=\/wp\/v2\/media\/62559"}],"wp:attachment":[{"href":"https:\/\/esreviral.com\/index.php?rest_route=%2Fwp%2Fv2%2Fmedia&parent=62558"}],"wp:term":[{"taxonomy":"category","embeddable":true,"href":"https:\/\/esreviral.com\/index.php?rest_route=%2Fwp%2Fv2%2Fcategories&post=62558"},{"taxonomy":"post_tag","embeddable":true,"href":"https:\/\/esreviral.com\/index.php?rest_route=%2Fwp%2Fv2%2Ftags&post=62558"}],"curies":[{"name":"wp","href":"https:\/\/api.w.org\/{rel}","templated":true}]}}