{"id":62538,"date":"2024-10-16T07:45:05","date_gmt":"2024-10-16T12:45:05","guid":{"rendered":"https:\/\/esreviral.com\/?p=62538"},"modified":"2024-10-16T07:45:06","modified_gmt":"2024-10-16T12:45:06","slug":"mbappe-denunciara-a-los-medios-que-lo-acusaron-de-violacion","status":"publish","type":"post","link":"https:\/\/esreviral.com\/?p=62538","title":{"rendered":"Mbapp\u00e9 denunciar\u00e1 a los medios que lo acusaron de violaci\u00f3n"},"content":{"rendered":"\n<p><strong>Kylian Mbapp\u00e9 <\/strong>se encuentra sorprendido tras ver su nombre vinculado en los medios con una investigaci\u00f3n en Suecia por presunta violaci\u00f3n. No obstante, el jugador permanece sereno, convencido de que <strong>no tiene nada de qu\u00e9 culparse<\/strong>, seg\u00fan declar\u00f3 este martes su abogada, Marie-Alix Canu-Bernard, a la agencia AFP. La defensora legal del capit\u00e1n de la selecci\u00f3n francesa adelant\u00f3 que est\u00e1 preparando una <strong>denuncia por calumnias<\/strong>, afirmando: \u00abNo se puede permitir que se difame de esta manera\u00bb.<\/p>\n\n\n\n<p>La <strong>Fiscal\u00eda sueca<\/strong> anunci\u00f3 este martes la apertura de una investigaci\u00f3n sobre una presunta violaci\u00f3n que habr\u00eda ocurrido durante la visita de Mbapp\u00e9 y su entorno a Estocolmo la semana pasada. Aunque no se mencionaron nombres oficialmente, medios suecos se\u00f1alan que la superestrella del <strong>Paris Saint-Germain<\/strong> estar\u00eda en el centro de dicha investigaci\u00f3n.<\/p>\n\n\n\n<p>Seg\u00fan Canu-Bernard, Mbapp\u00e9 <strong>\u00abno est\u00e1 al tanto de la magnitud de la cobertura medi\u00e1tica\u00bb<\/strong>, pero se mantiene completamente tranquilo, ya que <strong>\u00abno entiende qu\u00e9 se le podr\u00eda reprochar\u00bb<\/strong>. La abogada tambi\u00e9n explic\u00f3 que el jugador ha preferido concentrarse en sus entrenamientos y ha solicitado a su equipo legal que <strong>\u00abno dejen pasar esta situaci\u00f3n\u00bb<\/strong> sin tomar medidas legales.<\/p>\n\n\n\n<p class=\"has-text-align-center\"><em><strong><em><strong><em><strong><a href=\"https:\/\/t.me\/esreviral\">\u00daNETE A NUESTRO CANAL DE TELEGRAM PARA ESTAR INFORMADO<\/a><\/strong><\/em><\/strong><\/em><\/strong><\/em><\/p>\n\n\n\n<p>En respuesta a la pregunta sobre si Mbapp\u00e9 es culpable de violaci\u00f3n, Canu-Bernard coment\u00f3 que, hasta el momento, no tiene informaci\u00f3n que permita confirmar si la denuncia est\u00e1 dirigida hacia \u00e9l. Seg\u00fan el diario sueco <strong>Expressen<\/strong>, Mbapp\u00e9 estar\u00eda considerado como <strong>\u00abrazonablemente sospechoso\u00bb<\/strong>, el grado m\u00e1s bajo de sospecha seg\u00fan las leyes suecas.<\/p>\n\n\n\n<p>\u00abHemos le\u00eddo lo que circula en la prensa\u00bb, dijo la abogada. \u00abLa <strong>Fiscal\u00eda de Estocolmo<\/strong> ha emitido un comunicado, pero no es suficiente para confirmar si Kylian Mbapp\u00e9 es el objetivo de la investigaci\u00f3n\u00bb, concluy\u00f3 Canu-Bernard.<\/p>\n\n\n\n<p class=\"has-text-align-center\"><strong><a href=\"https:\/\/chat.whatsapp.com\/KWkTmakY3I05kNdd2oZl6d\"><em>\u00daNETE A NUESTRO GRUPO DE WHATSAPP PARA ESTAR INFORMADO<\/em><\/a><\/strong><\/p>\n\n\n\n<p class=\"has-text-align-center\"><strong><em><mark style=\"background-color:rgba(0, 0, 0, 0)\" class=\"has-inline-color has-vivid-red-color\"><a href=\"https:\/\/esreviral.com\/?p=62496\" data-type=\"link\" data-id=\"https:\/\/esreviral.com\/?p=62496\">Lea Tambi\u00e9n: \u00bfMbapp\u00e9 es investigado por un caso de abuso sexual?<\/a><\/mark><\/em><\/strong><\/p>\n","protected":false},"excerpt":{"rendered":"<p>El delantero del Real Madrid afirm\u00f3 estar at\u00f3nito ante las acusaciones de los medios suecos que afirman que es el responsable de una presunta violaci\u00f3n que se est\u00e1 investigando en Estocolmo<\/p>\n","protected":false},"author":3,"featured_media":62539,"comment_status":"closed","ping_status":"closed","sticky":false,"template":"","format":"standard","meta":{"jnews-multi-image_gallery":[],"jnews_single_post":{"subtitle":"","format":"standard","video":"","gallery":"","source_name":"","source_url":"","via_name":"","via_url":"","override_template":"0","override":[{"template":"4","single_blog_custom":"","parallax":"1","fullscreen":"1","layout":"right-sidebar","sidebar":"new-widget-area","second_sidebar":"default-sidebar","sticky_sidebar":"1","share_position":"top","share_float_style":"share-monocrhome","show_share_counter":"1","show_view_counter":"1","show_featured":"1","show_post_meta":"1","show_post_author":"1","show_post_author_image":"1","show_post_date":"1","post_date_format":"default","post_date_format_custom":"Y\/m\/d","show_post_category":"1","show_post_reading_time":"1","post_reading_time_wpm":"300","show_zoom_button":"1","zoom_button_out_step":"2","zoom_button_in_step":"3","show_post_tag":"1","show_prev_next_post":"1","show_popup_post":"1","number_popup_post":"1","show_author_box":"1","show_post_related":"1","show_inline_post_related":"0"}],"override_image_size":"0","image_override":[{"single_post_thumbnail_size":"crop-500","single_post_gallery_size":"crop-500"}],"trending_post":"0","trending_post_position":"meta","trending_post_label":"Trending","sponsored_post":"0","sponsored_post_label":"Sponsored by","sponsored_post_name":"","sponsored_post_url":"","sponsored_post_logo_enable":"0","sponsored_post_logo":"","sponsored_post_desc":"","disable_ad":"0"},"jnews_primary_category":{"id":"","hide":""},"jnews_social_meta":{"fb_title":"","fb_description":"","fb_image":"","twitter_title":"","twitter_description":"","twitter_image":""},"jnews_review":[],"enable_review":"0","type":"percentage","name":"","summary":"","brand":"","sku":"","good":[{"good_text":""}],"bad":[{"bad_text":""}],"score_override":"","override_value":"","rating":[{"rating_text":"","rating_number":"10"}],"price":[{"shop":"","price":"","link":"","icon":""}],"jnews_override_counter":{"override_view_counter":"0","view_counter_number":"0","override_share_counter":"0","share_counter_number":"0","override_like_counter":"0","like_counter_number":"0","override_dislike_counter":"0","dislike_counter_number":"0"},"jnews_post_split":{"enable_post_split":"0","post_split":[{"template":"1","tag":"h2","numbering":"asc","mode":"normal","first":"0","enable_toc":"0","toc_type":"normal"}]},"footnotes":""},"categories":[48],"tags":[49,90,18996,5827,926,104],"class_list":["post-62538","post","type-post","status-publish","format-standard","has-post-thumbnail","hentry","category-deportes","tag-deportes","tag-futbol","tag-investigacion-por-violacion","tag-kylian-mbappe","tag-mbappe","tag-real-madrid"],"amp_enabled":true,"_links":{"self":[{"href":"https:\/\/esreviral.com\/index.php?rest_route=\/wp\/v2\/posts\/62538"}],"collection":[{"href":"https:\/\/esreviral.com\/index.php?rest_route=\/wp\/v2\/posts"}],"about":[{"href":"https:\/\/esreviral.com\/index.php?rest_route=\/wp\/v2\/types\/post"}],"author":[{"embeddable":true,"href":"https:\/\/esreviral.com\/index.php?rest_route=\/wp\/v2\/users\/3"}],"replies":[{"embeddable":true,"href":"https:\/\/esreviral.com\/index.php?rest_route=%2Fwp%2Fv2%2Fcomments&post=62538"}],"version-history":[{"count":0,"href":"https:\/\/esreviral.com\/index.php?rest_route=\/wp\/v2\/posts\/62538\/revisions"}],"wp:featuredmedia":[{"embeddable":true,"href":"https:\/\/esreviral.com\/index.php?rest_route=\/wp\/v2\/media\/62539"}],"wp:attachment":[{"href":"https:\/\/esreviral.com\/index.php?rest_route=%2Fwp%2Fv2%2Fmedia&parent=62538"}],"wp:term":[{"taxonomy":"category","embeddable":true,"href":"https:\/\/esreviral.com\/index.php?rest_route=%2Fwp%2Fv2%2Fcategories&post=62538"},{"taxonomy":"post_tag","embeddable":true,"href":"https:\/\/esreviral.com\/index.php?rest_route=%2Fwp%2Fv2%2Ftags&post=62538"}],"curies":[{"name":"wp","href":"https:\/\/api.w.org\/{rel}","templated":true}]}}