{"id":62535,"date":"2024-10-16T07:32:58","date_gmt":"2024-10-16T12:32:58","guid":{"rendered":"https:\/\/esreviral.com\/?p=62535"},"modified":"2024-10-16T07:32:59","modified_gmt":"2024-10-16T12:32:59","slug":"las-matriculas-de-los-profesionales-de-salud-no-tendran-vencimiento","status":"publish","type":"post","link":"https:\/\/esreviral.com\/?p=62535","title":{"rendered":"Las matr\u00edculas de los profesionales de salud no tendr\u00e1n vencimiento"},"content":{"rendered":"\n<p>El mes pasado, el Gobierno implement\u00f3 la <strong>versi\u00f3n digital \u201c\u00fanica y obligatoria\u201d<\/strong> de la matr\u00edcula profesional a trav\u00e9s del portal oficial <strong>Mi Argentina<\/strong>. Ahora, una nueva resoluci\u00f3n del <strong>Ministerio de Salud<\/strong>, publicada este mi\u00e9rcoles en el <strong>Bolet\u00edn Oficial<\/strong>, establece que la matr\u00edcula para ejercer profesionalmente <strong>deja de tener fecha de vencimiento<\/strong>.<\/p>\n\n\n\n<p>\u00abEsta normativa <strong>elimina el plazo de vigencia<\/strong> de cinco a\u00f1os para las matr\u00edculas otorgadas\u00bb, informaron desde el Ministerio. Adem\u00e1s, se aclar\u00f3 que las <strong>credenciales digitales vencidas<\/strong> antes de esta medida pasar\u00e1n a estar <strong>vigentes autom\u00e1ticamente<\/strong>, eliminando la necesidad de realizar el tr\u00e1mite de renovaci\u00f3n, que hasta ahora demoraba unos seis meses.<\/p>\n\n\n\n<p>El mes pasado, la modificaci\u00f3n hab\u00eda incluido no solo a los <strong>nuevos profesionales<\/strong>, sino tambi\u00e9n a quienes necesitaban <strong>renovar<\/strong> o <strong>rehabilitar<\/strong> su matr\u00edcula para ejercer en la jurisdicci\u00f3n correspondiente. Esa normativa contemplaba la <strong>rev\u00e1lida cada cinco a\u00f1os<\/strong> desde la emisi\u00f3n de la credencial digital, con vencimiento en la fecha de nacimiento del matriculado. Sin embargo, esta nueva resoluci\u00f3n <strong>elimina ese requisito<\/strong>.<\/p>\n\n\n\n<p class=\"has-text-align-center\"><em><strong><em><strong><em><strong><a href=\"https:\/\/t.me\/esreviral\">\u00daNETE A NUESTRO CANAL DE TELEGRAM PARA ESTAR INFORMADO<\/a><\/strong><\/em><\/strong><\/em><\/strong><\/em><\/p>\n\n\n\n<iframe src=\"https:\/\/drive.google.com\/file\/d\/1HbHCeiGmp2vqtIY610okTO3f8uTKP0-j\/preview\" width=\"640\" height=\"480\" allow=\"autoplay\"><\/iframe>\n\n\n\n<p>\u00abEl objetivo de esta medida es <strong>simplificar y facilitar<\/strong> el trabajo a los profesionales de la salud\u00bb, indicaron desde la cartera de Salud.<\/p>\n\n\n\n<p>Con la digitalizaci\u00f3n, los datos de la <strong>Red Federal de Registros de Profesionales de la Salud (Refeps)<\/strong> se integran con el perfil digital del ciudadano en la app oficial Mi Argentina, y las solicitudes ahora se gestionan a trav\u00e9s del sistema online <strong>Tr\u00e1mites a Distancia (TAD)<\/strong>.<\/p>\n\n\n\n<p>La norma incluye a <strong>m\u00e9dicos, odont\u00f3logos, farmac\u00e9uticos, bioqu\u00edmicos, enfermeros<\/strong>, entre otros profesionales con t\u00edtulos habilitantes, tanto obtenidos en Argentina como homologados en el extranjero.<\/p>\n\n\n\n<p>Durante la <strong>pandemia de Covid-19<\/strong>, en 2020, se prorrog\u00f3 autom\u00e1ticamente la vigencia de las credenciales, y este proceso <strong>no se normaliz\u00f3<\/strong> durante la gesti\u00f3n de <strong>Alberto Fern\u00e1ndez<\/strong>, en la que se reportaron hackeos a los servidores del sistema.<\/p>\n\n\n\n<p>En una resoluci\u00f3n de <strong>agosto de 2022<\/strong>, se argument\u00f3 que la pr\u00f3rroga gener\u00f3 una gran acumulaci\u00f3n de tr\u00e1mites de renovaci\u00f3n, ya que deb\u00eda incluir credenciales vencidas antes y despu\u00e9s del <strong>DNU<\/strong> que estableci\u00f3 el aislamiento obligatorio por la emergencia sanitaria.<\/p>\n\n\n\n<p>En <strong>2022<\/strong>, antes de que se estableciera la matr\u00edcula digital como credencial complementaria, los profesionales comenzaron a reportar <strong>retrasos<\/strong> en los tr\u00e1mites de renovaci\u00f3n, duplicados y solicitudes de matr\u00edcula, debido a diversas complicaciones en las oficinas del <strong>Ministerio de Salud<\/strong> en la <strong>Avenida 9 de Julio<\/strong>. El a\u00f1o pasado fue especialmente dif\u00edcil para quienes necesitaban regularizar su situaci\u00f3n, ya que dos resoluciones ministeriales extendieron los plazos de vencimiento.<\/p>\n\n\n\n<p class=\"has-text-align-center\"><strong><a href=\"https:\/\/chat.whatsapp.com\/KWkTmakY3I05kNdd2oZl6d\"><em>\u00daNETE A NUESTRO GRUPO DE WHATSAPP PARA ESTAR INFORMADO<\/em><\/a><\/strong><\/p>\n\n\n\n<p><\/p>\n","protected":false},"excerpt":{"rendered":"<p>As\u00ed lo dispuso el Ministerio de Salud a trav\u00e9s de una resoluci\u00f3n publicada en el Bolet\u00edn Oficial<\/p>\n","protected":false},"author":3,"featured_media":62536,"comment_status":"closed","ping_status":"closed","sticky":false,"template":"","format":"standard","meta":{"jnews-multi-image_gallery":[],"jnews_single_post":{"subtitle":"","format":"standard","video":"","gallery":"","source_name":"","source_url":"","via_name":"","via_url":"","override_template":"0","override":[{"template":"4","single_blog_custom":"","parallax":"1","fullscreen":"1","layout":"right-sidebar","sidebar":"new-widget-area","second_sidebar":"default-sidebar","sticky_sidebar":"1","share_position":"top","share_float_style":"share-monocrhome","show_share_counter":"1","show_view_counter":"1","show_featured":"1","show_post_meta":"1","show_post_author":"1","show_post_author_image":"1","show_post_date":"1","post_date_format":"default","post_date_format_custom":"Y\/m\/d","show_post_category":"1","show_post_reading_time":"1","post_reading_time_wpm":"300","show_zoom_button":"1","zoom_button_out_step":"2","zoom_button_in_step":"3","show_post_tag":"1","show_prev_next_post":"1","show_popup_post":"1","number_popup_post":"1","show_author_box":"1","show_post_related":"1","show_inline_post_related":"0"}],"override_image_size":"0","image_override":[{"single_post_thumbnail_size":"crop-500","single_post_gallery_size":"crop-500"}],"trending_post":"0","trending_post_position":"meta","trending_post_label":"Trending","sponsored_post":"0","sponsored_post_label":"Sponsored by","sponsored_post_name":"","sponsored_post_url":"","sponsored_post_logo_enable":"0","sponsored_post_logo":"","sponsored_post_desc":"","disable_ad":"0"},"jnews_primary_category":{"id":"","hide":""},"jnews_social_meta":{"fb_title":"","fb_description":"","fb_image":"","twitter_title":"","twitter_description":"","twitter_image":""},"jnews_review":[],"enable_review":"0","type":"percentage","name":"","summary":"","brand":"","sku":"","good":[{"good_text":""}],"bad":[{"bad_text":""}],"score_override":"","override_value":"","rating":[{"rating_text":"","rating_number":"10"}],"price":[{"shop":"","price":"","link":"","icon":""}],"jnews_override_counter":{"override_view_counter":"0","view_counter_number":"0","override_share_counter":"0","share_counter_number":"0","override_like_counter":"0","like_counter_number":"0","override_dislike_counter":"0","dislike_counter_number":"0"},"jnews_post_split":{"enable_post_split":"0","post_split":[{"template":"1","tag":"h2","numbering":"asc","mode":"normal","first":"0","enable_toc":"0","toc_type":"normal"}]},"footnotes":""},"categories":[58,84],"tags":[44,17791,18995,11452,580,45,85],"class_list":["post-62535","post","type-post","status-publish","format-standard","has-post-thumbnail","hentry","category-argentina","category-salud","tag-argentina","tag-credenciales-digitales","tag-mario-lugones","tag-medicina","tag-ministerio-de-salud","tag-noticias","tag-salud"],"amp_enabled":true,"_links":{"self":[{"href":"https:\/\/esreviral.com\/index.php?rest_route=\/wp\/v2\/posts\/62535"}],"collection":[{"href":"https:\/\/esreviral.com\/index.php?rest_route=\/wp\/v2\/posts"}],"about":[{"href":"https:\/\/esreviral.com\/index.php?rest_route=\/wp\/v2\/types\/post"}],"author":[{"embeddable":true,"href":"https:\/\/esreviral.com\/index.php?rest_route=\/wp\/v2\/users\/3"}],"replies":[{"embeddable":true,"href":"https:\/\/esreviral.com\/index.php?rest_route=%2Fwp%2Fv2%2Fcomments&post=62535"}],"version-history":[{"count":0,"href":"https:\/\/esreviral.com\/index.php?rest_route=\/wp\/v2\/posts\/62535\/revisions"}],"wp:featuredmedia":[{"embeddable":true,"href":"https:\/\/esreviral.com\/index.php?rest_route=\/wp\/v2\/media\/62536"}],"wp:attachment":[{"href":"https:\/\/esreviral.com\/index.php?rest_route=%2Fwp%2Fv2%2Fmedia&parent=62535"}],"wp:term":[{"taxonomy":"category","embeddable":true,"href":"https:\/\/esreviral.com\/index.php?rest_route=%2Fwp%2Fv2%2Fcategories&post=62535"},{"taxonomy":"post_tag","embeddable":true,"href":"https:\/\/esreviral.com\/index.php?rest_route=%2Fwp%2Fv2%2Ftags&post=62535"}],"curies":[{"name":"wp","href":"https:\/\/api.w.org\/{rel}","templated":true}]}}