{"id":62527,"date":"2024-10-16T07:12:59","date_gmt":"2024-10-16T12:12:59","guid":{"rendered":"https:\/\/esreviral.com\/?p=62527"},"modified":"2024-10-16T07:17:02","modified_gmt":"2024-10-16T12:17:02","slug":"cantante-de-musica-llanera-emily-galaviz-tuvo-un-aparatoso-accidente-automovilistico","status":"publish","type":"post","link":"https:\/\/esreviral.com\/?p=62527","title":{"rendered":"Emily Galaviz tuvo un aparatoso accidente automovil\u00edstico"},"content":{"rendered":"\n<p>La cantante venezolana <strong>Emily Galaviz<\/strong> sufri\u00f3 un <strong>accidente de tr\u00e1nsito<\/strong> la noche del lunes 14 de octubre. Tanto la artista como su equipo de trabajo, que viajaba con ella, se encuentran <strong>fuera de peligro<\/strong>.<\/p>\n\n\n\n<p>Fue su equipo quien dio a conocer la noticia a trav\u00e9s de las redes sociales, informando que el accidente ocurri\u00f3 en <strong>Alto Apure<\/strong>, espec\u00edficamente en el municipio <strong>Jos\u00e9 Antonio P\u00e1ez<\/strong>, sector <strong>Buria<\/strong>, frente al <strong>Hato Monte Verde<\/strong>.<\/p>\n\n\n\n<p>\u00ab<strong>Gracias a Dios no hubo da\u00f1os f\u00edsicos graves<\/strong>, m\u00e1s all\u00e1 de algunos golpes y raspones. La artista y sus acompa\u00f1antes est\u00e1n en <strong>perfecto estado de salud<\/strong>\u00ab, comunic\u00f3 la artista.<\/p>\n\n\n\n<p class=\"has-text-align-center\"><em><strong><em><strong><em><strong><a href=\"https:\/\/t.me\/esreviral\">\u00daNETE A NUESTRO CANAL DE TELEGRAM PARA ESTAR INFORMADO<\/a><\/strong><\/em><\/strong><\/em><\/strong><\/em><\/p>\n\n\n\n<blockquote class=\"twitter-tweet\"><p lang=\"es\" dir=\"ltr\"><a href=\"https:\/\/twitter.com\/hashtag\/16ct?src=hash&amp;ref_src=twsrc%5Etfw\">#16ct<\/a> | La cantante m\u00fasica llanera Emily Galaviz sufri\u00f3 un accidente automovil\u00edstico la noche del 14 de octubre de 2024 junto a otras personas, quienes al igual que ella se encuentran fuera de peligro. <a href=\"https:\/\/t.co\/qp3ap1i1cS\">pic.twitter.com\/qp3ap1i1cS<\/a><\/p>&mdash; ES RE VIRAL (@esreviral) <a href=\"https:\/\/twitter.com\/esreviral\/status\/1846516063065846134?ref_src=twsrc%5Etfw\">October 16, 2024<\/a><\/blockquote> <script async src=\"https:\/\/platform.twitter.com\/widgets.js\" charset=\"utf-8\"><\/script>\n\n\n\n<p class=\"has-text-align-left\"><strong><mark style=\"background-color:rgba(0, 0, 0, 0)\" class=\"has-inline-color has-vivid-red-color\">Pr\u00f3ximos proyectos de Emily Galaviz<\/mark><\/strong><\/p>\n\n\n\n<p class=\"has-text-align-left\">La cantante tiene previsto iniciar su <strong>gira nacional<\/strong> titulada \u00ab<strong>Emily Galaviz y sus amigos<\/strong>\u00bb el 18 de octubre de 2024, en el <strong>Coliseo Arena Plaza<\/strong> de <strong>Barquisimeto<\/strong>, donde contar\u00e1 con la participaci\u00f3n de importantes invitados de la industria musical venezolana.<\/p>\n\n\n\n<p class=\"has-text-align-center\"><strong><a href=\"https:\/\/chat.whatsapp.com\/KWkTmakY3I05kNdd2oZl6d\"><em>\u00daNETE A NUESTRO GRUPO DE WHATSAPP PARA ESTAR INFORMADO<\/em><\/a><\/strong><\/p>\n\n\n\n<figure class=\"wp-block-image size-large\"><img decoding=\"async\" src=\"https:\/\/www.lapatilla.com\/wp-content\/uploads\/2024\/10\/WhatsApp-Image-2024-10-15-at-1.16.19-PM.jpeg?w=564\" alt=\"\"\/><\/figure>\n","protected":false},"excerpt":{"rendered":"<p>Tanto la cantante como su equipo de trabajo est\u00e1n fuera de peligro y no se esperan cambios en su gira, que comienza el pr\u00f3ximo 18 de octubre en la ciudad de Barquisimeto, estado Lara<\/p>\n","protected":false},"author":3,"featured_media":62528,"comment_status":"closed","ping_status":"closed","sticky":false,"template":"","format":"standard","meta":{"jnews-multi-image_gallery":[],"jnews_single_post":{"subtitle":"","format":"standard","video":"","gallery":"","source_name":"","source_url":"","via_name":"","via_url":"","override_template":"0","override":[{"template":"4","single_blog_custom":"","parallax":"1","fullscreen":"1","layout":"right-sidebar","sidebar":"new-widget-area","second_sidebar":"default-sidebar","sticky_sidebar":"1","share_position":"top","share_float_style":"share-monocrhome","show_share_counter":"1","show_view_counter":"1","show_featured":"1","show_post_meta":"1","show_post_author":"1","show_post_author_image":"1","show_post_date":"1","post_date_format":"default","post_date_format_custom":"Y\/m\/d","show_post_category":"1","show_post_reading_time":"1","post_reading_time_wpm":"300","show_zoom_button":"1","zoom_button_out_step":"2","zoom_button_in_step":"3","show_post_tag":"1","show_prev_next_post":"1","show_popup_post":"1","number_popup_post":"1","show_author_box":"1","show_post_related":"1","show_inline_post_related":"0"}],"override_image_size":"0","image_override":[{"single_post_thumbnail_size":"crop-500","single_post_gallery_size":"crop-500"}],"trending_post":"0","trending_post_position":"meta","trending_post_label":"Trending","sponsored_post":"0","sponsored_post_label":"Sponsored by","sponsored_post_name":"","sponsored_post_url":"","sponsored_post_logo_enable":"0","sponsored_post_logo":"","sponsored_post_desc":"","disable_ad":"0"},"jnews_primary_category":{"id":"","hide":""},"jnews_social_meta":{"fb_title":"","fb_description":"","fb_image":"","twitter_title":"","twitter_description":"","twitter_image":""},"jnews_review":[],"enable_review":"0","type":"percentage","name":"","summary":"","brand":"","sku":"","good":[{"good_text":""}],"bad":[{"bad_text":""}],"score_override":"","override_value":"","rating":[{"rating_text":"","rating_number":"10"}],"price":[{"shop":"","price":"","link":"","icon":""}],"jnews_override_counter":{"override_view_counter":"0","view_counter_number":"0","override_share_counter":"0","share_counter_number":"0","override_like_counter":"0","like_counter_number":"0","override_dislike_counter":"0","dislike_counter_number":"0"},"jnews_post_split":{"enable_post_split":"0","post_split":[{"template":"1","tag":"h2","numbering":"asc","mode":"normal","first":"0","enable_toc":"0","toc_type":"normal"}]},"footnotes":""},"categories":[50],"tags":[8097,18992,18993,1045,45],"class_list":["post-62527","post","type-post","status-publish","format-standard","has-post-thumbnail","hentry","category-entretenimiento","tag-accidente-de-transito-3","tag-cantante-de-musica-llanera","tag-emily-galaviz","tag-musica-llanera","tag-noticias"],"amp_enabled":true,"_links":{"self":[{"href":"https:\/\/esreviral.com\/index.php?rest_route=\/wp\/v2\/posts\/62527"}],"collection":[{"href":"https:\/\/esreviral.com\/index.php?rest_route=\/wp\/v2\/posts"}],"about":[{"href":"https:\/\/esreviral.com\/index.php?rest_route=\/wp\/v2\/types\/post"}],"author":[{"embeddable":true,"href":"https:\/\/esreviral.com\/index.php?rest_route=\/wp\/v2\/users\/3"}],"replies":[{"embeddable":true,"href":"https:\/\/esreviral.com\/index.php?rest_route=%2Fwp%2Fv2%2Fcomments&post=62527"}],"version-history":[{"count":0,"href":"https:\/\/esreviral.com\/index.php?rest_route=\/wp\/v2\/posts\/62527\/revisions"}],"wp:featuredmedia":[{"embeddable":true,"href":"https:\/\/esreviral.com\/index.php?rest_route=\/wp\/v2\/media\/62528"}],"wp:attachment":[{"href":"https:\/\/esreviral.com\/index.php?rest_route=%2Fwp%2Fv2%2Fmedia&parent=62527"}],"wp:term":[{"taxonomy":"category","embeddable":true,"href":"https:\/\/esreviral.com\/index.php?rest_route=%2Fwp%2Fv2%2Fcategories&post=62527"},{"taxonomy":"post_tag","embeddable":true,"href":"https:\/\/esreviral.com\/index.php?rest_route=%2Fwp%2Fv2%2Ftags&post=62527"}],"curies":[{"name":"wp","href":"https:\/\/api.w.org\/{rel}","templated":true}]}}