{"id":62473,"date":"2024-10-15T07:55:51","date_gmt":"2024-10-15T12:55:51","guid":{"rendered":"https:\/\/esreviral.com\/?p=62473"},"modified":"2024-10-15T07:55:52","modified_gmt":"2024-10-15T12:55:52","slug":"maduro-designo-nuevos-jefes-para-el-sebin-y-la-dgcim-quienes-son","status":"publish","type":"post","link":"https:\/\/esreviral.com\/?p=62473","title":{"rendered":"Maduro design\u00f3 nuevos jefes para el Sebin y la Dgcim: \u00bfQui\u00e9nes son?"},"content":{"rendered":"\n<p>Nicol\u00e1s Maduro\u00a0design\u00f3 el lunes 14 de octubre\u00a0<strong>nuevos jefes para el Servicio Bolivariano de Inteligencia Nacional (Sebin) y la Direcci\u00f3n General de Contrainteligencia Militar (Dgcim),<\/strong>\u00a0dos organismos que han sido calificados por organizaciones de derechos humanos como parte la \u201cmaquinaria represiva del Estado\u201d.<\/p>\n\n\n\n<p>Los cambios en los organismos de seguridad del estado se dieron un d\u00eda despu\u00e9s de que la l\u00edder opositora venezolana Mar\u00eda Corina Machado inst\u00f3 a las fuerzas militares de Venezuela a defender los resultados de las elecciones presidenciales del 28 de julio en las que la oposici\u00f3n se atribuye la victoria.<\/p>\n\n\n\n<p><strong><mark style=\"background-color:rgba(0, 0, 0, 0)\" class=\"has-inline-color has-vivid-red-color\">\u00bfQui\u00e9n es el nuevo jefe del Sebin?<\/mark><\/strong><\/p>\n\n\n\n<p><strong>Maduro design\u00f3 al mayor general Alexis Rodr\u00edguez Cabello como nuevo jefe del Sebin<\/strong>, en sustituci\u00f3n&nbsp;Iv\u00e1n Hern\u00e1ndez Dala.<\/p>\n\n\n\n<p>Rodr\u00edguez Cabello, qui\u00e9n egres\u00f3 de la Academia Militar de Venezuela en 1987 y pas\u00f3 a retiro en 2020, fue nombrado el a\u00f1o pasado por el mandatario venezolano como autoridad \u00fanica de la Guayana Esequiba y previamente hab\u00eda sido designado\u00a0<strong>vicepresidente de la junta interventora de la estatal Corporaci\u00f3n Venezolana de Guayana (CVG)<\/strong>, luego de un esc\u00e1ndalo de corrupci\u00f3n en la CVG y Petr\u00f3leos de Venezuela (PDVSA).<\/p>\n\n\n\n<p class=\"has-text-align-center\"><em><strong><em><strong><em><strong><a href=\"https:\/\/t.me\/esreviral\">\u00daNETE A NUESTRO CANAL DE TELEGRAM PARA ESTAR INFORMADO<\/a><\/strong><\/em><\/strong><\/em><\/strong><\/em><\/p>\n\n\n\n<p>Adem\u00e1s, fue diputado a la Asamblea Nacional (AN) de mayor\u00eda oficialista por el estado Bol\u00edvar; presidente de la Comisi\u00f3n Permanente de Contralor\u00eda de la AN, y enlace del Partido Socialista Unido de Venezuela (PSUV) para el estado Bol\u00edvar.<\/p>\n\n\n\n<p>Entre el 2019 y el 2020 ocup\u00f3 el cargo de comandante general del Ej\u00e9rcito de Venezuela. Y anteriormente, de 2017 a 2019, fue comandante de la Regi\u00f3n Estrat\u00e9gica de Defensa Integral Capital (REDI Capital).<\/p>\n\n\n\n<p><strong>El nuevo jefe del Sebin es primo del ministro de Interior y Justicia Diosdado Cabello<\/strong>, de acuerdo con varios medios.<\/p>\n\n\n\n<p><strong><mark style=\"background-color:rgba(0, 0, 0, 0)\" class=\"has-inline-color has-vivid-red-color\">\u00bfQui\u00e9n es el nuevo jefe de la Dgcim?<\/mark><\/strong><\/p>\n\n\n\n<p><strong>Al frente de la Dgcim y la Guardia de Honor Presidencial (GHP) estar\u00e1 el mayor general Javier Marcano T\u00e1bata<\/strong>, qui\u00e9n egres\u00f3 de la Academia Militar de Venezuela en 1991.<\/p>\n\n\n\n<p>Marcano T\u00e1bata era el comandante general de la Milicia Bolivariana, y anteriormente estuvo a cargo de la Regi\u00f3n Estrat\u00e9gica de Defensa Integral (REDI) Capital. Entre 2016 y 2019 fue comandante de la Unidad Especial de Seguridad y Protecci\u00f3n a Personalidades del Estado de la Guardia de Honor Presidencial.<\/p>\n\n\n\n<p>El militar sustituir\u00e1 a Gustavo Gonz\u00e1lez L\u00f3pez, quien dirig\u00eda este organismo desde el 30 de abril de 2019.<\/p>\n\n\n\n<p class=\"has-text-align-center\"><strong><a href=\"https:\/\/chat.whatsapp.com\/KWkTmakY3I05kNdd2oZl6d\"><em>\u00daNETE A NUESTRO GRUPO DE WHATSAPP PARA ESTAR INFORMADO<\/em><\/a><\/strong><\/p>\n","protected":false},"excerpt":{"rendered":"<p>Maduro anunci\u00f3 cambios en los organismos de seguridad del estado un d\u00eda despu\u00e9s de que la l\u00edder opositora venezolana Mar\u00eda Corina Machado inst\u00f3 a las fuerzas militares de su pa\u00eds a defender los resultados de las elecciones<\/p>\n","protected":false},"author":3,"featured_media":62474,"comment_status":"closed","ping_status":"closed","sticky":false,"template":"","format":"standard","meta":{"jnews-multi-image_gallery":[],"jnews_single_post":{"subtitle":"","format":"standard","video":"","gallery":"","source_name":"","source_url":"","via_name":"","via_url":"","override_template":"0","override":[{"template":"4","single_blog_custom":"","parallax":"1","fullscreen":"1","layout":"right-sidebar","sidebar":"new-widget-area","second_sidebar":"default-sidebar","sticky_sidebar":"1","share_position":"top","share_float_style":"share-monocrhome","show_share_counter":"1","show_view_counter":"1","show_featured":"1","show_post_meta":"1","show_post_author":"1","show_post_author_image":"1","show_post_date":"1","post_date_format":"default","post_date_format_custom":"Y\/m\/d","show_post_category":"1","show_post_reading_time":"1","post_reading_time_wpm":"300","show_zoom_button":"1","zoom_button_out_step":"2","zoom_button_in_step":"3","show_post_tag":"1","show_prev_next_post":"1","show_popup_post":"1","number_popup_post":"1","show_author_box":"1","show_post_related":"1","show_inline_post_related":"0"}],"override_image_size":"0","image_override":[{"single_post_thumbnail_size":"crop-500","single_post_gallery_size":"crop-500"}],"trending_post":"0","trending_post_position":"meta","trending_post_label":"Trending","sponsored_post":"0","sponsored_post_label":"Sponsored by","sponsored_post_name":"","sponsored_post_url":"","sponsored_post_logo_enable":"0","sponsored_post_logo":"","sponsored_post_desc":"","disable_ad":"0"},"jnews_primary_category":{"id":"","hide":""},"jnews_social_meta":{"fb_title":"","fb_description":"","fb_image":"","twitter_title":"","twitter_description":"","twitter_image":""},"jnews_review":[],"enable_review":"0","type":"percentage","name":"","summary":"","brand":"","sku":"","good":[{"good_text":""}],"bad":[{"bad_text":""}],"score_override":"","override_value":"","rating":[{"rating_text":"","rating_number":"10"}],"price":[{"shop":"","price":"","link":"","icon":""}],"jnews_override_counter":{"override_view_counter":"0","view_counter_number":"0","override_share_counter":"0","share_counter_number":"0","override_like_counter":"0","like_counter_number":"0","override_dislike_counter":"0","dislike_counter_number":"0"},"jnews_post_split":{"enable_post_split":"0","post_split":[{"template":"1","tag":"h2","numbering":"asc","mode":"normal","first":"0","enable_toc":"0","toc_type":"normal"}]},"footnotes":""},"categories":[59,66],"tags":[4443,381,82,1068,4445],"class_list":["post-62473","post","type-post","status-publish","format-standard","has-post-thumbnail","hentry","category-politica","category-venezuela","tag-dgcim","tag-diosdado-cabello","tag-maduro","tag-nicolas-maduro","tag-sebin"],"amp_enabled":true,"_links":{"self":[{"href":"https:\/\/esreviral.com\/index.php?rest_route=\/wp\/v2\/posts\/62473"}],"collection":[{"href":"https:\/\/esreviral.com\/index.php?rest_route=\/wp\/v2\/posts"}],"about":[{"href":"https:\/\/esreviral.com\/index.php?rest_route=\/wp\/v2\/types\/post"}],"author":[{"embeddable":true,"href":"https:\/\/esreviral.com\/index.php?rest_route=\/wp\/v2\/users\/3"}],"replies":[{"embeddable":true,"href":"https:\/\/esreviral.com\/index.php?rest_route=%2Fwp%2Fv2%2Fcomments&post=62473"}],"version-history":[{"count":0,"href":"https:\/\/esreviral.com\/index.php?rest_route=\/wp\/v2\/posts\/62473\/revisions"}],"wp:featuredmedia":[{"embeddable":true,"href":"https:\/\/esreviral.com\/index.php?rest_route=\/wp\/v2\/media\/62474"}],"wp:attachment":[{"href":"https:\/\/esreviral.com\/index.php?rest_route=%2Fwp%2Fv2%2Fmedia&parent=62473"}],"wp:term":[{"taxonomy":"category","embeddable":true,"href":"https:\/\/esreviral.com\/index.php?rest_route=%2Fwp%2Fv2%2Fcategories&post=62473"},{"taxonomy":"post_tag","embeddable":true,"href":"https:\/\/esreviral.com\/index.php?rest_route=%2Fwp%2Fv2%2Ftags&post=62473"}],"curies":[{"name":"wp","href":"https:\/\/api.w.org\/{rel}","templated":true}]}}