{"id":62454,"date":"2024-10-15T07:10:14","date_gmt":"2024-10-15T12:10:14","guid":{"rendered":"https:\/\/esreviral.com\/?p=62454"},"modified":"2024-10-15T07:10:15","modified_gmt":"2024-10-15T12:10:15","slug":"el-video-de-un-patrullero-que-choco-con-un-auto-a-gran-velocidad-y-arrollo-a-un-peaton","status":"publish","type":"post","link":"https:\/\/esreviral.com\/?p=62454","title":{"rendered":"El video de un patrullero que choc\u00f3 con un auto a gran velocidad y arroll\u00f3 a un peat\u00f3n"},"content":{"rendered":"\n<p>Un joven result\u00f3 gravemente herido tras un violento choque entre <strong>un patrullero de la Polic\u00eda Bonaerense y un autom\u00f3vil en la localidad de San Justo, el lunes por la tarde. Debido a las graves lesiones, la v\u00edctima fue trasladada de urgencia al Hospital Balestrini, en Ciudad Evita.<\/strong><\/p>\n\n\n\n<p>El accidente ocurri\u00f3 en la intersecci\u00f3n de las calle<strong>s Presidente Per\u00f3n e Indart,<\/strong> cuando un patrullero colision\u00f3 con un auto, provocando que el veh\u00edculo policial atropellara a un peat\u00f3n antes de incrustarse junto al garaje de una vivienda, donde hab\u00eda otro veh\u00edculo estacionado.<\/p>\n\n\n\n<p>Las impactantes im\u00e1genes del incidente, capturadas por una c\u00e1mara de seguridad, muestran c\u00f3mo la v\u00edctima, que caminaba junto a otra persona que logr\u00f3 escapar a tiempo, fue embestida violentamente, quedando tendida en el suelo tras ser lanzada por el aire.<\/p>\n\n\n\n<p class=\"has-text-align-center\"><em><strong><em><strong><em><strong><a href=\"https:\/\/t.me\/esreviral\">\u00daNETE A NUESTRO CANAL DE TELEGRAM PARA ESTAR INFORMADO<\/a><\/strong><\/em><\/strong><\/em><\/strong><\/em><\/p>\n\n\n\n<blockquote class=\"twitter-tweet\"><p lang=\"es\" dir=\"ltr\">\ud83d\udea8 San Justo: Impresionante choque entre un auto y un patrullero .<br><br>El veh\u00edculo policial impact\u00f3 a gran velocidad con otro autom\u00f3vil en Presidente Per\u00f3n e Indart, San Justo. La patrulla subi\u00f3 a la vereda y choc\u00f3 a un peat\u00f3n, que est\u00e1 grave. <a href=\"https:\/\/t.co\/S8W6niPztu\">pic.twitter.com\/S8W6niPztu<\/a><\/p>&mdash; ES RE VIRAL (@esreviral) <a href=\"https:\/\/twitter.com\/esreviral\/status\/1846152840365867112?ref_src=twsrc%5Etfw\">October 15, 2024<\/a><\/blockquote> <script async src=\"https:\/\/platform.twitter.com\/widgets.js\" charset=\"utf-8\"><\/script>\n\n\n\n<p>Seg\u00fan informaron las autoridades, el patrullero circulaba a alta velocidad, con sirenas encendidas, dirigi\u00e9ndose a un operativo policial. Al cruzar un sem\u00e1foro en rojo, colision\u00f3 con un Audi A3 negro que transitaba correctamente.<\/p>\n\n\n\n<p><strong>El peat\u00f3n atropellado fue sometido a una cirug\u00eda por una fractura en el f\u00e9mur izquierdo<\/strong>, adem\u00e1s de cortes en el pie y m\u00faltiples traumatismos. El conductor del Audi fue atendido en el Hospital Italiano, mientras que los dos oficiales del patrullero, un hombre y una mujer, fueron trasladados a la Cl\u00ednica Sol\u00eds con politraumatismos.<\/p>\n\n\n\n<p>La Fiscal\u00eda N\u00b0 6 de La Matanza, bajo la direcci\u00f3n de la fiscal Mariana Sogio, abri\u00f3 una investigaci\u00f3n. Seg\u00fan fuentes citadas por el medio Primer Plano Online, a\u00fan se est\u00e1n realizando las primeras pericias. La fiscal orden\u00f3 que la Gendarmer\u00eda Nacional se encargue de las investigaciones, tal como establece el protocolo en casos donde interviene personal policial provincial. Asimismo, se notific\u00f3 a la Auditor\u00eda General de Asuntos Internos (AGAI) para evaluar posibles sanciones, a pesar de la justificaci\u00f3n de las autoridades sobre la alta velocidad del patrullero.<\/p>\n\n\n\n<p class=\"has-text-align-center\"><strong><a href=\"https:\/\/chat.whatsapp.com\/KWkTmakY3I05kNdd2oZl6d\"><em>\u00daNETE A NUESTRO GRUPO DE WHATSAPP PARA ESTAR INFORMADO<\/em><\/a><\/strong><\/p>\n","protected":false},"excerpt":{"rendered":"<p>El veh\u00edculo policial impact\u00f3 a gran velocidad con otro autom\u00f3vil en Presidente Per\u00f3n e Indart, San Justo. La patrulla subi\u00f3 a la vereda y choc\u00f3 a un peat\u00f3n, que est\u00e1 grave. El siniestro fue registrado por una c\u00e1mara de seguridad. Mir\u00e1 el video del choque.<\/p>\n","protected":false},"author":3,"featured_media":62457,"comment_status":"closed","ping_status":"closed","sticky":false,"template":"","format":"standard","meta":{"jnews-multi-image_gallery":[],"jnews_single_post":{"subtitle":"","format":"standard","video":"","gallery":"","source_name":"","source_url":"","via_name":"","via_url":"","override_template":"0","override":[{"template":"4","single_blog_custom":"","parallax":"1","fullscreen":"1","layout":"right-sidebar","sidebar":"new-widget-area","second_sidebar":"default-sidebar","sticky_sidebar":"1","share_position":"top","share_float_style":"share-monocrhome","show_share_counter":"1","show_view_counter":"1","show_featured":"1","show_post_meta":"1","show_post_author":"1","show_post_author_image":"1","show_post_date":"1","post_date_format":"default","post_date_format_custom":"Y\/m\/d","show_post_category":"1","show_post_reading_time":"1","post_reading_time_wpm":"300","show_zoom_button":"1","zoom_button_out_step":"2","zoom_button_in_step":"3","show_post_tag":"1","show_prev_next_post":"1","show_popup_post":"1","number_popup_post":"1","show_author_box":"1","show_post_related":"1","show_inline_post_related":"0"}],"override_image_size":"0","image_override":[{"single_post_thumbnail_size":"crop-500","single_post_gallery_size":"crop-500"}],"trending_post":"0","trending_post_position":"meta","trending_post_label":"Trending","sponsored_post":"0","sponsored_post_label":"Sponsored by","sponsored_post_name":"","sponsored_post_url":"","sponsored_post_logo_enable":"0","sponsored_post_logo":"","sponsored_post_desc":"","disable_ad":"0"},"jnews_primary_category":{"id":"","hide":""},"jnews_social_meta":{"fb_title":"","fb_description":"","fb_image":"","twitter_title":"","twitter_description":"","twitter_image":""},"jnews_review":[],"enable_review":"0","type":"percentage","name":"","summary":"","brand":"","sku":"","good":[{"good_text":""}],"bad":[{"bad_text":""}],"score_override":"","override_value":"","rating":[{"rating_text":"","rating_number":"10"}],"price":[{"shop":"","price":"","link":"","icon":""}],"jnews_override_counter":{"override_view_counter":"0","view_counter_number":"0","override_share_counter":"0","share_counter_number":"0","override_like_counter":"0","like_counter_number":"0","override_dislike_counter":"0","dislike_counter_number":"0"},"jnews_post_split":{"enable_post_split":"0","post_split":[{"template":"1","tag":"h2","numbering":"asc","mode":"normal","first":"0","enable_toc":"0","toc_type":"normal"}]},"footnotes":""},"categories":[58,64],"tags":[433,16386,44,45,6234],"class_list":["post-62454","post","type-post","status-publish","format-standard","has-post-thumbnail","hentry","category-argentina","category-sucesos","tag-accidente","tag-accidente-automovilistico","tag-argentina","tag-noticias","tag-policia-bonaerense-3"],"amp_enabled":true,"_links":{"self":[{"href":"https:\/\/esreviral.com\/index.php?rest_route=\/wp\/v2\/posts\/62454"}],"collection":[{"href":"https:\/\/esreviral.com\/index.php?rest_route=\/wp\/v2\/posts"}],"about":[{"href":"https:\/\/esreviral.com\/index.php?rest_route=\/wp\/v2\/types\/post"}],"author":[{"embeddable":true,"href":"https:\/\/esreviral.com\/index.php?rest_route=\/wp\/v2\/users\/3"}],"replies":[{"embeddable":true,"href":"https:\/\/esreviral.com\/index.php?rest_route=%2Fwp%2Fv2%2Fcomments&post=62454"}],"version-history":[{"count":0,"href":"https:\/\/esreviral.com\/index.php?rest_route=\/wp\/v2\/posts\/62454\/revisions"}],"wp:featuredmedia":[{"embeddable":true,"href":"https:\/\/esreviral.com\/index.php?rest_route=\/wp\/v2\/media\/62457"}],"wp:attachment":[{"href":"https:\/\/esreviral.com\/index.php?rest_route=%2Fwp%2Fv2%2Fmedia&parent=62454"}],"wp:term":[{"taxonomy":"category","embeddable":true,"href":"https:\/\/esreviral.com\/index.php?rest_route=%2Fwp%2Fv2%2Fcategories&post=62454"},{"taxonomy":"post_tag","embeddable":true,"href":"https:\/\/esreviral.com\/index.php?rest_route=%2Fwp%2Fv2%2Ftags&post=62454"}],"curies":[{"name":"wp","href":"https:\/\/api.w.org\/{rel}","templated":true}]}}