{"id":62252,"date":"2024-10-10T09:01:03","date_gmt":"2024-10-10T14:01:03","guid":{"rendered":"https:\/\/esreviral.com\/?p=62252"},"modified":"2024-10-10T09:25:58","modified_gmt":"2024-10-10T14:25:58","slug":"venezolano-en-argentina-esta-en-orlando-y-vivio-el-huracan-milton-fueron-momentos-de-angustia","status":"publish","type":"post","link":"https:\/\/esreviral.com\/?p=62252","title":{"rendered":"Venezolano residente en Argentina est\u00e1 en Orlando y vivi\u00f3 el Hurac\u00e1n Milton: \u00abFueron momentos de angustia\u00bb"},"content":{"rendered":"\n<p>El venezolano Eloy Rosillo, integrante de Quiz\u00e1 Ni Vean Podcast, lleg\u00f3 a Orlando, Florida el pasado martes y la madrugada de este jueves vivi\u00f3 \u00ab<strong>momentos de angustia\u00bb con la llegada del Hurac\u00e1n Milton a la costa de Estados Unidos. <\/strong><\/p>\n\n\n\n<p>\u00abEl hurac\u00e1n se comenz\u00f3 a sentir a eso de las 11 de la noche; a la 1 de la ma\u00f1ana me qued\u00e9 dormido y a las 4:00 a.m., fue dur\u00edsimo all\u00ed si fue incre\u00edble. No pod\u00edas ni pensar. <strong>Est\u00e1bamos todos durmiendo y cuando se sinti\u00f3 el primer golpe, nos fuimos a la cocina que tiene como un muro bastante fuerte y nos pusimos all\u00ed atr\u00e1s\u00bb, <\/strong>narr\u00f3. \u00abEst\u00e1bamos esperando era que se rompiera la ventana y entrara todo el aire\u00bb.<\/p>\n\n\n\n<figure class=\"wp-block-image size-large\"><img fetchpriority=\"high\" decoding=\"async\" width=\"576\" height=\"1024\" src=\"https:\/\/esreviral.com\/wp-content\/uploads\/2024\/10\/huracan-milton-orlando-576x1024.webp\" alt=\"\" class=\"wp-image-62258\" srcset=\"https:\/\/esreviral.com\/wp-content\/uploads\/2024\/10\/huracan-milton-orlando-576x1024.webp 576w, https:\/\/esreviral.com\/wp-content\/uploads\/2024\/10\/huracan-milton-orlando-169x300.webp 169w, https:\/\/esreviral.com\/wp-content\/uploads\/2024\/10\/huracan-milton-orlando-768x1365.webp 768w, https:\/\/esreviral.com\/wp-content\/uploads\/2024\/10\/huracan-milton-orlando-864x1536.webp 864w, https:\/\/esreviral.com\/wp-content\/uploads\/2024\/10\/huracan-milton-orlando-750x1333.webp 750w, https:\/\/esreviral.com\/wp-content\/uploads\/2024\/10\/huracan-milton-orlando.webp 900w\" sizes=\"(max-width: 576px) 100vw, 576px\" \/><figcaption class=\"wp-element-caption\">Esta era la vista que ten\u00eda Eloy desde su balc\u00f3n<\/figcaption><\/figure>\n\n\n\n<p>Al momento, pensaban que el tiempo ser\u00eda eterno pero unos cinco minutos despu\u00e9s dej\u00f3 de llover y quedaban r\u00e1fagas de viento. \u00ab10 min m\u00e1s ya estaba lloviendo y haciendo viento fuerte pero normal\u00bb. <\/p>\n\n\n\n<p>Y es que, este hurac\u00e1n hasta ahora ha dejado <strong><a href=\"https:\/\/esreviral.com\/?p=62227\">cuatro personas fallecidas en Florida. <\/a><\/strong><\/p>\n\n\n\n<figure class=\"wp-block-image size-large\"><img decoding=\"async\" src=\"https:\/\/scontent.faep8-1.fna.fbcdn.net\/v\/t39.30808-6\/462198922_18463589110018876_4200322855581957456_n.jpg?_nc_cat=101&amp;ccb=1-7&amp;_nc_sid=127cfc&amp;_nc_ohc=_ssSkciqtOcQ7kNvgEhTCvL&amp;_nc_ht=scontent.faep8-1.fna&amp;_nc_gid=AhXJvORfIoDIWzDLfBu2pMh&amp;oh=00_AYBarVzLUuvB9NK_4TuKi7w5Y_e_hNwrC1okr5_T5d7rCg&amp;oe=670DB650\" alt=\"\"\/><\/figure>\n\n\n\n<blockquote class=\"twitter-tweet\"><p lang=\"es\" dir=\"ltr\">\ud83c\uddfa\ud83c\uddf8\ud83c\udf00 | El \u201cTeniente Dan\u201d, quien se se rehus\u00f3 a evacuar y pas\u00f3 el hurac\u00e1n Milton dentro de una peque\u00f1a embarcaci\u00f3n en la Bah\u00eda de Tampa, sobrevivi\u00f3 el paso del cicl\u00f3n exitosamente. <a href=\"https:\/\/t.co\/4bsSigAzw5\">pic.twitter.com\/4bsSigAzw5<\/a><\/p>&mdash; ES RE VIRAL (@esreviral) <a href=\"https:\/\/twitter.com\/esreviral\/status\/1844331077361651748?ref_src=twsrc%5Etfw\">October 10, 2024<\/a><\/blockquote> <script async src=\"https:\/\/platform.twitter.com\/widgets.js\" charset=\"utf-8\"><\/script>\n\n\n\n<p><\/p>\n","protected":false},"excerpt":{"rendered":"<p>El venezolano Eloy Rosillo, integrante de Quiz\u00e1 Ni Vean Podcast, lleg\u00f3 a Orlando, Florida el pasado martes y la madrugada de este jueves vivi\u00f3 \u00abmomentos de angustia\u00bb con la llegada del Hurac\u00e1n Milton a la costa de Estados Unidos. \u00abEl hurac\u00e1n se comenz\u00f3 a sentir a eso de las 11 de la noche; a la [&hellip;]<\/p>\n","protected":false},"author":2,"featured_media":62254,"comment_status":"closed","ping_status":"closed","sticky":false,"template":"","format":"standard","meta":{"jnews-multi-image_gallery":[],"jnews_single_post":{"subtitle":"","format":"standard","video":"","gallery":"","source_name":"","source_url":"","via_name":"","via_url":"","override_template":"0","override":[{"template":"4","single_blog_custom":"","parallax":"1","fullscreen":"1","layout":"right-sidebar","sidebar":"new-widget-area","second_sidebar":"default-sidebar","sticky_sidebar":"1","share_position":"top","share_float_style":"share-monocrhome","show_share_counter":"1","show_view_counter":"1","show_featured":"1","show_post_meta":"1","show_post_author":"1","show_post_author_image":"1","show_post_date":"1","post_date_format":"default","post_date_format_custom":"Y\/m\/d","show_post_category":"1","show_post_reading_time":"1","post_reading_time_wpm":"300","show_zoom_button":"1","zoom_button_out_step":"2","zoom_button_in_step":"3","show_post_tag":"1","show_prev_next_post":"1","show_popup_post":"1","number_popup_post":"1","show_author_box":"1","show_post_related":"1","show_inline_post_related":"0"}],"override_image_size":"0","image_override":[{"single_post_thumbnail_size":"crop-500","single_post_gallery_size":"crop-500"}],"trending_post":"0","trending_post_position":"meta","trending_post_label":"Trending","sponsored_post":"0","sponsored_post_label":"Sponsored by","sponsored_post_name":"","sponsored_post_url":"","sponsored_post_logo_enable":"0","sponsored_post_logo":"","sponsored_post_desc":"","disable_ad":"0"},"jnews_primary_category":{"id":"","hide":""},"jnews_social_meta":{"fb_title":"","fb_description":"","fb_image":"","twitter_title":"","twitter_description":"","twitter_image":""},"jnews_review":[],"enable_review":"0","type":"percentage","name":"","summary":"","brand":"","sku":"","good":[{"good_text":""}],"bad":[{"bad_text":""}],"score_override":"","override_value":"","rating":[{"rating_text":"","rating_number":"10"}],"price":[{"shop":"","price":"","link":"","icon":""}],"jnews_override_counter":{"override_view_counter":"0","view_counter_number":"0","override_share_counter":"0","share_counter_number":"0","override_like_counter":"0","like_counter_number":"0","override_dislike_counter":"0","dislike_counter_number":"0"},"jnews_post_split":{"enable_post_split":"0","post_split":[{"template":"1","tag":"h2","numbering":"asc","mode":"normal","first":"0","enable_toc":"0","toc_type":"normal"}]},"footnotes":""},"categories":[88,5892],"tags":[136,18729,45,67,12550],"class_list":["post-62252","post","type-post","status-publish","format-standard","has-post-thumbnail","hentry","category-internacionales","category-venezolanos-en-argentina","tag-estados-unidos","tag-huracan-milton","tag-noticias","tag-venezolanos-en-argentina","tag-venezolanos-en-florida"],"amp_enabled":true,"_links":{"self":[{"href":"https:\/\/esreviral.com\/index.php?rest_route=\/wp\/v2\/posts\/62252"}],"collection":[{"href":"https:\/\/esreviral.com\/index.php?rest_route=\/wp\/v2\/posts"}],"about":[{"href":"https:\/\/esreviral.com\/index.php?rest_route=\/wp\/v2\/types\/post"}],"author":[{"embeddable":true,"href":"https:\/\/esreviral.com\/index.php?rest_route=\/wp\/v2\/users\/2"}],"replies":[{"embeddable":true,"href":"https:\/\/esreviral.com\/index.php?rest_route=%2Fwp%2Fv2%2Fcomments&post=62252"}],"version-history":[{"count":0,"href":"https:\/\/esreviral.com\/index.php?rest_route=\/wp\/v2\/posts\/62252\/revisions"}],"wp:featuredmedia":[{"embeddable":true,"href":"https:\/\/esreviral.com\/index.php?rest_route=\/wp\/v2\/media\/62254"}],"wp:attachment":[{"href":"https:\/\/esreviral.com\/index.php?rest_route=%2Fwp%2Fv2%2Fmedia&parent=62252"}],"wp:term":[{"taxonomy":"category","embeddable":true,"href":"https:\/\/esreviral.com\/index.php?rest_route=%2Fwp%2Fv2%2Fcategories&post=62252"},{"taxonomy":"post_tag","embeddable":true,"href":"https:\/\/esreviral.com\/index.php?rest_route=%2Fwp%2Fv2%2Ftags&post=62252"}],"curies":[{"name":"wp","href":"https:\/\/api.w.org\/{rel}","templated":true}]}}