{"id":62197,"date":"2024-10-12T08:11:29","date_gmt":"2024-10-12T13:11:29","guid":{"rendered":"https:\/\/esreviral.com\/?p=62197"},"modified":"2024-10-12T08:11:30","modified_gmt":"2024-10-12T13:11:30","slug":"que-significa-que-me-duela-la-cabeza-a-la-noche-antes-de-ir-a-dormir","status":"publish","type":"post","link":"https:\/\/esreviral.com\/?p=62197","title":{"rendered":"Qu\u00e9 significa que me duela la cabeza a la noche antes de ir a dormir"},"content":{"rendered":"\n<p><strong>El dolor de cabeza<\/strong>, en el cuello o incluso en el cuero cabelludo son algunos de los s\u00edntomas de lo que los especialistas denominan <strong>cefalea. <\/strong>Este malestar, que suele aparecer por las noches, puede interrumpir ese momento del d\u00eda en que la rutina ha finalizado y lo \u00fanico que deseas es descansar.<\/p>\n\n\n\n<p>De acuerdo con el Instituto del Sue\u00f1o, la cefalea se caracteriza por ser un dolor intenso y persistente, a menudo relacionado con trastornos como el insomnio, la apnea obstructiva del sue\u00f1o y la narcolepsia. Estudios cient\u00edficos se\u00f1alan que los dolores de cabeza nocturnos est\u00e1n provocados por alteraciones en las estructuras neuronales que intervienen en el proceso del sue\u00f1o.<\/p>\n\n\n\n<p>En este sentido, la organizaci\u00f3n m\u00e9dica Mayo Clinic explica que el tratamiento para los dolores de cabeza nocturnos var\u00eda seg\u00fan el tipo de dolor y las causas subyacentes.<\/p>\n\n\n\n<p class=\"has-text-align-center\"><em><strong><em><strong><em><strong><a href=\"https:\/\/t.me\/esreviral\">\u00daNETE A NUESTRO CANAL DE TELEGRAM PARA ESTAR INFORMADO<\/a><\/strong><\/em><\/strong><\/em><\/strong><\/em><\/p>\n\n\n\n<figure class=\"wp-block-image size-large\"><img decoding=\"async\" src=\"https:\/\/tn.com.ar\/resizer\/v2\/la-cefalea-son-dolores-de-cabeza-de-cuello-o-cuero-cabelludo-que-se-manifiestan-por-diferentes-factores-como-estres-ansiedad-entre-otros-foto-freepik-56PJMX7HKBDPNECLSPGDJXKHHM.png?auth=b235a8d23274b1b163c7d17ce7f9e5b7aa1a00f7e3632d5c9664df16cc31e880&amp;width=1440\" alt=\"\"\/><\/figure>\n\n\n\n<p><strong><mark style=\"background-color:rgba(0, 0, 0, 0)\" class=\"has-inline-color has-vivid-red-color\">\u00bfQu\u00e9 significa el dolor de cabeza nocturno?<\/mark><\/strong><\/p>\n\n\n\n<p>Seg\u00fan la Biblioteca Nacional de Medicina, a trav\u00e9s de su portal Medline Plus, el dolor de cabeza nocturno, conocido tambi\u00e9n como cefalea, es resultado de una tensi\u00f3n muscular en la cabeza, cuero cabelludo o cuello. Esta tensi\u00f3n puede ser ocasionada por estr\u00e9s, depresi\u00f3n, traumatismos craneales o ansiedad.<\/p>\n\n\n\n<p>Adem\u00e1s, se menciona que las cefaleas pueden aparecer a cualquier edad, aunque son m\u00e1s frecuentes en adultos y adolescentes mayores.<\/p>\n\n\n\n<p><mark style=\"background-color:rgba(0, 0, 0, 0)\" class=\"has-inline-color has-vivid-red-color\"><strong>Causas del dolor de cabeza nocturno (cefalea)<\/strong>:<\/mark><\/p>\n\n\n\n<ul class=\"wp-block-list\">\n<li>Estr\u00e9s f\u00edsico o emocional<\/li>\n\n\n\n<li>Consumo excesivo de alcohol<\/li>\n\n\n\n<li>Cafe\u00edna, tanto su abuso como su abstinencia<\/li>\n\n\n\n<li>Resfriados, gripe o infecciones sinusales<\/li>\n\n\n\n<li>Problemas dentales como apretar la mand\u00edbula o rechinar los dientes<\/li>\n\n\n\n<li>Tensi\u00f3n ocular<\/li>\n\n\n\n<li>Consumo excesivo de tabaco<\/li>\n\n\n\n<li>Fatiga o esfuerzo excesivo<\/li>\n<\/ul>\n\n\n\n<p><strong><mark style=\"background-color:rgba(0, 0, 0, 0)\" class=\"has-inline-color has-vivid-red-color\">Tipos de cefalea<\/mark><\/strong><\/p>\n\n\n\n<p>Seg\u00fan los especialistas de Medline Plus, los tipos de cefalea incluyen:<\/p>\n\n\n\n<ul class=\"wp-block-list\">\n<li><strong>Cefalea de los senos paranasales<\/strong>: dolor localizado detr\u00e1s de la frente o los p\u00f3mulos.<\/li>\n\n\n\n<li><strong>Cefalea en brotes<\/strong>: se siente alrededor de un ojo.<\/li>\n\n\n\n<li><strong>Cefalea tensional<\/strong>: el dolor se asemeja a una banda que aprieta la cabeza.<\/li>\n\n\n\n<li><strong>Migra\u00f1a<\/strong>: adem\u00e1s del dolor, se presentan s\u00edntomas como n\u00e1useas y alteraciones visuales.<\/li>\n<\/ul>\n\n\n\n<p class=\"has-text-align-center\"><em><strong><a href=\"https:\/\/whatsapp.com\/channel\/0029VaAz7PmBKfhwZ5V3Gk2t\"><em>\u00daNETE A NUESTRO CANAL DE WHATSAPP PARA ESTAR INFORMADO<\/em><\/a><\/strong><\/em><\/p>\n","protected":false},"excerpt":{"rendered":"<p>La cefalea es un problema que afecta a j\u00f3venes y adultos, seg\u00fan la Biblioteca Nacional de Medicina de los Estados Unidos.<\/p>\n","protected":false},"author":3,"featured_media":62198,"comment_status":"closed","ping_status":"closed","sticky":false,"template":"","format":"standard","meta":{"jnews-multi-image_gallery":[],"jnews_single_post":{"subtitle":"","format":"standard","video":"","gallery":"","source_name":"","source_url":"","via_name":"","via_url":"","override_template":"0","override":[{"template":"4","single_blog_custom":"","parallax":"1","fullscreen":"1","layout":"right-sidebar","sidebar":"new-widget-area","second_sidebar":"default-sidebar","sticky_sidebar":"1","share_position":"top","share_float_style":"share-monocrhome","show_share_counter":"1","show_view_counter":"1","show_featured":"1","show_post_meta":"1","show_post_author":"1","show_post_author_image":"1","show_post_date":"1","post_date_format":"default","post_date_format_custom":"Y\/m\/d","show_post_category":"1","show_post_reading_time":"1","post_reading_time_wpm":"300","show_zoom_button":"1","zoom_button_out_step":"2","zoom_button_in_step":"3","show_post_tag":"1","show_prev_next_post":"1","show_popup_post":"1","number_popup_post":"1","show_author_box":"1","show_post_related":"1","show_inline_post_related":"0"}],"override_image_size":"0","image_override":[{"single_post_thumbnail_size":"crop-500","single_post_gallery_size":"crop-500"}],"trending_post":"0","trending_post_position":"meta","trending_post_label":"Trending","sponsored_post":"0","sponsored_post_label":"Sponsored by","sponsored_post_name":"","sponsored_post_url":"","sponsored_post_logo_enable":"0","sponsored_post_logo":"","sponsored_post_desc":"","disable_ad":"0"},"jnews_primary_category":{"id":"","hide":""},"jnews_social_meta":{"fb_title":"","fb_description":"","fb_image":"","twitter_title":"","twitter_description":"","twitter_image":""},"jnews_review":[],"enable_review":"0","type":"percentage","name":"","summary":"","brand":"","sku":"","good":[{"good_text":""}],"bad":[{"bad_text":""}],"score_override":"","override_value":"","rating":[{"rating_text":"","rating_number":"10"}],"price":[{"shop":"","price":"","link":"","icon":""}],"jnews_override_counter":{"override_view_counter":"0","view_counter_number":"0","override_share_counter":"0","share_counter_number":"0","override_like_counter":"0","like_counter_number":"0","override_dislike_counter":"0","dislike_counter_number":"0"},"jnews_post_split":{"enable_post_split":"0","post_split":[{"template":"1","tag":"h2","numbering":"asc","mode":"normal","first":"0","enable_toc":"0","toc_type":"normal"}]},"footnotes":""},"categories":[43,84],"tags":[18848,18847,18846,45,85,7975],"class_list":["post-62197","post","type-post","status-publish","format-standard","has-post-thumbnail","hentry","category-actualidad","category-salud","tag-cefalea","tag-dolor-de-cabeza","tag-duela-la-cabeza","tag-noticias","tag-salud","tag-sueno"],"_links":{"self":[{"href":"https:\/\/esreviral.com\/index.php?rest_route=\/wp\/v2\/posts\/62197","targetHints":{"allow":["GET"]}}],"collection":[{"href":"https:\/\/esreviral.com\/index.php?rest_route=\/wp\/v2\/posts"}],"about":[{"href":"https:\/\/esreviral.com\/index.php?rest_route=\/wp\/v2\/types\/post"}],"author":[{"embeddable":true,"href":"https:\/\/esreviral.com\/index.php?rest_route=\/wp\/v2\/users\/3"}],"replies":[{"embeddable":true,"href":"https:\/\/esreviral.com\/index.php?rest_route=%2Fwp%2Fv2%2Fcomments&post=62197"}],"version-history":[{"count":0,"href":"https:\/\/esreviral.com\/index.php?rest_route=\/wp\/v2\/posts\/62197\/revisions"}],"wp:featuredmedia":[{"embeddable":true,"href":"https:\/\/esreviral.com\/index.php?rest_route=\/wp\/v2\/media\/62198"}],"wp:attachment":[{"href":"https:\/\/esreviral.com\/index.php?rest_route=%2Fwp%2Fv2%2Fmedia&parent=62197"}],"wp:term":[{"taxonomy":"category","embeddable":true,"href":"https:\/\/esreviral.com\/index.php?rest_route=%2Fwp%2Fv2%2Fcategories&post=62197"},{"taxonomy":"post_tag","embeddable":true,"href":"https:\/\/esreviral.com\/index.php?rest_route=%2Fwp%2Fv2%2Ftags&post=62197"}],"curies":[{"name":"wp","href":"https:\/\/api.w.org\/{rel}","templated":true}]}}