{"id":62084,"date":"2024-10-08T08:50:50","date_gmt":"2024-10-08T13:50:50","guid":{"rendered":"https:\/\/esreviral.com\/?p=62084"},"modified":"2024-10-08T08:50:51","modified_gmt":"2024-10-08T13:50:51","slug":"un-menor-de-edad-fue-a-una-clinica-para-una-operacion-menor-y-se-fue-en-una-bolsa-negra","status":"publish","type":"post","link":"https:\/\/esreviral.com\/?p=62084","title":{"rendered":"Un menor de edad fue a una cl\u00ednica para una operaci\u00f3n menor y \u00abse fue en una bolsa negra\u00bb"},"content":{"rendered":"\n<p>La sociedad argentina est\u00e1 conmocionada por el caso de<strong> Facundo Barrios<\/strong>, <strong>un ni\u00f1o de apenas tres a\u00f1os que, tras una operaci\u00f3n considerada \u00abmenor\u00bb, falleci\u00f3 pocos d\u00edas despu\u00e9s. <\/strong>El incidente se remonta al 19 de septiembre, cuando los padres de Facundo lo llevaron a la <strong>Cl\u00ednica Del Sol,<\/strong> ubicada en la zona rural de Bovril. El peque\u00f1o iba a someterse a una cirug\u00eda de am\u00edgdalas y adenoides para mejorar su respiraci\u00f3n, habla y alimentaci\u00f3n.<\/p>\n\n\n\n<p>Seg\u00fan la t\u00eda de Facundo, la familia lleg\u00f3 a la cl\u00ednica a la hora acordada, pero el m\u00e9dico no apareci\u00f3 hasta dos horas despu\u00e9s. \u00ab<strong>Hab\u00eda programado cuatro cirug\u00edas para ese d\u00eda: una antes de Facundo y dos despu\u00e9s. Lleg\u00f3 a las 15, muy desprolijo<\/strong>\u00ab, relat\u00f3. La t\u00eda tambi\u00e9n record\u00f3 que el m\u00e9dico, <strong>Guillermo Riolo<\/strong>, sali\u00f3 a fumar un cigarrillo mientras la familia aguardaba. Al preguntar sobre el estado de Facundo, el m\u00e9dico respondi\u00f3: \u00abYa te lo entregan, lo est\u00e1n limpiando\u00bb, antes de regresar al quir\u00f3fano.<\/p>\n\n\n\n<p class=\"has-text-align-center\"><em><strong><a href=\"https:\/\/whatsapp.com\/channel\/0029VaAz7PmBKfhwZ5V3Gk2t\"><em>\u00daNETE A NUESTRO CANAL DE WHATSAPP PARA ESTAR INFORMADO<\/em><\/a><\/strong><\/em><\/p>\n\n\n\n<p><strong><mark style=\"background-color:rgba(0, 0, 0, 0)\" class=\"has-inline-color has-vivid-red-color\">Facundo se complic\u00f3<\/mark><\/strong><\/p>\n\n\n\n<p>M\u00e1s tarde, los padres consultaron por el estado de Facundo y les informaron que hab\u00eda sufrido \u00ab<strong>un peque\u00f1o sangrado<\/strong>\u00ab, mientras el m\u00e9dico se dirig\u00eda a un quiosco a comprar refrescos. Aproximadamente una hora despu\u00e9s, les comunicaron que deb\u00edan trasladar al ni\u00f1o a otro hospital.<\/p>\n\n\n\n<p>El personal de la cl\u00ednica indic\u00f3 que <strong>Facundo presentaba una hemorragia incontrolable debido a una lesi\u00f3n en la car\u00f3tida<\/strong>. Dado que no contaban con ambulancia ni banco de sangre, tuvieron que trasladarlo a un hospital local. \u00ab<em><strong>Llamaron a una ambulancia privada que solo ten\u00eda ox\u00edgeno. Fue con una enfermera; el m\u00e9dico fue en su auto junto a la madre. Llegaron al Sanatorio del Ni\u00f1o de Paran\u00e1 a las 19<\/strong><\/em>\u00ab, detall\u00f3 el t\u00edo de Facundo.<\/p>\n\n\n<div class=\"wp-block-image\">\n<figure class=\"aligncenter size-large\"><img decoding=\"async\" src=\"https:\/\/www.caraotadigital.net\/wp-content\/uploads\/2024\/10\/image-8.jpg\" alt=\"\"\/><\/figure><\/div>\n\n\n<p>Los m\u00e9dicos del hospital recibieron a<strong> Facundo con shock hipovol\u00e9mico provocado por un corte durante la cirug\u00eda.<\/strong> Le realizaron transfusiones de sangre y trataron de reparar la lesi\u00f3n, <strong>pero sufri\u00f3 muerte cerebral y falleci\u00f3 el mi\u00e9rcoles de la semana pasada.<\/strong><\/p>\n\n\n\n<p><strong><mark style=\"background-color:rgba(0, 0, 0, 0)\" class=\"has-inline-color has-vivid-red-color\">Piden justicia<\/mark><\/strong><\/p>\n\n\n\n<p>\u00ab<strong><em>Entr\u00f3 jugando al quir\u00f3fano y sali\u00f3 con muerte cerebral; se fue en una bolsa negra<\/em><\/strong>\u00ab, lament\u00f3 la t\u00eda de Facundo, quien, junto al resto de la familia, exige justicia y que se le<strong> retire la licencia al m\u00e9dico involucrado.<\/strong><\/p>\n\n\n\n<p>La autopsia revel\u00f3 que Facundo falleci\u00f3 por una falla multiorg\u00e1nica, aunque la familia espera el informe final para determinar si hubo negligencia m\u00e9dica o falta de capacitaci\u00f3n del personal de la cl\u00ednica.<\/p>\n\n\n\n<p>Se alega que el m\u00e9dico<em><strong> ya enfrenta tres causas penales por mala praxis y est\u00e1 mencionado en una denuncia de 2019. <\/strong><\/em>Adem\u00e1s, tiene prohibido trabajar en tres cl\u00ednicas de la ciudad de Paran\u00e1. Curiosamente, el ni\u00f1o que fue operado antes de Facundo tambi\u00e9n permanece hospitalizado.<\/p>\n\n\n\n<p class=\"has-text-align-center\"><em><strong><em><strong><em><strong><a href=\"https:\/\/t.me\/esreviral\">\u00daNETE A NUESTRO CANAL DE TELEGRAM PARA ESTAR INFORMADO<\/a><\/strong><\/em><\/strong><\/em><\/strong><\/em><\/p>\n","protected":false},"excerpt":{"rendered":"<p>Facundo ten\u00eda 3 a\u00f1os y el 19 de septiembre jugaba en la sala de espera de la Cl\u00ednica Del Sol, de Bovril, a 125 kil\u00f3metros de la ciudad de Paran\u00e1, en Entre R\u00edos. Estaba inquieto y en ayunas por una operaci\u00f3n \u00abmenor\u00bb que -se supon\u00eda- mejorar\u00eda su \u00abcalidad de vida\u00bb.<\/p>\n","protected":false},"author":3,"featured_media":62085,"comment_status":"closed","ping_status":"closed","sticky":false,"template":"","format":"standard","meta":{"jnews-multi-image_gallery":[],"jnews_single_post":{"subtitle":"","format":"standard","video":"","gallery":"","source_name":"","source_url":"","via_name":"","via_url":"","override_template":"0","override":[{"template":"4","single_blog_custom":"","parallax":"1","fullscreen":"1","layout":"right-sidebar","sidebar":"new-widget-area","second_sidebar":"default-sidebar","sticky_sidebar":"1","share_position":"top","share_float_style":"share-monocrhome","show_share_counter":"1","show_view_counter":"1","show_featured":"1","show_post_meta":"1","show_post_author":"1","show_post_author_image":"1","show_post_date":"1","post_date_format":"default","post_date_format_custom":"Y\/m\/d","show_post_category":"1","show_post_reading_time":"1","post_reading_time_wpm":"300","show_zoom_button":"1","zoom_button_out_step":"2","zoom_button_in_step":"3","show_post_tag":"1","show_prev_next_post":"1","show_popup_post":"1","number_popup_post":"1","show_author_box":"1","show_post_related":"1","show_inline_post_related":"0"}],"override_image_size":"0","image_override":[{"single_post_thumbnail_size":"crop-500","single_post_gallery_size":"crop-500"}],"trending_post":"0","trending_post_position":"meta","trending_post_label":"Trending","sponsored_post":"0","sponsored_post_label":"Sponsored by","sponsored_post_name":"","sponsored_post_url":"","sponsored_post_logo_enable":"0","sponsored_post_logo":"","sponsored_post_desc":"","disable_ad":"0"},"jnews_primary_category":{"id":"","hide":""},"jnews_social_meta":{"fb_title":"","fb_description":"","fb_image":"","twitter_title":"","twitter_description":"","twitter_image":""},"jnews_review":[],"enable_review":"0","type":"percentage","name":"","summary":"","brand":"","sku":"","good":[{"good_text":""}],"bad":[{"bad_text":""}],"score_override":"","override_value":"","rating":[{"rating_text":"","rating_number":"10"}],"price":[{"shop":"","price":"","link":"","icon":""}],"jnews_override_counter":{"override_view_counter":"0","view_counter_number":"0","override_share_counter":"0","share_counter_number":"0","override_like_counter":"0","like_counter_number":"0","override_dislike_counter":"0","dislike_counter_number":"0"},"jnews_post_split":{"enable_post_split":"0","post_split":[{"template":"1","tag":"h2","numbering":"asc","mode":"normal","first":"0","enable_toc":"0","toc_type":"normal"}]},"footnotes":""},"categories":[58,64],"tags":[44,3846,18760,18759,18761,1966,14199,1448,45],"class_list":["post-62084","post","type-post","status-publish","format-standard","has-post-thumbnail","hentry","category-argentina","category-sucesos","tag-argentina","tag-cirugia","tag-clinica-del-sol","tag-facundo-barrios","tag-guillermo-riolo","tag-mala-praxis","tag-muerto","tag-nino","tag-noticias"],"amp_enabled":true,"_links":{"self":[{"href":"https:\/\/esreviral.com\/index.php?rest_route=\/wp\/v2\/posts\/62084"}],"collection":[{"href":"https:\/\/esreviral.com\/index.php?rest_route=\/wp\/v2\/posts"}],"about":[{"href":"https:\/\/esreviral.com\/index.php?rest_route=\/wp\/v2\/types\/post"}],"author":[{"embeddable":true,"href":"https:\/\/esreviral.com\/index.php?rest_route=\/wp\/v2\/users\/3"}],"replies":[{"embeddable":true,"href":"https:\/\/esreviral.com\/index.php?rest_route=%2Fwp%2Fv2%2Fcomments&post=62084"}],"version-history":[{"count":0,"href":"https:\/\/esreviral.com\/index.php?rest_route=\/wp\/v2\/posts\/62084\/revisions"}],"wp:featuredmedia":[{"embeddable":true,"href":"https:\/\/esreviral.com\/index.php?rest_route=\/wp\/v2\/media\/62085"}],"wp:attachment":[{"href":"https:\/\/esreviral.com\/index.php?rest_route=%2Fwp%2Fv2%2Fmedia&parent=62084"}],"wp:term":[{"taxonomy":"category","embeddable":true,"href":"https:\/\/esreviral.com\/index.php?rest_route=%2Fwp%2Fv2%2Fcategories&post=62084"},{"taxonomy":"post_tag","embeddable":true,"href":"https:\/\/esreviral.com\/index.php?rest_route=%2Fwp%2Fv2%2Ftags&post=62084"}],"curies":[{"name":"wp","href":"https:\/\/api.w.org\/{rel}","templated":true}]}}