{"id":62041,"date":"2024-10-07T11:55:57","date_gmt":"2024-10-07T16:55:57","guid":{"rendered":"https:\/\/esreviral.com\/?p=62041"},"modified":"2024-10-07T11:55:58","modified_gmt":"2024-10-07T16:55:58","slug":"espana-recibio-a-venezolanos-deportados-desde-islandia","status":"publish","type":"post","link":"https:\/\/esreviral.com\/?p=62041","title":{"rendered":"Espa\u00f1a recibi\u00f3 a venezolanos deportados desde Islandia"},"content":{"rendered":"\n<p><strong>Espa\u00f1a acogi\u00f3 este domingo a un grupo de venezolanos deportados desde Islandia<\/strong>, luego de que sus solicitudes de protecci\u00f3n internacional fueran rechazadas por el pa\u00eds n\u00f3rdico.<\/p>\n\n\n\n<p>La negaci\u00f3n de asilos a venezolanos en Islandia fue denunciada por Antonio Ledezma, exalcalde metropolitano de Caracas y exiliado en Espa\u00f1a, quien explic\u00f3 que<strong>&nbsp;los migrantes fueron forzados a firmar documentos de retorno voluntario<\/strong>, un proceso que, a su juicio, fue realizado bajo coacci\u00f3n por parte de las autoridades islandesas.<\/p>\n\n\n\n<p>Este grupo de migrantes venezolanos tem\u00eda ser enviado de regreso a su pa\u00eds de origen, lo que habr\u00eda constituido una violaci\u00f3n al principio de no devoluci\u00f3n, establecido en el derecho internacional para proteger a los solicitantes de asilo.<\/p>\n\n\n\n<p class=\"has-text-align-center\"><em><strong><a href=\"https:\/\/whatsapp.com\/channel\/0029VaAz7PmBKfhwZ5V3Gk2t\"><em>\u00daNETE A NUESTRO CANAL DE WHATSAPP PARA ESTAR INFORMADO<\/em><\/a><\/strong><\/em><\/p>\n\n\n\n<p><strong><mark style=\"background-color:rgba(0, 0, 0, 0)\" class=\"has-inline-color has-vivid-red-color\">Venezolanos deportados de Islandia solicitaran asilo en Espa\u00f1a<\/mark><\/strong><\/p>\n\n\n\n<p><strong>Ya en Espa\u00f1a, los migrantes iniciar\u00e1n un nuevo proceso para solicitar asilo.<\/strong>&nbsp;Ledezma se\u00f1al\u00f3 que sus abogados presentar\u00e1n una denuncia por la violaci\u00f3n del Tratado de Dubl\u00edn, un acuerdo europeo que establece los criterios y mecanismos para determinar qu\u00e9 Estado es responsable de tramitar las solicitudes de asilo.<\/p>\n\n\n\n<p>Adem\u00e1s, destacaron el trato respetuoso que recibieron por parte de la Polic\u00eda Nacional espa\u00f1ola.<\/p>\n\n\n\n<p>El caso de Betsy Contreras Garc\u00eda, una venezolana que pidi\u00f3 protecci\u00f3n en Islandia, hab\u00eda sido reportado d\u00edas antes por el propio Antonio Ledezma, quien denunci\u00f3 que fue detenida por la polic\u00eda de la referida naci\u00f3n tras solicitar asilo.<\/p>\n\n\n\n<p>\u201cHuyen buscando un poco de paz y no reciben el trato humanitario que les corresponde\u201d, lament\u00f3 el exalcalde.<\/p>\n\n\n\n<p class=\"has-text-align-center\"><em><strong><em><strong><em><strong><a href=\"https:\/\/t.me\/esreviral\">\u00daNETE A NUESTRO CANAL DE TELEGRAM PARA ESTAR INFORMADO<\/a><\/strong><\/em><\/strong><\/em><\/strong><\/em><\/p>\n","protected":false},"excerpt":{"rendered":"<p>A los ciudadanos venezolanos se les neg\u00f3 el asilo en el pa\u00eds n\u00f3rdico y fueron forzados a firmar documentos de retorno voluntario, seg\u00fan denunci\u00f3 el exalcalde metropolitano Antonio Ledezma<\/p>\n","protected":false},"author":3,"featured_media":62043,"comment_status":"closed","ping_status":"closed","sticky":false,"template":"","format":"standard","meta":{"jnews-multi-image_gallery":[],"jnews_single_post":{"subtitle":"","format":"standard","video":"","gallery":"","source_name":"","source_url":"","via_name":"","via_url":"","override_template":"0","override":[{"template":"4","single_blog_custom":"","parallax":"1","fullscreen":"1","layout":"right-sidebar","sidebar":"new-widget-area","second_sidebar":"default-sidebar","sticky_sidebar":"1","share_position":"top","share_float_style":"share-monocrhome","show_share_counter":"1","show_view_counter":"1","show_featured":"1","show_post_meta":"1","show_post_author":"1","show_post_author_image":"1","show_post_date":"1","post_date_format":"default","post_date_format_custom":"Y\/m\/d","show_post_category":"1","show_post_reading_time":"1","post_reading_time_wpm":"300","show_zoom_button":"1","zoom_button_out_step":"2","zoom_button_in_step":"3","show_post_tag":"1","show_prev_next_post":"1","show_popup_post":"1","number_popup_post":"1","show_author_box":"1","show_post_related":"1","show_inline_post_related":"0"}],"override_image_size":"0","image_override":[{"single_post_thumbnail_size":"crop-500","single_post_gallery_size":"crop-500"}],"trending_post":"0","trending_post_position":"meta","trending_post_label":"Trending","sponsored_post":"0","sponsored_post_label":"Sponsored by","sponsored_post_name":"","sponsored_post_url":"","sponsored_post_logo_enable":"0","sponsored_post_logo":"","sponsored_post_desc":"","disable_ad":"0"},"jnews_primary_category":{"id":"","hide":""},"jnews_social_meta":{"fb_title":"","fb_description":"","fb_image":"","twitter_title":"","twitter_description":"","twitter_image":""},"jnews_review":[],"enable_review":"0","type":"percentage","name":"","summary":"","brand":"","sku":"","good":[{"good_text":""}],"bad":[{"bad_text":""}],"score_override":"","override_value":"","rating":[{"rating_text":"","rating_number":"10"}],"price":[{"shop":"","price":"","link":"","icon":""}],"jnews_override_counter":{"override_view_counter":"0","view_counter_number":"0","override_share_counter":"0","share_counter_number":"0","override_like_counter":"0","like_counter_number":"0","override_dislike_counter":"0","dislike_counter_number":"0"},"jnews_post_split":{"enable_post_split":"0","post_split":[{"template":"1","tag":"h2","numbering":"asc","mode":"normal","first":"0","enable_toc":"0","toc_type":"normal"}]},"footnotes":""},"categories":[54,88],"tags":[148,18728,2052,45,12448],"class_list":["post-62041","post","type-post","status-publish","format-standard","has-post-thumbnail","hentry","category-inmigracion","category-internacionales","tag-espana","tag-islandia","tag-migrantes-venezolanos","tag-noticias","tag-venezolanos-deportados"],"amp_enabled":true,"_links":{"self":[{"href":"https:\/\/esreviral.com\/index.php?rest_route=\/wp\/v2\/posts\/62041"}],"collection":[{"href":"https:\/\/esreviral.com\/index.php?rest_route=\/wp\/v2\/posts"}],"about":[{"href":"https:\/\/esreviral.com\/index.php?rest_route=\/wp\/v2\/types\/post"}],"author":[{"embeddable":true,"href":"https:\/\/esreviral.com\/index.php?rest_route=\/wp\/v2\/users\/3"}],"replies":[{"embeddable":true,"href":"https:\/\/esreviral.com\/index.php?rest_route=%2Fwp%2Fv2%2Fcomments&post=62041"}],"version-history":[{"count":0,"href":"https:\/\/esreviral.com\/index.php?rest_route=\/wp\/v2\/posts\/62041\/revisions"}],"wp:featuredmedia":[{"embeddable":true,"href":"https:\/\/esreviral.com\/index.php?rest_route=\/wp\/v2\/media\/62043"}],"wp:attachment":[{"href":"https:\/\/esreviral.com\/index.php?rest_route=%2Fwp%2Fv2%2Fmedia&parent=62041"}],"wp:term":[{"taxonomy":"category","embeddable":true,"href":"https:\/\/esreviral.com\/index.php?rest_route=%2Fwp%2Fv2%2Fcategories&post=62041"},{"taxonomy":"post_tag","embeddable":true,"href":"https:\/\/esreviral.com\/index.php?rest_route=%2Fwp%2Fv2%2Ftags&post=62041"}],"curies":[{"name":"wp","href":"https:\/\/api.w.org\/{rel}","templated":true}]}}