{"id":61981,"date":"2024-10-07T06:50:58","date_gmt":"2024-10-07T11:50:58","guid":{"rendered":"https:\/\/esreviral.com\/?p=61981"},"modified":"2024-10-07T08:33:13","modified_gmt":"2024-10-07T13:33:13","slug":"paro-en-la-linea-c-de-subte-cuanto-durara-y-a-que-hora-se-restablecera-el-servicio","status":"publish","type":"post","link":"https:\/\/esreviral.com\/?p=61981","title":{"rendered":"Se restableci\u00f3 el servicio en la l\u00ednea C del subte luego de dos horas de paro"},"content":{"rendered":"\n<p><strong>El servicio de la l\u00ednea C del subte se reanud\u00f3 minutos despu\u00e9s de las 9:30 de este lunes<\/strong>, tras haber sido interrumpido por dos horas debido a un paro sorpresivo convocado por los Metrodelegados en respuesta a <strong>la agresi\u00f3n sufrida por un trabajador.<\/strong><\/p>\n\n\n\n<p>La medida de fuerza fue anunciada poco despu\u00e9s de las 8:00 a trav\u00e9s de la cuenta oficial de Emova, la empresa operadora del Subte y Premetro. \u00ab<strong><em>Servicio interrumpido por medida de fuerza gremial<\/em><\/strong>\u00ab, publicaron en la red social X (antes Twitter). Adem\u00e1s, la empresa aclar\u00f3: \u00abEste tipo de medidas no son decisi\u00f3n de la compa\u00f1\u00eda, y lamentamos que afecten la movilidad de los usuarios en un horario tan sensible\u00bb.<\/p>\n\n\n\n<p class=\"has-text-align-center\"><em><strong><em><strong><em><strong><a href=\"https:\/\/t.me\/esreviral\">\u00daNETE A NUESTRO CANAL DE TELEGRAM PARA ESTAR INFORMADO<\/a><\/strong><\/em><\/strong><\/em><\/strong><\/em><\/p>\n\n\n\n<blockquote class=\"twitter-tweet\"><p lang=\"es\" dir=\"ltr\"><a href=\"https:\/\/twitter.com\/hashtag\/L%C3%ADneaC?src=hash&amp;ref_src=twsrc%5Etfw\">#L\u00edneaC<\/a> &#8211; Servicio interrumpido por medida de fuerza gremial.<\/p>&mdash; Emova &#8211; Concesionario del Subte de Buenos Aires (@Emova_arg) <a href=\"https:\/\/twitter.com\/Emova_arg\/status\/1843245432962756742?ref_src=twsrc%5Etfw\">October 7, 2024<\/a><\/blockquote> <script async src=\"https:\/\/platform.twitter.com\/widgets.js\" charset=\"utf-8\"><\/script>\n\n\n\n<p>El paro fue provocado por la agresi\u00f3n a un conductor de la l\u00ednea C en la estaci\u00f3n Constituci\u00f3n, una de las cabeceras del ramal. Seg\u00fan inform\u00f3 <em>Clar\u00edn<\/em>, el incidente ocurri\u00f3 alrededor de las 5:40, cuando un pasajero agredi\u00f3 al motorman despu\u00e9s de que se informara por altavoces que deb\u00edan cambiar de formaci\u00f3n debido a un problema t\u00e9cnico.<\/p>\n\n\n\n<p>Tras conocerse el ataque, la Asociaci\u00f3n Gremial de Trabajadores del Subterr\u00e1neo y Premetro (AGTSyP) decidi\u00f3 suspender la circulaci\u00f3n de trenes y cerrar los accesos a las estaciones de la l\u00ednea C. Aunque en un principio se desconoc\u00eda la duraci\u00f3n de la medida, los gremios anunciaron que el servicio se<strong> restablecer\u00eda una vez garantizada la seguridad de los trabajadores.<\/strong><\/p>\n\n\n\n<p>Ante la interrupci\u00f3n, el Gobierno de la Ciudad de Buenos Aires inform\u00f3 sobre alternativas de movilidad dentro de la red de subtes para los usuarios afectados. A pesar del paro en la l\u00ednea C, que conecta Constituci\u00f3n con Retiro, <strong>el resto de las l\u00edneas de subte operaron con normalidad<\/strong>, seg\u00fan inform\u00f3 Emova.<\/p>\n\n\n\n<blockquote class=\"twitter-tweet\"><p lang=\"es\" dir=\"ltr\"><a href=\"https:\/\/twitter.com\/hashtag\/L%C3%ADneaC?src=hash&amp;ref_src=twsrc%5Etfw\">#L\u00edneaC<\/a> &#8211; Presta su servicio completo entre cabeceras normalizando su frecuencia habitual.<\/p>&mdash; Emova &#8211; Concesionario del Subte de Buenos Aires (@Emova_arg) <a href=\"https:\/\/twitter.com\/Emova_arg\/status\/1843269540245020913?ref_src=twsrc%5Etfw\">October 7, 2024<\/a><\/blockquote> <script async src=\"https:\/\/platform.twitter.com\/widgets.js\" charset=\"utf-8\"><\/script>\n\n\n\n<p>\u00abEstoy esperando hace 45 minutos. Fui a la parada de colectivos y est\u00e1 llena de gente, es imposible tomarse uno\u00bb, relat\u00f3 un pasajero afectado por la medida.<\/p>\n\n\n\n<p>Finalmente, minutos despu\u00e9s de las 9:30, sali\u00f3 la primera formaci\u00f3n desde la estaci\u00f3n Constituci\u00f3n, y el servicio comenz\u00f3 a normalizarse en todas las estaciones de la l\u00ednea C.<\/p>\n\n\n\n<p class=\"has-text-align-center\"><em><strong><a href=\"https:\/\/whatsapp.com\/channel\/0029VaAz7PmBKfhwZ5V3Gk2t\"><em>\u00daNETE A NUESTRO CANAL DE WHATSAPP PARA ESTAR INFORMADO<\/em><\/a><\/strong><\/em><\/p>\n","protected":false},"excerpt":{"rendered":"<p>Los trabajadores interrumpieron el servicio antes de las 8 de este lunes, luego de que un guarda sufriera una agresi\u00f3n en las \u00faltimas horas.<\/p>\n","protected":false},"author":3,"featured_media":61982,"comment_status":"closed","ping_status":"closed","sticky":false,"template":"","format":"standard","meta":{"jnews-multi-image_gallery":[],"jnews_single_post":{"subtitle":"","format":"standard","video":"","gallery":"","source_name":"","source_url":"","via_name":"","via_url":"","override_template":"0","override":[{"template":"4","single_blog_custom":"","parallax":"1","fullscreen":"1","layout":"right-sidebar","sidebar":"new-widget-area","second_sidebar":"default-sidebar","sticky_sidebar":"1","share_position":"top","share_float_style":"share-monocrhome","show_share_counter":"1","show_view_counter":"1","show_featured":"1","show_post_meta":"1","show_post_author":"1","show_post_author_image":"1","show_post_date":"1","post_date_format":"default","post_date_format_custom":"Y\/m\/d","show_post_category":"1","show_post_reading_time":"1","post_reading_time_wpm":"300","show_zoom_button":"1","zoom_button_out_step":"2","zoom_button_in_step":"3","show_post_tag":"1","show_prev_next_post":"1","show_popup_post":"1","number_popup_post":"1","show_author_box":"1","show_post_related":"1","show_inline_post_related":"0"}],"override_image_size":"0","image_override":[{"single_post_thumbnail_size":"crop-500","single_post_gallery_size":"crop-500"}],"trending_post":"0","trending_post_position":"meta","trending_post_label":"Trending","sponsored_post":"0","sponsored_post_label":"Sponsored by","sponsored_post_name":"","sponsored_post_url":"","sponsored_post_logo_enable":"0","sponsored_post_logo":"","sponsored_post_desc":"","disable_ad":"0"},"jnews_primary_category":{"id":"","hide":""},"jnews_social_meta":{"fb_title":"","fb_description":"","fb_image":"","twitter_title":"","twitter_description":"","twitter_image":""},"jnews_review":[],"enable_review":"0","type":"percentage","name":"","summary":"","brand":"","sku":"","good":[{"good_text":""}],"bad":[{"bad_text":""}],"score_override":"","override_value":"","rating":[{"rating_text":"","rating_number":"10"}],"price":[{"shop":"","price":"","link":"","icon":""}],"jnews_override_counter":{"override_view_counter":"0","view_counter_number":"0","override_share_counter":"0","share_counter_number":"0","override_like_counter":"0","like_counter_number":"0","override_dislike_counter":"0","dislike_counter_number":"0"},"jnews_post_split":{"enable_post_split":"0","post_split":[{"template":"1","tag":"h2","numbering":"asc","mode":"normal","first":"0","enable_toc":"0","toc_type":"normal"}]},"footnotes":""},"categories":[58],"tags":[5576,7548,1387,290,5273],"class_list":["post-61981","post","type-post","status-publish","format-standard","has-post-thumbnail","hentry","category-argentina","tag-linea-c","tag-linea-c-2","tag-paro","tag-subte","tag-transporte-publico-2"],"amp_enabled":true,"_links":{"self":[{"href":"https:\/\/esreviral.com\/index.php?rest_route=\/wp\/v2\/posts\/61981"}],"collection":[{"href":"https:\/\/esreviral.com\/index.php?rest_route=\/wp\/v2\/posts"}],"about":[{"href":"https:\/\/esreviral.com\/index.php?rest_route=\/wp\/v2\/types\/post"}],"author":[{"embeddable":true,"href":"https:\/\/esreviral.com\/index.php?rest_route=\/wp\/v2\/users\/3"}],"replies":[{"embeddable":true,"href":"https:\/\/esreviral.com\/index.php?rest_route=%2Fwp%2Fv2%2Fcomments&post=61981"}],"version-history":[{"count":0,"href":"https:\/\/esreviral.com\/index.php?rest_route=\/wp\/v2\/posts\/61981\/revisions"}],"wp:featuredmedia":[{"embeddable":true,"href":"https:\/\/esreviral.com\/index.php?rest_route=\/wp\/v2\/media\/61982"}],"wp:attachment":[{"href":"https:\/\/esreviral.com\/index.php?rest_route=%2Fwp%2Fv2%2Fmedia&parent=61981"}],"wp:term":[{"taxonomy":"category","embeddable":true,"href":"https:\/\/esreviral.com\/index.php?rest_route=%2Fwp%2Fv2%2Fcategories&post=61981"},{"taxonomy":"post_tag","embeddable":true,"href":"https:\/\/esreviral.com\/index.php?rest_route=%2Fwp%2Fv2%2Ftags&post=61981"}],"curies":[{"name":"wp","href":"https:\/\/api.w.org\/{rel}","templated":true}]}}