{"id":61870,"date":"2024-10-03T15:51:58","date_gmt":"2024-10-03T20:51:58","guid":{"rendered":"https:\/\/esreviral.com\/?p=61870"},"modified":"2024-10-03T15:51:59","modified_gmt":"2024-10-03T20:51:59","slug":"eminem-sera-abuelo-rapero-anuncio-el-embarazo-de-su-hija-en-el-emotivo-videoclip","status":"publish","type":"post","link":"https:\/\/esreviral.com\/?p=61870","title":{"rendered":"\u00a1Eminem ser\u00e1 abuelo! Rapero anunci\u00f3 el embarazo de su hija en el emotivo videoclip"},"content":{"rendered":"\n<p><strong>Eminem est\u00e1 a punto de asumir un nuevo rol en su vida: ser\u00e1 abuelo.<\/strong><\/p>\n\n\n\n<p>El rapero anunci\u00f3 que su <strong>hija Hailie Jade, de 28 a\u00f1os de edad, est\u00e1 esperando su primer hijo. <\/strong>La noticia fue revelada este jueves a trav\u00e9s de un <strong>nuevo video musical de su canci\u00f3n \u00abTemporary\u00bb, en colaboraci\u00f3n con Skylar Grey.<\/strong><\/p>\n\n\n\n<p>En un emotivo momento del video, Jade, quien tambi\u00e9n es artista musical y podcaster, le entrega a su padre una camiseta azul con la palabra \u00abAbuelo\u00bb en la parte posterior. Eminem, sorprendido, sostiene una foto del ecograf\u00eda mientras Jade sonr\u00ede y se r\u00ede ante la reacci\u00f3n de su padre.<\/p>\n\n\n\n<blockquote class=\"twitter-tweet\"><p lang=\"es\" dir=\"ltr\">\u00a1EMINEN VA A SER ABUELO! \ud83d\udca5<br><br>\ud83c\udf89 El rapero anunci\u00f3 que su hija Hailie Jade, de 28 a\u00f1os de edad, est\u00e1 esperando su primer hijo. Lo comunic\u00f3 hoy a trav\u00e9s de un nuevo video musical para su canci\u00f3n \u201cTemporary\u201d, con Skylar Grey. <a href=\"https:\/\/t.co\/47r57K3i2f\">pic.twitter.com\/47r57K3i2f<\/a><\/p>&mdash; ES RE VIRAL (@esreviral) <a href=\"https:\/\/twitter.com\/esreviral\/status\/1841940471574364216?ref_src=twsrc%5Etfw\">October 3, 2024<\/a><\/blockquote> <script async src=\"https:\/\/platform.twitter.com\/widgets.js\" charset=\"utf-8\"><\/script>\n\n\n\n<p>El video musical combina videos caseros de la infancia de Jade y momentos especiales entre padre e hija, intercalados con im\u00e1genes de su reciente boda con su esposo, Evan McClintock.<\/p>\n\n\n\n<p>Eminem le dedic\u00f3 la canci\u00f3n a Jade, con letras que reflejan el ciclo de la vida: \u00ab<strong><em>As\u00ed que, Hailie Jade, escrib\u00ed esta canci\u00f3n para ayudarte a seguir adelante cuando yo ya no est\u00e9.<\/em><\/strong>\u00ab<\/p>\n\n\n\n<p><strong>Jade y McClintock<\/strong> han estado juntos desde 2016. Anunciaron su compromiso en febrero de 2023 y se casaron en mayo. \u00abDespertando como esposa esta semana\u00bb, escribi\u00f3 Jade en su cuenta de Instagram tras la boda. \u00abNo podr\u00edamos haber tenido una celebraci\u00f3n m\u00e1s hermosa. Lloramos de felicidad, re\u00edmos y sonre\u00edmos mucho, y nos sentimos rodeados de amor.\u00bb<\/p>\n\n\n\n<p>Este ser\u00e1 el primer hijo para la pareja.<\/p>\n\n\n\n<p class=\"has-text-align-center\"><em><strong><em><strong><em><strong><a href=\"https:\/\/t.me\/esreviral\">\u00daNETE A NUESTRO CANAL DE TELEGRAM PARA ESTAR INFORMADO<\/a><\/strong><\/em><\/strong><\/em><\/strong><\/em><\/p>\n\n\n\n<p class=\"has-text-align-center\"><em><strong><a href=\"https:\/\/whatsapp.com\/channel\/0029VaAz7PmBKfhwZ5V3Gk2t\"><em>\u00daNETE A NUESTRO CANAL DE WHATSAPP PARA ESTAR INFORMADO<\/em><\/a><\/strong><\/em><\/p>\n","protected":false},"excerpt":{"rendered":"<p>En el videoclip tambi\u00e9n se ven im\u00e1genes in\u00e9ditas de la boda de Hailie Jade Scott donde Eminem no puede contener las l\u00e1grimas al ver a su hija vestida de novia. La leyenda del rap muestra un lado m\u00e1s \u00edntimo con esta canci\u00f3n, mientras celebra su nueva etapa familiar.<\/p>\n","protected":false},"author":3,"featured_media":61871,"comment_status":"closed","ping_status":"closed","sticky":false,"template":"","format":"standard","meta":{"jnews-multi-image_gallery":[],"jnews_single_post":{"subtitle":"","format":"standard","video":"","gallery":"","source_name":"","source_url":"","via_name":"","via_url":"","override_template":"0","override":[{"template":"4","single_blog_custom":"","parallax":"1","fullscreen":"1","layout":"right-sidebar","sidebar":"new-widget-area","second_sidebar":"default-sidebar","sticky_sidebar":"1","share_position":"top","share_float_style":"share-monocrhome","show_share_counter":"1","show_view_counter":"1","show_featured":"1","show_post_meta":"1","show_post_author":"1","show_post_author_image":"1","show_post_date":"1","post_date_format":"default","post_date_format_custom":"Y\/m\/d","show_post_category":"1","show_post_reading_time":"1","post_reading_time_wpm":"300","show_zoom_button":"1","zoom_button_out_step":"2","zoom_button_in_step":"3","show_post_tag":"1","show_prev_next_post":"1","show_popup_post":"1","number_popup_post":"1","show_author_box":"1","show_post_related":"1","show_inline_post_related":"0"}],"override_image_size":"0","image_override":[{"single_post_thumbnail_size":"crop-500","single_post_gallery_size":"crop-500"}],"trending_post":"0","trending_post_position":"meta","trending_post_label":"Trending","sponsored_post":"0","sponsored_post_label":"Sponsored by","sponsored_post_name":"","sponsored_post_url":"","sponsored_post_logo_enable":"0","sponsored_post_logo":"","sponsored_post_desc":"","disable_ad":"0"},"jnews_primary_category":{"id":"","hide":""},"jnews_social_meta":{"fb_title":"","fb_description":"","fb_image":"","twitter_title":"","twitter_description":"","twitter_image":""},"jnews_review":[],"enable_review":"0","type":"percentage","name":"","summary":"","brand":"","sku":"","good":[{"good_text":""}],"bad":[{"bad_text":""}],"score_override":"","override_value":"","rating":[{"rating_text":"","rating_number":"10"}],"price":[{"shop":"","price":"","link":"","icon":""}],"jnews_override_counter":{"override_view_counter":"0","view_counter_number":"0","override_share_counter":"0","share_counter_number":"0","override_like_counter":"0","like_counter_number":"0","override_dislike_counter":"0","dislike_counter_number":"0"},"jnews_post_split":{"enable_post_split":"0","post_split":[{"template":"1","tag":"h2","numbering":"asc","mode":"normal","first":"0","enable_toc":"0","toc_type":"normal"}]},"footnotes":""},"categories":[50],"tags":[7010,18636,45,2663,13502,7380],"class_list":["post-61870","post","type-post","status-publish","format-standard","has-post-thumbnail","hentry","category-entretenimiento","tag-eminem","tag-emotivo-videoclip","tag-noticias","tag-primer-hijo","tag-rapero","tag-videoclip"],"_links":{"self":[{"href":"https:\/\/esreviral.com\/index.php?rest_route=\/wp\/v2\/posts\/61870","targetHints":{"allow":["GET"]}}],"collection":[{"href":"https:\/\/esreviral.com\/index.php?rest_route=\/wp\/v2\/posts"}],"about":[{"href":"https:\/\/esreviral.com\/index.php?rest_route=\/wp\/v2\/types\/post"}],"author":[{"embeddable":true,"href":"https:\/\/esreviral.com\/index.php?rest_route=\/wp\/v2\/users\/3"}],"replies":[{"embeddable":true,"href":"https:\/\/esreviral.com\/index.php?rest_route=%2Fwp%2Fv2%2Fcomments&post=61870"}],"version-history":[{"count":0,"href":"https:\/\/esreviral.com\/index.php?rest_route=\/wp\/v2\/posts\/61870\/revisions"}],"wp:featuredmedia":[{"embeddable":true,"href":"https:\/\/esreviral.com\/index.php?rest_route=\/wp\/v2\/media\/61871"}],"wp:attachment":[{"href":"https:\/\/esreviral.com\/index.php?rest_route=%2Fwp%2Fv2%2Fmedia&parent=61870"}],"wp:term":[{"taxonomy":"category","embeddable":true,"href":"https:\/\/esreviral.com\/index.php?rest_route=%2Fwp%2Fv2%2Fcategories&post=61870"},{"taxonomy":"post_tag","embeddable":true,"href":"https:\/\/esreviral.com\/index.php?rest_route=%2Fwp%2Fv2%2Ftags&post=61870"}],"curies":[{"name":"wp","href":"https:\/\/api.w.org\/{rel}","templated":true}]}}