{"id":61783,"date":"2024-10-02T11:44:12","date_gmt":"2024-10-02T16:44:12","guid":{"rendered":"https:\/\/esreviral.com\/?p=61783"},"modified":"2024-10-02T13:02:14","modified_gmt":"2024-10-02T18:02:14","slug":"el-gobierno-decidio-que-evo-morales-no-seguira-siendo-refugiado-politico-en-la-argentina","status":"publish","type":"post","link":"https:\/\/esreviral.com\/?p=61783","title":{"rendered":"El Gobierno decidi\u00f3 que Evo Morales no seguir\u00e1 siendo refugiado pol\u00edtico en la Argentina"},"content":{"rendered":"\n<p>El Gobierno le quit\u00f3 el\u00a0<strong>estatus\u00a0<\/strong>de<strong>\u00a0refugiado<\/strong>\u00a0pol\u00edtico al expresidente de Bolivia,\u00a0<strong>Evo Morales<\/strong>. La decisi\u00f3n fue comunicada por el vocero presidencial,\u00a0<strong>Manuel Adorni<\/strong>, a trav\u00e9s de las redes sociales.<\/p>\n\n\n\n<p>\u201c<strong>Se ha dado por finalizada la condici\u00f3n de refugiado de Juan Evo Morales Ayma<\/strong>. Fin\u201d, relat\u00f3 Adorni en X (antes Twitter). En 2019, Morales hab\u00eda llegado a<strong>\u00a0la Argentina\u00a0<\/strong>como refugiado, condici\u00f3n que le otorg\u00f3 la gesti\u00f3n de Alberto Fern\u00e1ndez.<\/p>\n\n\n\n<p>En ese entonces, el gobierno de Fern\u00e1ndez no reconoc\u00eda a la administraci\u00f3n de Jeanine \u00c1\u00f1ez. En diciembre de 2019, el exmandatario de Bolivia aterriz\u00f3 en Buenos Aires con cuatro exfuncionarios de su gabinete, entre estos su exvicepresidente, \u00c1lvaro Garc\u00eda Linera; la ex ministra Gabriela Monta\u00f1o y el exembajador de Bolivia ante la OEA.<\/p>\n\n\n\n<blockquote class=\"twitter-tweet\"><p lang=\"es\" dir=\"ltr\">Se ha dado por finalizada la condici\u00f3n de refugiado de Juan Evo Morales Ayma.<br><br>Fin.<\/p>&mdash; Manuel Adorni (@madorni) <a href=\"https:\/\/twitter.com\/madorni\/status\/1841514763315978287?ref_src=twsrc%5Etfw\">October 2, 2024<\/a><\/blockquote> <script async src=\"https:\/\/platform.twitter.com\/widgets.js\" charset=\"utf-8\"><\/script>\n\n\n\n<p>Evo Morales hab\u00eda renunciado&nbsp;<strong>a la presidencia por la profunda crisis pol\u00edtica desatada tras las controvertidas elecciones del 20 de octubre del 2019<\/strong>, en medio de denuncias de fraude de parte de la oposici\u00f3n y enfrentamientos en las calles.<\/p>\n\n\n\n<p><strong><mark style=\"background-color:rgba(0, 0, 0, 0)\" class=\"has-inline-color has-vivid-red-color\">C\u00f3mo fue la llegada de Evo Morales a la Argentina como refugiado pol\u00edtico<\/mark><\/strong><\/p>\n\n\n\n<p>El 12 de diciembre de 2019, dos d\u00edas despu\u00e9s de que dejara la presidencia Mauricio Macri, el Ministerio de Relaciones Exteriores, Comercio Internacional y Culto le otorg\u00f3 asilo a&nbsp;<strong>Evo Morales<\/strong>, expresidente de Bolivia y a cuatro exmiembros de su gesti\u00f3n. Entre ellos se encontraban: su exvicepresidente, \u00c1lvaro Garc\u00eda Linera; la ex ministra Gabriela Monta\u00f1o y el exembajador de Bolivia ante la OEA.<\/p>\n\n\n<div class=\"wp-block-image\">\n<figure class=\"aligncenter\"><img decoding=\"async\" src=\"https:\/\/tn.com.ar\/resizer\/v2\/alberto-fernandez-y-evo-morales-foto-ap-raul-martinez-KURJJTVMDIF4WDEQQYYBCMLYAQ.jpg?auth=d7e582fd7ba3f1b85840fba700624647539c7b5c68b758135acdb923309262ef&amp;width=767\" alt=\"Alberto Fern\u00e1ndez y Evo Morales. (Foto: AP\/ Ra\u00fal Mart\u00ednez)\"\/><\/figure><\/div>\n\n\n<p>Una semana m\u00e1s tarde, ya en suelo argentino, Morales empez\u00f3 los tr\u00e1mites formales con los que consigui\u00f3&nbsp;<strong>el estatus definitivo de refugiado<\/strong>. Antes de su llegada a la Argentina, el exmandatario boliviano se asil\u00f3 en M\u00e9xico, luego viaj\u00f3 a Cuba y se dirigi\u00f3 a la Argentina.<\/p>\n\n\n\n<p>Dos a\u00f1os despu\u00e9s de su condici\u00f3n como refugiado en la Argentina, el exmandatario boliviano record\u00f3 su salida del poder, que&nbsp;<strong>calific\u00f3 como un claro golpe de Estado<\/strong>, y su huida de Bolivia, critic\u00f3 a los medios de comunicaci\u00f3n y a los gobiernos de las principales potencias mundiales, y&nbsp;<strong>agradeci\u00f3 a Alberto Fern\u00e1ndez su ayuda<\/strong>&nbsp;en noviembre del 2019. \u201c<strong>Me salvaron la vida\u201d<\/strong>, afirm\u00f3.<\/p>\n\n\n\n<p class=\"has-text-align-center\"><em><strong><em><strong><em><strong><a href=\"https:\/\/t.me\/esreviral\">\u00daNETE A NUESTRO CANAL DE TELEGRAM PARA ESTAR INFORMADO<\/a><\/strong><\/em><\/strong><\/em><\/strong><\/em><\/p>\n\n\n\n<p class=\"has-text-align-center\"><em><strong><a href=\"https:\/\/whatsapp.com\/channel\/0029VaAz7PmBKfhwZ5V3Gk2t\"><em>\u00daNETE A NUESTRO CANAL DE WHATSAPP PARA ESTAR INFORMADO<\/em><\/a><\/strong><\/em><\/p>\n","protected":false},"excerpt":{"rendered":"<p>Lo anunci\u00f3 el vocero presidencial Manuel Adorni a trav\u00e9s de sus redes sociales. Desde 2019, el expresidente de Bolivia se encontraba en el pa\u00eds.<\/p>\n","protected":false},"author":3,"featured_media":61784,"comment_status":"closed","ping_status":"closed","sticky":false,"template":"","format":"standard","meta":{"jnews-multi-image_gallery":[],"jnews_single_post":{"subtitle":"","format":"standard","video":"","gallery":"","source_name":"","source_url":"","via_name":"","via_url":"","override_template":"0","override":[{"template":"4","single_blog_custom":"","parallax":"1","fullscreen":"1","layout":"right-sidebar","sidebar":"new-widget-area","second_sidebar":"default-sidebar","sticky_sidebar":"1","share_position":"top","share_float_style":"share-monocrhome","show_share_counter":"1","show_view_counter":"1","show_featured":"1","show_post_meta":"1","show_post_author":"1","show_post_author_image":"1","show_post_date":"1","post_date_format":"default","post_date_format_custom":"Y\/m\/d","show_post_category":"1","show_post_reading_time":"1","post_reading_time_wpm":"300","show_zoom_button":"1","zoom_button_out_step":"2","zoom_button_in_step":"3","show_post_tag":"1","show_prev_next_post":"1","show_popup_post":"1","number_popup_post":"1","show_author_box":"1","show_post_related":"1","show_inline_post_related":"0"}],"override_image_size":"0","image_override":[{"single_post_thumbnail_size":"crop-500","single_post_gallery_size":"crop-500"}],"trending_post":"0","trending_post_position":"meta","trending_post_label":"Trending","sponsored_post":"0","sponsored_post_label":"Sponsored by","sponsored_post_name":"","sponsored_post_url":"","sponsored_post_logo_enable":"0","sponsored_post_logo":"","sponsored_post_desc":"","disable_ad":"0"},"jnews_primary_category":{"id":"","hide":""},"jnews_social_meta":{"fb_title":"","fb_description":"","fb_image":"","twitter_title":"","twitter_description":"","twitter_image":""},"jnews_review":[],"enable_review":"0","type":"percentage","name":"","summary":"","brand":"","sku":"","good":[{"good_text":""}],"bad":[{"bad_text":""}],"score_override":"","override_value":"","rating":[{"rating_text":"","rating_number":"10"}],"price":[{"shop":"","price":"","link":"","icon":""}],"jnews_override_counter":{"override_view_counter":"0","view_counter_number":"0","override_share_counter":"0","share_counter_number":"0","override_like_counter":"0","like_counter_number":"0","override_dislike_counter":"0","dislike_counter_number":"0"},"jnews_post_split":{"enable_post_split":"0","post_split":[{"template":"1","tag":"h2","numbering":"asc","mode":"normal","first":"0","enable_toc":"0","toc_type":"normal"}]},"footnotes":""},"categories":[58,59],"tags":[44,222,1565,12936,45,18595,18596],"class_list":["post-61783","post","type-post","status-publish","format-standard","has-post-thumbnail","hentry","category-argentina","category-politica","tag-argentina","tag-evo-morales","tag-expresidente","tag-manuel-adorni","tag-noticias","tag-refugiado","tag-refugiado-politico"],"amp_enabled":true,"_links":{"self":[{"href":"https:\/\/esreviral.com\/index.php?rest_route=\/wp\/v2\/posts\/61783"}],"collection":[{"href":"https:\/\/esreviral.com\/index.php?rest_route=\/wp\/v2\/posts"}],"about":[{"href":"https:\/\/esreviral.com\/index.php?rest_route=\/wp\/v2\/types\/post"}],"author":[{"embeddable":true,"href":"https:\/\/esreviral.com\/index.php?rest_route=\/wp\/v2\/users\/3"}],"replies":[{"embeddable":true,"href":"https:\/\/esreviral.com\/index.php?rest_route=%2Fwp%2Fv2%2Fcomments&post=61783"}],"version-history":[{"count":0,"href":"https:\/\/esreviral.com\/index.php?rest_route=\/wp\/v2\/posts\/61783\/revisions"}],"wp:featuredmedia":[{"embeddable":true,"href":"https:\/\/esreviral.com\/index.php?rest_route=\/wp\/v2\/media\/61784"}],"wp:attachment":[{"href":"https:\/\/esreviral.com\/index.php?rest_route=%2Fwp%2Fv2%2Fmedia&parent=61783"}],"wp:term":[{"taxonomy":"category","embeddable":true,"href":"https:\/\/esreviral.com\/index.php?rest_route=%2Fwp%2Fv2%2Fcategories&post=61783"},{"taxonomy":"post_tag","embeddable":true,"href":"https:\/\/esreviral.com\/index.php?rest_route=%2Fwp%2Fv2%2Ftags&post=61783"}],"curies":[{"name":"wp","href":"https:\/\/api.w.org\/{rel}","templated":true}]}}