{"id":61673,"date":"2024-10-01T07:33:20","date_gmt":"2024-10-01T12:33:20","guid":{"rendered":"https:\/\/esreviral.com\/?p=61673"},"modified":"2024-10-02T07:40:01","modified_gmt":"2024-10-02T12:40:01","slug":"video-daddy-yankee-explorara-los-inicios-del-regueton-en-docuserie","status":"publish","type":"post","link":"https:\/\/esreviral.com\/?p=61673","title":{"rendered":"VIDEO: Daddy Yankee explorar\u00e1 los inicios del reguet\u00f3n en docuserie"},"content":{"rendered":"\n<p>El reguetonero puertorrique\u00f1o <strong>Daddy Yankee<\/strong> y la plataforma estadounidense <strong>Peacock<\/strong> lanzaron una docuserie sobre el reguet\u00f3n, en la que participar\u00e1n grandes figuras del g\u00e9nero como <strong>Karol G, Bad Bunny e Ivy Queen<\/strong>, seg\u00fan inform\u00f3 la revista <strong>Variety<\/strong>. La serie, titulada <strong>\u00abReggaeton: The Sound that Conquered the World\u00bb<\/strong> (Reguet\u00f3n: El sonido que conquist\u00f3 el mundo), se estrenar\u00e1 el 3 de octubre en Peacock y explorar\u00e1 los or\u00edgenes y evoluci\u00f3n del g\u00e9nero, con comentarios de sus m\u00e1ximas estrellas y con Daddy Yankee como productor ejecutivo.<\/p>\n\n\n\n<p>Con cuatro episodios, la docuserie contar\u00e1 con la participaci\u00f3n de artistas representativos exponentes del reguet\u00f3n. Est\u00e1 dirigida por el cineasta puertorrique\u00f1o <strong>Omar Acosta<\/strong>, quien ha sido nominado en cuatro ocasiones al premio Emmy y es conocido por su documental sobre hip-hop \u00abMixtape\u00bb.<\/p>\n\n\n\n<figure class=\"wp-block-embed is-type-video is-provider-youtube wp-block-embed-youtube wp-embed-aspect-16-9 wp-has-aspect-ratio\"><div class=\"wp-block-embed__wrapper\">\n<div class=\"jeg_video_container jeg_video_content\"><iframe title=\"Reggaeton: The Sound that Conquered the World | Official Trailer | Peacock Original\" width=\"500\" height=\"281\" src=\"https:\/\/www.youtube.com\/embed\/DI4uMaxcvn8?feature=oembed\" frameborder=\"0\" allow=\"accelerometer; autoplay; clipboard-write; encrypted-media; gyroscope; picture-in-picture; web-share\" referrerpolicy=\"strict-origin-when-cross-origin\" allowfullscreen><\/iframe><\/div>\n<\/div><\/figure>\n\n\n\n<p>El documental analiza c\u00f3mo el reguet\u00f3n ha pasado de sus humildes comienzos en Puerto Rico a convertirse en un fen\u00f3meno cultural y comercial de impacto global en la industria musical.<\/p>\n\n\n\n<p><strong><mark style=\"background-color:rgba(0, 0, 0, 0)\" class=\"has-inline-color has-vivid-red-color\">Daddy Yankee lanzar\u00e1 libro en 2025<\/mark><\/strong><\/p>\n\n\n\n<p><br>Adem\u00e1s de este proyecto audiovisual, <strong>Daddy Yankee anunci\u00f3 el lanzamiento de su primer libro titulado<\/strong> <strong>&#8216;ReaDY! El Poder de Cambiar Tu Historia&#8217;<\/strong>, previsto para abril de 2025. En este libro, el artista compartir\u00e1 experiencias personales, testimonios de vida y valiosas lecciones que ha aprendido a lo largo de su carrera. El texto, que ser\u00e1 publicado en espa\u00f1ol e ingl\u00e9s, promete revelar momentos clave que moldearon tanto su carrera como su crecimiento personal.<\/p>\n\n\n\n<p>Tras anunciar su retiro de la m\u00fasica en 2023, Daddy Yankee contin\u00faa activo con proyectos significativos. La docuserie \u00ab<strong><em>Reggaeton: El sonido que conquist\u00f3 el mundo<\/em><\/strong>\u00bb ha estado en producci\u00f3n durante cinco a\u00f1os y ofrecer\u00e1 un recorrido visual desde la d\u00e9cada de los 90 hasta el presente.<\/p>\n\n\n\n<p>Este nuevo cap\u00edtulo en la carrera del int\u00e9rprete de \u00abGasolina\u00bb no solo celebra el reguet\u00f3n como g\u00e9nero, sino que tambi\u00e9n destaca el impacto cultural y personal de Daddy Yankee en la m\u00fasica global.<\/p>\n\n\n\n<p class=\"has-text-align-center\"><em><strong><em><strong><em><strong><a href=\"https:\/\/t.me\/esreviral\">\u00daNETE A NUESTRO CANAL DE TELEGRAM PARA ESTAR INFORMADO<\/a><\/strong><\/em><\/strong><\/em><\/strong><\/em><\/p>\n\n\n\n<p class=\"has-text-align-center\"><em><strong><a href=\"https:\/\/whatsapp.com\/channel\/0029VaAz7PmBKfhwZ5V3Gk2t\"><em>\u00daNETE A NUESTRO CANAL DE WHATSAPP PARA ESTAR INFORMADO<\/em><\/a><\/strong><\/em><\/p>\n","protected":false},"excerpt":{"rendered":"<p>Con la participaci\u00f3n de Vico C, Bad Bunny, Ivy Queen, entre otros<\/p>\n","protected":false},"author":3,"featured_media":61674,"comment_status":"closed","ping_status":"closed","sticky":false,"template":"","format":"standard","meta":{"jnews-multi-image_gallery":[],"jnews_single_post":{"subtitle":"","format":"standard","video":"","gallery":"","source_name":"","source_url":"","via_name":"","via_url":"","override_template":"0","override":[{"template":"4","single_blog_custom":"","parallax":"1","fullscreen":"1","layout":"right-sidebar","sidebar":"new-widget-area","second_sidebar":"default-sidebar","sticky_sidebar":"1","share_position":"top","share_float_style":"share-monocrhome","show_share_counter":"1","show_view_counter":"1","show_featured":"1","show_post_meta":"1","show_post_author":"1","show_post_author_image":"1","show_post_date":"1","post_date_format":"default","post_date_format_custom":"Y\/m\/d","show_post_category":"1","show_post_reading_time":"1","post_reading_time_wpm":"300","show_zoom_button":"1","zoom_button_out_step":"2","zoom_button_in_step":"3","show_post_tag":"1","show_prev_next_post":"1","show_popup_post":"1","number_popup_post":"1","show_author_box":"1","show_post_related":"1","show_inline_post_related":"0"}],"override_image_size":"0","image_override":[{"single_post_thumbnail_size":"crop-500","single_post_gallery_size":"crop-500"}],"trending_post":"0","trending_post_position":"meta","trending_post_label":"Trending","sponsored_post":"0","sponsored_post_label":"Sponsored by","sponsored_post_name":"","sponsored_post_url":"","sponsored_post_logo_enable":"0","sponsored_post_logo":"","sponsored_post_desc":"","disable_ad":"0"},"jnews_primary_category":{"id":"","hide":""},"jnews_social_meta":{"fb_title":"","fb_description":"","fb_image":"","twitter_title":"","twitter_description":"","twitter_image":""},"jnews_review":[],"enable_review":"0","type":"percentage","name":"","summary":"","brand":"","sku":"","good":[{"good_text":""}],"bad":[{"bad_text":""}],"score_override":"","override_value":"","rating":[{"rating_text":"","rating_number":"10"}],"price":[{"shop":"","price":"","link":"","icon":""}],"jnews_override_counter":{"override_view_counter":"0","view_counter_number":"0","override_share_counter":"0","share_counter_number":"0","override_like_counter":"0","like_counter_number":"0","override_dislike_counter":"0","dislike_counter_number":"0"},"jnews_post_split":{"enable_post_split":"0","post_split":[{"template":"1","tag":"h2","numbering":"asc","mode":"normal","first":"0","enable_toc":"0","toc_type":"normal"}]},"footnotes":""},"categories":[1142],"tags":[1183,1810,18547,13922,1237,2332,15350,12534],"class_list":["post-61673","post","type-post","status-publish","format-standard","has-post-thumbnail","hentry","category-musica","tag-bad-bunny","tag-daddy-yankee","tag-docuserie","tag-ivy-queen","tag-j-balvin","tag-karol-g","tag-peacock","tag-regueton"],"amp_enabled":true,"_links":{"self":[{"href":"https:\/\/esreviral.com\/index.php?rest_route=\/wp\/v2\/posts\/61673"}],"collection":[{"href":"https:\/\/esreviral.com\/index.php?rest_route=\/wp\/v2\/posts"}],"about":[{"href":"https:\/\/esreviral.com\/index.php?rest_route=\/wp\/v2\/types\/post"}],"author":[{"embeddable":true,"href":"https:\/\/esreviral.com\/index.php?rest_route=\/wp\/v2\/users\/3"}],"replies":[{"embeddable":true,"href":"https:\/\/esreviral.com\/index.php?rest_route=%2Fwp%2Fv2%2Fcomments&post=61673"}],"version-history":[{"count":0,"href":"https:\/\/esreviral.com\/index.php?rest_route=\/wp\/v2\/posts\/61673\/revisions"}],"wp:featuredmedia":[{"embeddable":true,"href":"https:\/\/esreviral.com\/index.php?rest_route=\/wp\/v2\/media\/61674"}],"wp:attachment":[{"href":"https:\/\/esreviral.com\/index.php?rest_route=%2Fwp%2Fv2%2Fmedia&parent=61673"}],"wp:term":[{"taxonomy":"category","embeddable":true,"href":"https:\/\/esreviral.com\/index.php?rest_route=%2Fwp%2Fv2%2Fcategories&post=61673"},{"taxonomy":"post_tag","embeddable":true,"href":"https:\/\/esreviral.com\/index.php?rest_route=%2Fwp%2Fv2%2Ftags&post=61673"}],"curies":[{"name":"wp","href":"https:\/\/api.w.org\/{rel}","templated":true}]}}