{"id":61649,"date":"2024-09-30T15:55:20","date_gmt":"2024-09-30T20:55:20","guid":{"rendered":"https:\/\/esreviral.com\/?p=61649"},"modified":"2024-09-30T15:55:21","modified_gmt":"2024-09-30T20:55:21","slug":"cuanto-pagara-de-multa-y-carcel-la-medico-venezolana-que-vendia-ninos-en-peru","status":"publish","type":"post","link":"https:\/\/esreviral.com\/?p=61649","title":{"rendered":"\u00bfCu\u00e1nto pagar\u00e1 de multa y c\u00e1rcel la m\u00e9dico venezolana que vend\u00eda ni\u00f1os en Per\u00fa?"},"content":{"rendered":"\n<p><strong>Anliz Andrea Luc\u00eda Jim\u00e9nez Tellechea<\/strong>, una m\u00e9dico venezolana, fue condenada en Per\u00fa por la <strong>venta de reci\u00e9n nacidos<\/strong>. Su arresto se dio a conocer el 19 de octubre de 2023.<\/p>\n\n\n\n<p>El periodista Eligio Rojas revel\u00f3 detalles del expediente judicial de <strong>Jim\u00e9nez Tellechea<\/strong>, destacando que <strong>la m\u00e9dico no cumpli\u00f3 la totalidad de su condena en Per\u00fa y regres\u00f3 a Venezuela.<\/strong> \u201c<strong>Per\u00fa la reclama por extradici\u00f3n<\/strong>\u201d, se\u00f1al\u00f3 Rojas. Seg\u00fan el periodista, Jim\u00e9nez Tellechea captaba mujeres a punto de dar a luz, con el prop\u00f3sito de comprarles a sus beb\u00e9s para luego venderlos.<\/p>\n\n\n\n<p>Uno de los casos sali\u00f3 a la luz el 19 de mayo de 2020, cuando Jim\u00e9nez Tellechea contact\u00f3 a una mujer embarazada de 22 a\u00f1os de edad a trav\u00e9s de Messenger y le ofreci\u00f3 comprarle el beb\u00e9 que llevaba en su vientre. La joven ten\u00eda previsto dar a luz el 28 de julio de ese a\u00f1o. Ambas acordaron reunirse en Chosica, distrito de Lurigancho, Per\u00fa.<\/p>\n\n\n\n<p>Rojas detall\u00f3 que Jim\u00e9nez Tellechea traslad\u00f3 a la mujer hasta el Hospital Materno Infantil, donde esta dio a luz. El reci\u00e9n nacido habr\u00eda sido entregado por la m\u00e9dico a otra persona para su comercializaci\u00f3n. <strong>Jim\u00e9nez Tellechea fue detenida cuando sal\u00eda del hospital.<\/strong><\/p>\n\n\n\n<p>Por estos hechos, la m\u00e9dico, de 36 a\u00f1os de edad, fue procesada penalmente en el Juzgado de Investigaci\u00f3n Preparatoria Permanente de Lurigancho \u2013 Corte Superior de Justicia de Lima. Finalmente, fue condenada a 28 a\u00f1os y 4 meses de prisi\u00f3n tras ser hallada culpable del delito de trata de personas agravada. \u201cCasi la pena m\u00e1xima en Venezuela\u201d, subray\u00f3 Rojas.<\/p>\n\n\n\n<p class=\"has-text-align-center\"><em><strong><em><strong><em><strong><a href=\"https:\/\/t.me\/esreviral\">\u00daNETE A NUESTRO CANAL DE TELEGRAM PARA ESTAR INFORMADO<\/a><\/strong><\/em><\/strong><\/em><\/strong><\/em><\/p>\n\n\n\n<p class=\"has-text-align-center\"><em><strong><a href=\"https:\/\/whatsapp.com\/channel\/0029VaAz7PmBKfhwZ5V3Gk2t\"><em>\u00daNETE A NUESTRO CANAL DE WHATSAPP PARA ESTAR INFORMADO<\/em><\/a><\/strong><\/em><\/p>\n","protected":false},"excerpt":{"rendered":"<p>Anliz Andrea Luc\u00eda Jim\u00e9nez Tellechea, una m\u00e9dico venezolana, fue condenada en Per\u00fa por la venta de reci\u00e9n nacidos. Su arresto se dio a conocer el 19 de octubre de 2023. El periodista Eligio Rojas revel\u00f3 detalles del expediente judicial de Jim\u00e9nez Tellechea, destacando que la m\u00e9dico no cumpli\u00f3 la totalidad de su condena en Per\u00fa [&hellip;]<\/p>\n","protected":false},"author":3,"featured_media":61650,"comment_status":"closed","ping_status":"closed","sticky":false,"template":"","format":"standard","meta":{"jnews-multi-image_gallery":[],"jnews_single_post":{"subtitle":"","format":"standard","video":"","gallery":"","source_name":"","source_url":"","via_name":"","via_url":"","override_template":"0","override":[{"template":"4","single_blog_custom":"","parallax":"1","fullscreen":"1","layout":"right-sidebar","sidebar":"new-widget-area","second_sidebar":"default-sidebar","sticky_sidebar":"1","share_position":"top","share_float_style":"share-monocrhome","show_share_counter":"1","show_view_counter":"1","show_featured":"1","show_post_meta":"1","show_post_author":"1","show_post_author_image":"1","show_post_date":"1","post_date_format":"default","post_date_format_custom":"Y\/m\/d","show_post_category":"1","show_post_reading_time":"1","post_reading_time_wpm":"300","show_zoom_button":"1","zoom_button_out_step":"2","zoom_button_in_step":"3","show_post_tag":"1","show_prev_next_post":"1","show_popup_post":"1","number_popup_post":"1","show_author_box":"1","show_post_related":"1","show_inline_post_related":"0"}],"override_image_size":"0","image_override":[{"single_post_thumbnail_size":"crop-500","single_post_gallery_size":"crop-500"}],"trending_post":"0","trending_post_position":"meta","trending_post_label":"Trending","sponsored_post":"0","sponsored_post_label":"Sponsored by","sponsored_post_name":"","sponsored_post_url":"","sponsored_post_logo_enable":"0","sponsored_post_logo":"","sponsored_post_desc":"","disable_ad":"0"},"jnews_primary_category":{"id":"","hide":""},"jnews_social_meta":{"fb_title":"","fb_description":"","fb_image":"","twitter_title":"","twitter_description":"","twitter_image":""},"jnews_review":[],"enable_review":"0","type":"percentage","name":"","summary":"","brand":"","sku":"","good":[{"good_text":""}],"bad":[{"bad_text":""}],"score_override":"","override_value":"","rating":[{"rating_text":"","rating_number":"10"}],"price":[{"shop":"","price":"","link":"","icon":""}],"jnews_override_counter":{"override_view_counter":"0","view_counter_number":"0","override_share_counter":"0","share_counter_number":"0","override_like_counter":"0","like_counter_number":"0","override_dislike_counter":"0","dislike_counter_number":"0"},"jnews_post_split":{"enable_post_split":"0","post_split":[{"template":"1","tag":"h2","numbering":"asc","mode":"normal","first":"0","enable_toc":"0","toc_type":"normal"}]},"footnotes":""},"categories":[54,88,64],"tags":[18531,2566,18533,232,2778,5628,18532],"class_list":["post-61649","post","type-post","status-publish","format-standard","has-post-thumbnail","hentry","category-inmigracion","category-internacionales","category-sucesos","tag-anliz-andrea-lucia-jimenez-tellechea","tag-carcel-2","tag-medico-venezolana","tag-peru","tag-trata-de-personas","tag-venezolanos-en-peru-2","tag-venta-de-recien-nacidos"],"amp_enabled":true,"_links":{"self":[{"href":"https:\/\/esreviral.com\/index.php?rest_route=\/wp\/v2\/posts\/61649"}],"collection":[{"href":"https:\/\/esreviral.com\/index.php?rest_route=\/wp\/v2\/posts"}],"about":[{"href":"https:\/\/esreviral.com\/index.php?rest_route=\/wp\/v2\/types\/post"}],"author":[{"embeddable":true,"href":"https:\/\/esreviral.com\/index.php?rest_route=\/wp\/v2\/users\/3"}],"replies":[{"embeddable":true,"href":"https:\/\/esreviral.com\/index.php?rest_route=%2Fwp%2Fv2%2Fcomments&post=61649"}],"version-history":[{"count":0,"href":"https:\/\/esreviral.com\/index.php?rest_route=\/wp\/v2\/posts\/61649\/revisions"}],"wp:featuredmedia":[{"embeddable":true,"href":"https:\/\/esreviral.com\/index.php?rest_route=\/wp\/v2\/media\/61650"}],"wp:attachment":[{"href":"https:\/\/esreviral.com\/index.php?rest_route=%2Fwp%2Fv2%2Fmedia&parent=61649"}],"wp:term":[{"taxonomy":"category","embeddable":true,"href":"https:\/\/esreviral.com\/index.php?rest_route=%2Fwp%2Fv2%2Fcategories&post=61649"},{"taxonomy":"post_tag","embeddable":true,"href":"https:\/\/esreviral.com\/index.php?rest_route=%2Fwp%2Fv2%2Ftags&post=61649"}],"curies":[{"name":"wp","href":"https:\/\/api.w.org\/{rel}","templated":true}]}}