{"id":61627,"date":"2024-09-30T14:08:18","date_gmt":"2024-09-30T19:08:18","guid":{"rendered":"https:\/\/esreviral.com\/?p=61627"},"modified":"2024-09-30T14:08:18","modified_gmt":"2024-09-30T19:08:18","slug":"selena-gomez-y-edgar-ramirez-encienden-las-redes-con-sensual-baile-video","status":"publish","type":"post","link":"https:\/\/esreviral.com\/?p=61627","title":{"rendered":"Selena G\u00f3mez y Edgar Ram\u00edrez encienden las redes con sensual baile (+Video)"},"content":{"rendered":"\n<p>Durante el concierto de<strong> Sabrina Carpenter<\/strong> en<strong> Nueva York, Selena G\u00f3mez y Edgar Ram\u00edrez sorprendieron a sus seguidores al protagonizar un sensual baile que r\u00e1pidamente se volvi\u00f3 ReViral<\/strong>. El video muestra a G\u00f3mez disfrutando de la canci\u00f3n \u00abEspresso\u00bb mientras se acurrucaba junto a Ram\u00edrez, ambos muy inmersos en la m\u00fasica.<\/p>\n\n\n\n<p>Aunque la escena caus\u00f3 revuelo, es importante destacar que la relaci\u00f3n entre <strong>Selena y Edgar es de amistad<\/strong>. Ambos actores comparten pantalla en la producci\u00f3n musical francesa <em>Emilia P\u00e9rez<\/em>, dirigida por Jacques Audiard. Desde su colaboraci\u00f3n en la pel\u00edcula, han demostrado una gran qu\u00edmica, la cual qued\u00f3 patente cuando asistieron juntos a la alfombra roja del Festival de Cine de Cannes. Adem\u00e1s, en una entrevista para Variety Studio, Selena expres\u00f3 el cari\u00f1o que le tom\u00f3 a Edgar durante el rodaje.<\/p>\n\n\n\n<p>La pel\u00edcula <em>Emilia P\u00e9rez<\/em> se estrenar\u00e1 mundialmente el pr\u00f3ximo 1 de noviembre, antes de su lanzamiento oficial en Netflix el 13 de noviembre.<\/p>\n\n\n\n<p class=\"has-text-align-center\"><em><strong><em><strong><em><strong><a href=\"https:\/\/t.me\/esreviral\">\u00daNETE A NUESTRO CANAL DE TELEGRAM PARA ESTAR INFORMADO<\/a><\/strong><\/em><\/strong><\/em><\/strong><\/em><\/p>\n\n\n\n<p class=\"has-text-align-center\"><em><strong><a href=\"https:\/\/whatsapp.com\/channel\/0029VaAz7PmBKfhwZ5V3Gk2t\"><em>\u00daNETE A NUESTRO CANAL DE WHATSAPP PARA ESTAR INFORMADO<\/em><\/a><\/strong><\/em><\/p>\n\n\n\n<blockquote class=\"twitter-tweet\"><p lang=\"es\" dir=\"ltr\">Selena G\u00f3mez y su coprotagonista de la pel\u00edcula &quot;Emilia P\u00e9rez&quot;, el Venezolano Edgar Ram\u00edrez, fueron vistos disfrutando juntos en el concierto &quot;Short n&#39; Sweet Tour&quot; de Sabrina Carpenter, este domingo 29 de septiembre en el Madison Square Garden de Nueva York. <a href=\"https:\/\/t.co\/qk2xdzzZGd\">pic.twitter.com\/qk2xdzzZGd<\/a><\/p>&mdash; ES RE VIRAL (@esreviral) <a href=\"https:\/\/twitter.com\/esreviral\/status\/1840830100155277618?ref_src=twsrc%5Etfw\">September 30, 2024<\/a><\/blockquote> <script async src=\"https:\/\/platform.twitter.com\/widgets.js\" charset=\"utf-8\"><\/script>\n\n\n\n<p><\/p>\n","protected":false},"excerpt":{"rendered":"<p>\u00bfSelena G\u00f3mez le coqueteo a Edgar Ram\u00edrez? <\/p>\n","protected":false},"author":3,"featured_media":61628,"comment_status":"closed","ping_status":"closed","sticky":false,"template":"","format":"standard","meta":{"jnews-multi-image_gallery":[],"jnews_single_post":{"subtitle":"","format":"standard","video":"","gallery":"","source_name":"","source_url":"","via_name":"","via_url":"","override_template":"0","override":[{"template":"4","single_blog_custom":"","parallax":"1","fullscreen":"1","layout":"right-sidebar","sidebar":"new-widget-area","second_sidebar":"default-sidebar","sticky_sidebar":"1","share_position":"top","share_float_style":"share-monocrhome","show_share_counter":"1","show_view_counter":"1","show_featured":"1","show_post_meta":"1","show_post_author":"1","show_post_author_image":"1","show_post_date":"1","post_date_format":"default","post_date_format_custom":"Y\/m\/d","show_post_category":"1","show_post_reading_time":"1","post_reading_time_wpm":"300","show_zoom_button":"1","zoom_button_out_step":"2","zoom_button_in_step":"3","show_post_tag":"1","show_prev_next_post":"1","show_popup_post":"1","number_popup_post":"1","show_author_box":"1","show_post_related":"1","show_inline_post_related":"0"}],"override_image_size":"0","image_override":[{"single_post_thumbnail_size":"crop-500","single_post_gallery_size":"crop-500"}],"trending_post":"0","trending_post_position":"meta","trending_post_label":"Trending","sponsored_post":"0","sponsored_post_label":"Sponsored by","sponsored_post_name":"","sponsored_post_url":"","sponsored_post_logo_enable":"0","sponsored_post_logo":"","sponsored_post_desc":"","disable_ad":"0"},"jnews_primary_category":{"id":"","hide":""},"jnews_social_meta":{"fb_title":"","fb_description":"","fb_image":"","twitter_title":"","twitter_description":"","twitter_image":""},"jnews_review":[],"enable_review":"0","type":"percentage","name":"","summary":"","brand":"","sku":"","good":[{"good_text":""}],"bad":[{"bad_text":""}],"score_override":"","override_value":"","rating":[{"rating_text":"","rating_number":"10"}],"price":[{"shop":"","price":"","link":"","icon":""}],"jnews_override_counter":{"override_view_counter":"0","view_counter_number":"0","override_share_counter":"0","share_counter_number":"0","override_like_counter":"0","like_counter_number":"0","override_dislike_counter":"0","dislike_counter_number":"0"},"jnews_post_split":{"enable_post_split":"0","post_split":[{"template":"1","tag":"h2","numbering":"asc","mode":"normal","first":"0","enable_toc":"0","toc_type":"normal"}]},"footnotes":""},"categories":[50],"tags":[581,650,534,1714,17603,7601,18521],"class_list":["post-61627","post","type-post","status-publish","format-standard","has-post-thumbnail","hentry","category-entretenimiento","tag-concierto","tag-edgar-ramirez","tag-nueva-york","tag-redes-sociales","tag-sabrina-carpenter","tag-selena-gomez","tag-sensual-baile"],"amp_enabled":true,"_links":{"self":[{"href":"https:\/\/esreviral.com\/index.php?rest_route=\/wp\/v2\/posts\/61627"}],"collection":[{"href":"https:\/\/esreviral.com\/index.php?rest_route=\/wp\/v2\/posts"}],"about":[{"href":"https:\/\/esreviral.com\/index.php?rest_route=\/wp\/v2\/types\/post"}],"author":[{"embeddable":true,"href":"https:\/\/esreviral.com\/index.php?rest_route=\/wp\/v2\/users\/3"}],"replies":[{"embeddable":true,"href":"https:\/\/esreviral.com\/index.php?rest_route=%2Fwp%2Fv2%2Fcomments&post=61627"}],"version-history":[{"count":0,"href":"https:\/\/esreviral.com\/index.php?rest_route=\/wp\/v2\/posts\/61627\/revisions"}],"wp:featuredmedia":[{"embeddable":true,"href":"https:\/\/esreviral.com\/index.php?rest_route=\/wp\/v2\/media\/61628"}],"wp:attachment":[{"href":"https:\/\/esreviral.com\/index.php?rest_route=%2Fwp%2Fv2%2Fmedia&parent=61627"}],"wp:term":[{"taxonomy":"category","embeddable":true,"href":"https:\/\/esreviral.com\/index.php?rest_route=%2Fwp%2Fv2%2Fcategories&post=61627"},{"taxonomy":"post_tag","embeddable":true,"href":"https:\/\/esreviral.com\/index.php?rest_route=%2Fwp%2Fv2%2Ftags&post=61627"}],"curies":[{"name":"wp","href":"https:\/\/api.w.org\/{rel}","templated":true}]}}