{"id":61511,"date":"2024-09-28T08:17:14","date_gmt":"2024-09-28T13:17:14","guid":{"rendered":"https:\/\/esreviral.com\/?p=61511"},"modified":"2024-09-28T12:33:56","modified_gmt":"2024-09-28T17:33:56","slug":"le-niegan-la-atencion-medica-a-venezolano-en-el-hospital-fernandez-de-caba-anda-a-tu-embajada-a-que-te-resuelvan","status":"publish","type":"post","link":"https:\/\/esreviral.com\/?p=61511","title":{"rendered":"Le niegan la atenci\u00f3n m\u00e9dica a venezolano en el Hospital Fern\u00e1ndez de CABA: \u00abAnd\u00e1 a tu embajada a que te resuelvan\u00bb"},"content":{"rendered":"\n<p>Una respuesta inusual fue la que recibi\u00f3 <strong>Fidel Ovidio Escalante Parra<\/strong>, <strong>de 70 a\u00f1os, <\/strong>quien hace menos de un mes lleg\u00f3 desde Venezuela a Argentina por la situaci\u00f3n de su pa\u00eds y el mal sistema de salud, por lo que sus hijos, decidieron traerlo a Buenos Aires, donde tendr\u00eda una mejor calidad de vida y podr\u00eda recibir su tratamiento de di\u00e1lisis. <\/p>\n\n\n\n<p>Tras su entrada legal al pa\u00eds e iniciar su tr\u00e1mite para el DNI, recibi\u00f3 su precaria pero su salud se fue empeorando por lo que decidieron llevarlo hasta el hospital Fern\u00e1ndez, ubicado en la avenida Cervi\u00f1o de la ciudad de Buenos Aires, donde en principio fue atendido pero debido a su enfermedad en los ri\u00f1ones, deb\u00eda ser dializado, sin embargo la respuesta del jefe del departamento fue negativa y hasta le dijo a sus hijos: <strong>\u00aband\u00e1 a tu embajada que te resuelvan\u00bb,<\/strong> a pesar de tener conocimiento que la sede diplom\u00e1tica est\u00e1 cerrada. <\/p>\n\n\n\n<p>La indignaci\u00f3n de sus hijos crec\u00eda, cont\u00f3 Nil Escalante, uno de los hijos del se\u00f1or, <strong>\u00ablo llevamos a otros hospitales de la ciudad y no lo atend\u00edan porque por la ubicaci\u00f3n de la precaria le corresponde en el Fern\u00e1ndez y en muchos de esos no hacen di\u00e1lisis. La raz\u00f3n que nos daba el jefe de di\u00e1lisis es que no tiene DNI y por eso no lo atend\u00edan pero es un caso de vida o muerte, mi pap\u00e1 se estaba muriendo ah\u00ed\u00bb. <\/strong><\/p>\n\n\n\n<figure class=\"wp-block-image size-large\"><img fetchpriority=\"high\" decoding=\"async\" width=\"1024\" height=\"576\" src=\"https:\/\/esreviral.com\/wp-content\/uploads\/2024\/09\/fidel-escalante-1024x576.webp\" alt=\"\" class=\"wp-image-61513\" srcset=\"https:\/\/esreviral.com\/wp-content\/uploads\/2024\/09\/fidel-escalante-1024x576.webp 1024w, https:\/\/esreviral.com\/wp-content\/uploads\/2024\/09\/fidel-escalante-300x169.webp 300w, https:\/\/esreviral.com\/wp-content\/uploads\/2024\/09\/fidel-escalante-768x432.webp 768w, https:\/\/esreviral.com\/wp-content\/uploads\/2024\/09\/fidel-escalante-750x422.webp 750w, https:\/\/esreviral.com\/wp-content\/uploads\/2024\/09\/fidel-escalante-1140x641.webp 1140w, https:\/\/esreviral.com\/wp-content\/uploads\/2024\/09\/fidel-escalante.webp 1536w\" sizes=\"(max-width: 1024px) 100vw, 1024px\" \/><figcaption class=\"wp-element-caption\">A pesar de estar descompensado le negaron hacerle la di\u00e1lisis<\/figcaption><\/figure>\n\n\n\n<p>Distintas ONG venezolanas como Baires de Libertad, Asomevenar, Asoenvear, FOCVA, Alianza por Venezuela, entre otras, hicieron contactos con organizaciones, pol\u00edticos, funcionarios del Gobierno de la ciudad y no obtuvieron ayuda. Desde <strong><em>ES RE VIRAL,<\/em><\/strong> contactamos a la asistente de Clara Muzio, Vice jefa de Gobierno y no respondi\u00f3 los mensajes a pesar de haberlos le\u00eddos. <\/p>\n\n\n\n<p>Mientras que Denglys Romero, presidenta de Baires de Libertad se comunic\u00f3 con el equipo del diputado Claudio Romero, el de Horacio Rodr\u00edguez Larreta, entre otros sin respuesta positiva. <\/p>\n\n\n\n<p><strong>\u00abLa situaci\u00f3n de mi pap\u00e1 cada d\u00eda se empeoraba, pensamos que se nos morir\u00eda sin atenci\u00f3n m\u00e9dica. <\/strong>Es muy inusual este caso porque Argentina es muy receptivo con los migrantes pero esto es inhumano\u00bb. <\/p>\n\n\n\n<p>Finalmente, este s\u00e1bado, el se\u00f1or fue trasladado al Hospital de Moreno, donde est\u00e1 siendo atendido y esperan le proporcionen el tratamiento requerido para que mantengan su salud. <\/p>\n","protected":false},"excerpt":{"rendered":"<p>Una respuesta inusual fue la que recibi\u00f3 Fidel Ovidio Escalante Parra, de 70 a\u00f1os, quien hace menos de un mes lleg\u00f3 desde Venezuela a Argentina por la situaci\u00f3n de su pa\u00eds y el mal sistema de salud, por lo que sus hijos, decidieron traerlo a Buenos Aires, donde tendr\u00eda una mejor calidad de vida y [&hellip;]<\/p>\n","protected":false},"author":2,"featured_media":61512,"comment_status":"closed","ping_status":"closed","sticky":false,"template":"","format":"standard","meta":{"jnews-multi-image_gallery":[],"jnews_single_post":{"subtitle":"","format":"standard","video":"","gallery":"","source_name":"","source_url":"","via_name":"","via_url":"","override_template":"0","override":[{"template":"4","single_blog_custom":"","parallax":"1","fullscreen":"1","layout":"right-sidebar","sidebar":"new-widget-area","second_sidebar":"default-sidebar","sticky_sidebar":"1","share_position":"top","share_float_style":"share-monocrhome","show_share_counter":"1","show_view_counter":"1","show_featured":"1","show_post_meta":"1","show_post_author":"1","show_post_author_image":"1","show_post_date":"1","post_date_format":"default","post_date_format_custom":"Y\/m\/d","show_post_category":"1","show_post_reading_time":"1","post_reading_time_wpm":"300","show_zoom_button":"1","zoom_button_out_step":"2","zoom_button_in_step":"3","show_post_tag":"1","show_prev_next_post":"1","show_popup_post":"1","number_popup_post":"1","show_author_box":"1","show_post_related":"1","show_inline_post_related":"0"}],"override_image_size":"0","image_override":[{"single_post_thumbnail_size":"crop-500","single_post_gallery_size":"crop-500"}],"trending_post":"0","trending_post_position":"meta","trending_post_label":"Trending","sponsored_post":"0","sponsored_post_label":"Sponsored by","sponsored_post_name":"","sponsored_post_url":"","sponsored_post_logo_enable":"0","sponsored_post_logo":"","sponsored_post_desc":"","disable_ad":"0"},"jnews_primary_category":{"id":"","hide":""},"jnews_social_meta":{"fb_title":"","fb_description":"","fb_image":"","twitter_title":"","twitter_description":"","twitter_image":""},"jnews_review":[],"enable_review":"0","type":"percentage","name":"","summary":"","brand":"","sku":"","good":[{"good_text":""}],"bad":[{"bad_text":""}],"score_override":"","override_value":"","rating":[{"rating_text":"","rating_number":"10"}],"price":[{"shop":"","price":"","link":"","icon":""}],"jnews_override_counter":{"override_view_counter":"0","view_counter_number":"0","override_share_counter":"0","share_counter_number":"0","override_like_counter":"0","like_counter_number":"0","override_dislike_counter":"0","dislike_counter_number":"0"},"jnews_post_split":{"enable_post_split":"0","post_split":[{"template":"1","tag":"h2","numbering":"asc","mode":"normal","first":"0","enable_toc":"0","toc_type":"normal"}]},"footnotes":""},"categories":[84,5892],"tags":[44,894,14903,45],"class_list":["post-61511","post","type-post","status-publish","format-standard","has-post-thumbnail","hentry","category-salud","category-venezolanos-en-argentina","tag-argentina","tag-ciudad-de-buenos-aires","tag-hospital-fernandez","tag-noticias"],"amp_enabled":true,"_links":{"self":[{"href":"https:\/\/esreviral.com\/index.php?rest_route=\/wp\/v2\/posts\/61511"}],"collection":[{"href":"https:\/\/esreviral.com\/index.php?rest_route=\/wp\/v2\/posts"}],"about":[{"href":"https:\/\/esreviral.com\/index.php?rest_route=\/wp\/v2\/types\/post"}],"author":[{"embeddable":true,"href":"https:\/\/esreviral.com\/index.php?rest_route=\/wp\/v2\/users\/2"}],"replies":[{"embeddable":true,"href":"https:\/\/esreviral.com\/index.php?rest_route=%2Fwp%2Fv2%2Fcomments&post=61511"}],"version-history":[{"count":0,"href":"https:\/\/esreviral.com\/index.php?rest_route=\/wp\/v2\/posts\/61511\/revisions"}],"wp:featuredmedia":[{"embeddable":true,"href":"https:\/\/esreviral.com\/index.php?rest_route=\/wp\/v2\/media\/61512"}],"wp:attachment":[{"href":"https:\/\/esreviral.com\/index.php?rest_route=%2Fwp%2Fv2%2Fmedia&parent=61511"}],"wp:term":[{"taxonomy":"category","embeddable":true,"href":"https:\/\/esreviral.com\/index.php?rest_route=%2Fwp%2Fv2%2Fcategories&post=61511"},{"taxonomy":"post_tag","embeddable":true,"href":"https:\/\/esreviral.com\/index.php?rest_route=%2Fwp%2Fv2%2Ftags&post=61511"}],"curies":[{"name":"wp","href":"https:\/\/api.w.org\/{rel}","templated":true}]}}