{"id":61501,"date":"2024-09-27T14:56:06","date_gmt":"2024-09-27T19:56:06","guid":{"rendered":"https:\/\/esreviral.com\/?p=61501"},"modified":"2024-09-27T14:59:21","modified_gmt":"2024-09-27T19:59:21","slug":"alerta-maxima-el-gobierno-activo-niveles-de-seguridad-ante-temidas-represalias-por-la-violencia-en-medio-oriente","status":"publish","type":"post","link":"https:\/\/esreviral.com\/?p=61501","title":{"rendered":"\u00a1Alerta m\u00e1xima! Argentina activ\u00f3 niveles de seguridad ante temidas represalias por la violencia en Medio Oriente"},"content":{"rendered":"\n<p>El Gobierno elev\u00f3 este viernes los niveles de alerta de seguridad nacional ante la creciente violencia en Medio Oriente y la posible agresi\u00f3n contra la comunidad jud\u00eda y representantes del sistema financiero en Argentina, as\u00ed como otras instituciones que representen valores occidentales, especialmente aquellos vinculados a intereses norteamericanos e israel\u00edes.<\/p>\n\n\n\n<p>La medida, implementada por el Ministerio de Seguridad de la Naci\u00f3n, liderado por Patricia Bullrich, tiene como objetivo reforzar el control territorial y coordinar las acciones de todas las agencias de seguridad para prevenir cualquier incidente violento.<\/p>\n\n\n\n<p>Como parte de estas medidas de precauci\u00f3n, las autoridades solicitaron a las provincias, especialmente a las fronterizas, que refuercen la seguridad de los objetivos de la comunidad jud\u00eda. Se prestar\u00e1 especial atenci\u00f3n a la protecci\u00f3n de infraestructuras cr\u00edticas y sensibles en todo el pa\u00eds, y se asegurar\u00e1n los corredores de instituciones educativas, deportivas y culturales jud\u00edas en la Ciudad Aut\u00f3noma de Buenos Aires, teniendo en cuenta la llegada del Shabat.<\/p>\n\n\n\n<figure class=\"wp-block-image size-large\"><img decoding=\"async\" src=\"https:\/\/www.infobae.com\/resizer\/v2\/6CRT2VX6MRBZVD6YZIKHUPTXSQ.jpg?auth=c40b7f70f6a00f66d02d6eb953ef5f243704b3d3f8caf4c333872648c975a96e&amp;smart=true&amp;width=992&amp;height=661&amp;quality=85\" alt=\"\"\/><\/figure>\n\n\n\n<p>En la Ciudad de Buenos Aires, se reforzar\u00e1 la protecci\u00f3n de las sinagogas y sus alrededores durante los d\u00edas festivos para garantizar la seguridad en eventos con gran afluencia de p\u00fablico y proteger los lugares de culto y reuni\u00f3n.<\/p>\n\n\n\n<p>Adem\u00e1s, el Gobierno anunci\u00f3 que se establecer\u00e1n contactos permanentes con los enlaces de seguridad de las comunidades para mantener un monitoreo constante y generar respuestas r\u00e1pidas ante cualquier contingencia.<\/p>\n\n\n\n<p>En cuanto a la seguridad de las entidades bancarias, cajeros autom\u00e1ticos y financieras con presencia estadounidense o vinculadas a capitales norteamericanos e israel\u00edes, se implementar\u00e1 un operativo para proteger sectores que podr\u00edan considerarse blancos sensibles debido a su simbolismo econ\u00f3mico.<\/p>\n\n\n\n<p>Tambi\u00e9n se brindar\u00e1 protecci\u00f3n especial a diplom\u00e1ticos de pa\u00edses involucrados en el conflicto y se extremar\u00e1n las medidas de seguridad hacia los miembros de las delegaciones diplom\u00e1ticas argentinas, especialmente en Medio Oriente, Espa\u00f1a y Bolivia. Ante esta situaci\u00f3n, la Canciller\u00eda argentina trabaja en coordinaci\u00f3n con sus pares para garantizar la seguridad de los funcionarios en el exterior.<\/p>\n\n\n\n<figure class=\"wp-block-image size-large\"><img decoding=\"async\" src=\"https:\/\/oncedigital.com.ar\/wp-content\/uploads\/2024\/09\/el-gobierno-elevo-los-niveles-de-alerta-de-seguridad-ante-posibles-represalias-por-la-violencia-en-medio-oriente-scaled.jpg\" alt=\"\"\/><\/figure>\n\n\n\n<p>Las autoridades han ordenado que los organismos de seguridad interior, como Aduanas y Migraciones, colaboren con las fuerzas de seguridad para el perfilamiento de personas de inter\u00e9s y la implementaci\u00f3n de controles m\u00e1s estrictos en los pasos fronterizos. Adem\u00e1s, se activar\u00e1 el Comando Tripartito de la Triple Frontera, un dispositivo de coordinaci\u00f3n entre Argentina, Brasil y Paraguay, para el monitoreo y resguardo de esta zona de alta sensibilidad estrat\u00e9gica.<\/p>\n\n\n\n<p>Esta medida se dio a conocer horas despu\u00e9s de que aviones de guerra israel\u00edes llevaran a cabo una serie de ataques en los suburbios del sur de Beirut, seg\u00fan informaron medios estatales libaneses. El objetivo de la operaci\u00f3n fue la sede central de Hezbollah, ubicada en el barrio de Dahiya. Israel investiga si el jefe del grupo, Hassan Nasrallah, se encontraba en el lugar, mientras que una fuente de la organizaci\u00f3n asegur\u00f3 que su l\u00edder \u00abest\u00e1 bien\u00bb, seg\u00fan la agencia de noticias AFP.<\/p>\n\n\n\n<p>El portavoz del Ej\u00e9rcito israel\u00ed, Daniel Hagari, afirm\u00f3 que se trat\u00f3 de un \u201cataque de precisi\u00f3n\u201d y que el objetivo estaba construido bajo edificios residenciales, lo que demuestra la intenci\u00f3n de usar a los libaneses como \u201cescudos humanos\u201d.<\/p>\n\n\n\n<p>Ante este contexto, las autoridades argentinas piden a la poblaci\u00f3n que se mantenga alerta, asegurando que todas las fuerzas de seguridad trabajan de manera articulada para prevenir cualquier tipo de agresi\u00f3n y garantizar la seguridad nacional.<\/p>\n\n\n\n<p class=\"has-text-align-center\"><strong><em><strong><a href=\"https:\/\/t.me\/esreviral\">\u00daNETE A NUESTRO CANAL DE TELEGRAM PARA ESTAR INFORMADO<\/a><\/strong><\/em><\/strong><\/p>\n\n\n\n<p class=\"has-text-align-center\"><strong><a href=\"https:\/\/whatsapp.com\/channel\/0029VaAz7PmBKfhwZ5V3Gk2t\"><em>\u00daNETE A NUESTRO CANAL DE WHATSAPP PARA ESTAR INFORMADO<\/em><\/a><\/strong><\/p>\n","protected":false},"excerpt":{"rendered":"<p>La medida fue tomada ante la posibilidad de agresiones contra blancos de la comunidad jud\u00eda. Este viernes aviones de guerra israel\u00edes llevaron a cabo una serie de ataques en los suburbios del sur de Beirut<\/p>\n","protected":false},"author":3,"featured_media":61502,"comment_status":"closed","ping_status":"closed","sticky":false,"template":"","format":"standard","meta":{"jnews-multi-image_gallery":[],"jnews_single_post":{"subtitle":"","format":"standard","video":"","gallery":"","source_name":"","source_url":"","via_name":"","via_url":"","override_template":"0","override":[{"template":"4","single_blog_custom":"","parallax":"1","fullscreen":"1","layout":"right-sidebar","sidebar":"new-widget-area","second_sidebar":"default-sidebar","sticky_sidebar":"1","share_position":"top","share_float_style":"share-monocrhome","show_share_counter":"1","show_view_counter":"1","show_featured":"1","show_post_meta":"1","show_post_author":"1","show_post_author_image":"1","show_post_date":"1","post_date_format":"default","post_date_format_custom":"Y\/m\/d","show_post_category":"1","show_post_reading_time":"1","post_reading_time_wpm":"300","show_zoom_button":"1","zoom_button_out_step":"2","zoom_button_in_step":"3","show_post_tag":"1","show_prev_next_post":"1","show_popup_post":"1","number_popup_post":"1","show_author_box":"1","show_post_related":"1","show_inline_post_related":"0"}],"override_image_size":"0","image_override":[{"single_post_thumbnail_size":"crop-500","single_post_gallery_size":"crop-500"}],"trending_post":"0","trending_post_position":"meta","trending_post_label":"Trending","sponsored_post":"0","sponsored_post_label":"Sponsored by","sponsored_post_name":"","sponsored_post_url":"","sponsored_post_logo_enable":"0","sponsored_post_logo":"","sponsored_post_desc":"","disable_ad":"0"},"jnews_primary_category":{"id":"","hide":""},"jnews_social_meta":{"fb_title":"","fb_description":"","fb_image":"","twitter_title":"","twitter_description":"","twitter_image":""},"jnews_review":[],"enable_review":"0","type":"percentage","name":"","summary":"","brand":"","sku":"","good":[{"good_text":""}],"bad":[{"bad_text":""}],"score_override":"","override_value":"","rating":[{"rating_text":"","rating_number":"10"}],"price":[{"shop":"","price":"","link":"","icon":""}],"jnews_override_counter":{"override_view_counter":"0","view_counter_number":"0","override_share_counter":"0","share_counter_number":"0","override_like_counter":"0","like_counter_number":"0","override_dislike_counter":"0","dislike_counter_number":"0"},"jnews_post_split":{"enable_post_split":"0","post_split":[{"template":"1","tag":"h2","numbering":"asc","mode":"normal","first":"0","enable_toc":"0","toc_type":"normal"}]},"footnotes":""},"categories":[59],"tags":[44,2738,806,1158,14890,45,391],"class_list":["post-61501","post","type-post","status-publish","format-standard","has-post-thumbnail","hentry","category-politica","tag-argentina","tag-hezbollah","tag-israel","tag-javier-milei","tag-medio-oriente","tag-noticias","tag-patricia-bullrich"],"amp_enabled":true,"_links":{"self":[{"href":"https:\/\/esreviral.com\/index.php?rest_route=\/wp\/v2\/posts\/61501"}],"collection":[{"href":"https:\/\/esreviral.com\/index.php?rest_route=\/wp\/v2\/posts"}],"about":[{"href":"https:\/\/esreviral.com\/index.php?rest_route=\/wp\/v2\/types\/post"}],"author":[{"embeddable":true,"href":"https:\/\/esreviral.com\/index.php?rest_route=\/wp\/v2\/users\/3"}],"replies":[{"embeddable":true,"href":"https:\/\/esreviral.com\/index.php?rest_route=%2Fwp%2Fv2%2Fcomments&post=61501"}],"version-history":[{"count":0,"href":"https:\/\/esreviral.com\/index.php?rest_route=\/wp\/v2\/posts\/61501\/revisions"}],"wp:featuredmedia":[{"embeddable":true,"href":"https:\/\/esreviral.com\/index.php?rest_route=\/wp\/v2\/media\/61502"}],"wp:attachment":[{"href":"https:\/\/esreviral.com\/index.php?rest_route=%2Fwp%2Fv2%2Fmedia&parent=61501"}],"wp:term":[{"taxonomy":"category","embeddable":true,"href":"https:\/\/esreviral.com\/index.php?rest_route=%2Fwp%2Fv2%2Fcategories&post=61501"},{"taxonomy":"post_tag","embeddable":true,"href":"https:\/\/esreviral.com\/index.php?rest_route=%2Fwp%2Fv2%2Ftags&post=61501"}],"curies":[{"name":"wp","href":"https:\/\/api.w.org\/{rel}","templated":true}]}}