{"id":61415,"date":"2024-09-26T14:54:25","date_gmt":"2024-09-26T19:54:25","guid":{"rendered":"https:\/\/esreviral.com\/?p=61415"},"modified":"2024-09-26T15:03:27","modified_gmt":"2024-09-26T20:03:27","slug":"el-indice-de-pobreza-en-argentina-supero-el-50-en-el-primer-semestre-del-ano","status":"publish","type":"post","link":"https:\/\/esreviral.com\/?p=61415","title":{"rendered":"El \u00edndice de pobreza en Argentina super\u00f3 el 50 % en el primer semestre del a\u00f1o"},"content":{"rendered":"\n<p>Al menos <strong>el 52,9 % de los argentinos se consideran pobre, de acuerdo a los datos ofrecidos por el Instituto Nacional de Estad\u00edstica y Censos (INDEC).<\/strong> Es el primer dato oficial durante el mandato del presidente Javier Milei y la cifra que no se ve\u00eda desde hace unos 20 a\u00f1os en el pa\u00eds. <\/p>\n\n\n\n<p>El indicador dio un salto de m\u00e1s de 10 puntos con respecto al segundo semestre de 2023. Aquella vez, en el cierre del gobierno de Alberto Fern\u00e1ndez, la pobreza estaba en un 41,7%, de las cuales el 11,9% quedaron en situaci\u00f3n de indigencia.<\/p>\n\n\n\n<p>M\u00e1s temprano, el vocero presidencial, Manuel Adorni, dio cuenta que este resultado es producto de los gobiernos que lo antecedieron. \u00abHeredamos la peor herencia que recibi\u00f3 un gobierno en democracia\u201d, y asegur\u00f3 que <strong>\u201cla mejor manera de luchar contra la pobreza es luchar contra la inflaci\u00f3n\u201d,<\/strong> por eso la actual gesti\u00f3n \u201cllev\u00f3 adelante un plan para pulverizar\u201d el aumento de precios mediante el cual <strong>\u201clogr\u00f3 bajar del 25,5% de diciembre, al 4% actual\u201d.<\/strong><\/p>\n\n\n\n<figure class=\"wp-block-image size-large\"><img decoding=\"async\" src=\"https:\/\/pbs.twimg.com\/media\/GYbKcJJaIAAEtRH?format=jpg&amp;name=large\" alt=\"\"\/><\/figure>\n\n\n\n<p>El Indec detall\u00f3 que que la pobreza afecta al 42,5% de los hogares y que alcanza a 15,7 millones de personas, sobre la base de la Encuesta Permanente de Hogares (EPH), cuyo universo son 31 aglomerados urbanos de la Argentina.<\/p>\n\n\n\n<p>En situaci\u00f3n de indigencia se encuentra el 13,6% de los hogares, que equivale a 5,4 millones de personas, siempre sobre ese universo urbano.<\/p>\n\n\n\n<p>Argentina registr\u00f3 <strong>su tasa m\u00e1xima de pobreza en octubre de 2002, cuando el \u00edndice trep\u00f3 al 57,5 %<\/strong> tras el estallido de una de las m\u00e1s severas crisis econ\u00f3micas que recuerde el pa\u00eds.<\/p>\n\n\n\n<figure class=\"wp-block-image size-large\"><img decoding=\"async\" src=\"https:\/\/pbs.twimg.com\/media\/GYbK_1-bgAAf-kk?format=jpg&amp;name=large\" alt=\"\"\/><\/figure>\n","protected":false},"excerpt":{"rendered":"<p>Al menos el 52,9 % de los argentinos se consideran pobre, de acuerdo a los datos ofrecidos por el Instituto Nacional de Estad\u00edstica y Censos (INDEC). Es el primer dato oficial durante el mandato del presidente Javier Milei y la cifra que no se ve\u00eda desde hace unos 20 a\u00f1os en el pa\u00eds. El indicador [&hellip;]<\/p>\n","protected":false},"author":2,"featured_media":61416,"comment_status":"closed","ping_status":"closed","sticky":false,"template":"","format":"standard","meta":{"jnews-multi-image_gallery":[],"jnews_single_post":{"subtitle":"","format":"standard","video":"","gallery":"","source_name":"","source_url":"","via_name":"","via_url":"","override_template":"0","override":[{"template":"4","single_blog_custom":"","parallax":"1","fullscreen":"1","layout":"right-sidebar","sidebar":"new-widget-area","second_sidebar":"default-sidebar","sticky_sidebar":"1","share_position":"top","share_float_style":"share-monocrhome","show_share_counter":"1","show_view_counter":"1","show_featured":"1","show_post_meta":"1","show_post_author":"1","show_post_author_image":"1","show_post_date":"1","post_date_format":"default","post_date_format_custom":"Y\/m\/d","show_post_category":"1","show_post_reading_time":"1","post_reading_time_wpm":"300","show_zoom_button":"1","zoom_button_out_step":"2","zoom_button_in_step":"3","show_post_tag":"1","show_prev_next_post":"1","show_popup_post":"1","number_popup_post":"1","show_author_box":"1","show_post_related":"1","show_inline_post_related":"0"}],"override_image_size":"0","image_override":[{"single_post_thumbnail_size":"crop-500","single_post_gallery_size":"crop-500"}],"trending_post":"0","trending_post_position":"meta","trending_post_label":"Trending","sponsored_post":"0","sponsored_post_label":"Sponsored by","sponsored_post_name":"","sponsored_post_url":"","sponsored_post_logo_enable":"0","sponsored_post_logo":"","sponsored_post_desc":"","disable_ad":"0"},"jnews_primary_category":{"id":"","hide":""},"jnews_social_meta":{"fb_title":"","fb_description":"","fb_image":"","twitter_title":"","twitter_description":"","twitter_image":""},"jnews_review":[],"enable_review":"0","type":"percentage","name":"","summary":"","brand":"","sku":"","good":[{"good_text":""}],"bad":[{"bad_text":""}],"score_override":"","override_value":"","rating":[{"rating_text":"","rating_number":"10"}],"price":[{"shop":"","price":"","link":"","icon":""}],"jnews_override_counter":{"override_view_counter":"0","view_counter_number":"0","override_share_counter":"0","share_counter_number":"0","override_like_counter":"0","like_counter_number":"0","override_dislike_counter":"0","dislike_counter_number":"0"},"jnews_post_split":{"enable_post_split":"0","post_split":[{"template":"1","tag":"h2","numbering":"asc","mode":"normal","first":"0","enable_toc":"0","toc_type":"normal"}]},"footnotes":""},"categories":[58,61],"tags":[44,2054,45,396],"class_list":["post-61415","post","type-post","status-publish","format-standard","has-post-thumbnail","hentry","category-argentina","category-economia","tag-argentina","tag-indec","tag-noticias","tag-pobreza"],"amp_enabled":true,"_links":{"self":[{"href":"https:\/\/esreviral.com\/index.php?rest_route=\/wp\/v2\/posts\/61415"}],"collection":[{"href":"https:\/\/esreviral.com\/index.php?rest_route=\/wp\/v2\/posts"}],"about":[{"href":"https:\/\/esreviral.com\/index.php?rest_route=\/wp\/v2\/types\/post"}],"author":[{"embeddable":true,"href":"https:\/\/esreviral.com\/index.php?rest_route=\/wp\/v2\/users\/2"}],"replies":[{"embeddable":true,"href":"https:\/\/esreviral.com\/index.php?rest_route=%2Fwp%2Fv2%2Fcomments&post=61415"}],"version-history":[{"count":0,"href":"https:\/\/esreviral.com\/index.php?rest_route=\/wp\/v2\/posts\/61415\/revisions"}],"wp:featuredmedia":[{"embeddable":true,"href":"https:\/\/esreviral.com\/index.php?rest_route=\/wp\/v2\/media\/61416"}],"wp:attachment":[{"href":"https:\/\/esreviral.com\/index.php?rest_route=%2Fwp%2Fv2%2Fmedia&parent=61415"}],"wp:term":[{"taxonomy":"category","embeddable":true,"href":"https:\/\/esreviral.com\/index.php?rest_route=%2Fwp%2Fv2%2Fcategories&post=61415"},{"taxonomy":"post_tag","embeddable":true,"href":"https:\/\/esreviral.com\/index.php?rest_route=%2Fwp%2Fv2%2Ftags&post=61415"}],"curies":[{"name":"wp","href":"https:\/\/api.w.org\/{rel}","templated":true}]}}